{"id":128661,"date":"2026-04-26T19:35:31","date_gmt":"2026-04-26T19:35:31","guid":{"rendered":"https:\/\/enfoquenoticioso.com\/?p=128661"},"modified":"2026-04-26T19:35:31","modified_gmt":"2026-04-26T19:35:31","slug":"atletico-confirma-la-baja-de-pablo-barrios","status":"publish","type":"post","link":"https:\/\/enfoquenoticioso.com\/?p=128661","title":{"rendered":"Atl\u00e9tico confirma la baja de Pablo Barrios"},"content":{"rendered":"<div data-td-block-uid=\"tdi_72\">\n<div class=\"tdb-block-inner td-fix-index\">\n<p>El Atl\u00e9tico de Madrid enfrenta un panorama bastante fuerte con la baja de una de sus mejores piezas, Pablo Barrios quien este s\u00e1bado sufri\u00f3 una lesi\u00f3n en el duelo de la jornada 32 de LaLiga.<\/p>\n<p>Seg\u00fan los primeros reportes indican que el jugador sufri\u00f3 una lesi\u00f3n en el b\u00edceps femoral, y lo mantendr\u00e1 fuera de acci\u00f3n para el encuentro de Champions League ante el Arsenal de este mi\u00e9rcoles.<\/p>\n<figure class=\"wp-block-embed is-type-rich is-provider-twitter wp-block-embed-twitter\">\n<div class=\"wp-block-embed__wrapper\">\n<blockquote class=\"twitter-tweet\" data-width=\"550\" data-dnt=\"true\">\n<p lang=\"en\" dir=\"ltr\">\ud83d\udea8 Pablo Barrios will miss both games against Arsenal with muscle injury.<\/p>\n<p>He\u2019d try to recover in case of potential UCL final, reports <a href=\"https:\/\/twitter.com\/marca?ref_src=twsrc%5Etfw\" target=\"_blank\" rel=\"noopener\">@marca<\/a>. \u274c\ud83c\uddea\ud83c\uddf8 <a href=\"https:\/\/t.co\/3wBAPh7Nf4\">pic.twitter.com\/3wBAPh7Nf4<\/a><\/p>\n<p>\u2014 Fabrizio Romano (@FabrizioRomano) <a href=\"https:\/\/twitter.com\/FabrizioRomano\/status\/2048397154780057736?ref_src=twsrc%5Etfw\" target=\"_blank\" rel=\"noopener\">April 26, 2026<\/a><\/p><\/blockquote>\n<\/div>\n<\/figure>\n<p>El club indic\u00f3 en un comunicado en sus redes sociales que: \u00abEl centrocampista madrile\u00f1o se ha sometido a pruebas realizadas por los servicios m\u00e9dicos del club, que han confirmado la lesi\u00f3n\u00bb.<\/p>\n<p>Aunque el club no precis\u00f3 cu\u00e1nto tiempo estar\u00e1 fuera el jugador, la prensa espa\u00f1ola estima que ser\u00e1 un mes de ausencia, aproximadamente.<\/p>\n<p><strong>Lee tambi\u00e9n: <a href=\"http:\/\/Eder Milit\u00e3o sufri\u00f3 reca\u00edda en su antigua lesi\u00f3n\">Eder Milit\u00e3o sufri\u00f3 reca\u00edda en su antigua lesi\u00f3n<\/a><\/strong><\/p>\n<p>\u00abEl \u20188\u2019 rojiblanco realizar\u00e1 tanto sesiones de fisioterapia como trabajo de readaptaci\u00f3n en el gimnasio y la evoluci\u00f3n de su lesi\u00f3n determinar\u00e1 su regreso a la competici\u00f3n\u00bb, se lee en el comunicado del Atl\u00e9tico.<\/p>\n<\/div>\n<\/div>\n<p><script async src=\"\/\/platform.twitter.com\/widgets.js\" charset=\"utf-8\"><\/script><br \/>\n<br \/><a href=\"https:\/\/www.liderendeportes.com\/noticias\/futbol\/futbol-europeo\/atletico-confirma-la-baja-de-pablo-barrios\/\" class=\" target=\" title=\"Atl\u00e9tico confirma la baja de Pablo Barrios\" target=\"_blank\" rel=\"noopener\">Ver fuente<\/a><\/p>\n","protected":false},"excerpt":{"rendered":"<p>El Atl\u00e9tico de Madrid enfrenta un panorama bastante fuerte con la baja de una de sus mejores piezas, Pablo Barrios quien este s\u00e1bado sufri\u00f3 una lesi\u00f3n en el duelo de la jornada 32 de LaLiga. Seg\u00fan los primeros reportes indican que el jugador sufri\u00f3 una lesi\u00f3n en el b\u00edceps femoral, y lo mantendr\u00e1 fuera de [&hellip;]<\/p>\n","protected":false},"author":2,"featured_media":128662,"comment_status":"open","ping_status":"closed","sticky":false,"template":"","format":"standard","meta":{"footnotes":""},"categories":[7],"tags":[],"class_list":["post-128661","post","type-post","status-publish","format-standard","has-post-thumbnail","hentry","category-deporte"],"_links":{"self":[{"href":"https:\/\/enfoquenoticioso.com\/index.php?rest_route=\/wp\/v2\/posts\/128661","targetHints":{"allow":["GET"]}}],"collection":[{"href":"https:\/\/enfoquenoticioso.com\/index.php?rest_route=\/wp\/v2\/posts"}],"about":[{"href":"https:\/\/enfoquenoticioso.com\/index.php?rest_route=\/wp\/v2\/types\/post"}],"author":[{"embeddable":true,"href":"https:\/\/enfoquenoticioso.com\/index.php?rest_route=\/wp\/v2\/users\/2"}],"replies":[{"embeddable":true,"href":"https:\/\/enfoquenoticioso.com\/index.php?rest_route=%2Fwp%2Fv2%2Fcomments&post=128661"}],"version-history":[{"count":0,"href":"https:\/\/enfoquenoticioso.com\/index.php?rest_route=\/wp\/v2\/posts\/128661\/revisions"}],"wp:featuredmedia":[{"embeddable":true,"href":"https:\/\/enfoquenoticioso.com\/index.php?rest_route=\/wp\/v2\/media\/128662"}],"wp:attachment":[{"href":"https:\/\/enfoquenoticioso.com\/index.php?rest_route=%2Fwp%2Fv2%2Fmedia&parent=128661"}],"wp:term":[{"taxonomy":"category","embeddable":true,"href":"https:\/\/enfoquenoticioso.com\/index.php?rest_route=%2Fwp%2Fv2%2Fcategories&post=128661"},{"taxonomy":"post_tag","embeddable":true,"href":"https:\/\/enfoquenoticioso.com\/index.php?rest_route=%2Fwp%2Fv2%2Ftags&post=128661"}],"curies":[{"name":"wp","href":"https:\/\/api.w.org\/{rel}","templated":true}]}}