{"id":128715,"date":"2026-04-27T10:31:01","date_gmt":"2026-04-27T10:31:01","guid":{"rendered":"https:\/\/enfoquenoticioso.com\/?p=128715"},"modified":"2026-04-27T10:31:01","modified_gmt":"2026-04-27T10:31:01","slug":"los-coches-100-electricos-arrasan-en-europa-ya-son-el-20-del-mercado-pero-hay-una-categoria-que-crece-aun-mas","status":"publish","type":"post","link":"https:\/\/enfoquenoticioso.com\/?p=128715","title":{"rendered":"Los coches 100% el\u00e9ctricos arrasan en Europa: ya son el 20% del mercado, pero hay una categor\u00eda que crece a\u00fan m\u00e1s"},"content":{"rendered":"<figure><img loading=\"lazy\" decoding=\"async\" width=\"1024\" height=\"576\" src=\"https:\/\/i0.wp.com\/imgs.hipertextual.com\/wp-content\/uploads\/2026\/04\/tesla-model-3.jpg?fit=1024%2C576&amp;quality=70&amp;strip=all&amp;ssl=1\" class=\"attachment-rss-image-size size-rss-image-size wp-post-image\" alt=\"Tesla Model 3\" \/><\/figure>\n<p>El mercado de los el\u00e9ctricos en Europa, aunque a paso relativamente lento, parece imparable. Seg\u00fan datos del primer trimestre del a\u00f1o, <strong>ya representan casi un 20% del parque m\u00f3vil total<\/strong>, un crecimiento muy importante que se ha visto especialmente impulsado por las ayudas y los incentivos fiscales de los principales pa\u00edses europeos.<\/p>\n<p>Pese a que la electrificaci\u00f3n crece a buen ritmo seg\u00fan <a href=\"https:\/\/www.acea.auto\/pc-registrations\/new-car-registrations-4-in-q1-2026-battery-electric-19-4-market-share\/\" target=\"_blank\" rel=\"noopener\">datos<\/a> de la Asociaci\u00f3n Europea de Fabricantes de Autom\u00f3viles (ACEA), el segmento de mercado que m\u00e1s crece es el de los h\u00edbridos enchufables, que de nuevo este trimestre han vuelto a consolidar su posici\u00f3n en un mercado cada vez m\u00e1s competitivo. No obstante, <strong>el dato m\u00e1s interesante lo deja el de los coches 100% el\u00e9ctricos, que ya representan el 19,4% del total del mercado europeo.<\/strong><\/p>\n<p>Puede parecer un dato menor si tenemos en cuenta lo grande que es el mercado total de coches en Europa, pero el crecimiento del segmento 100% el\u00e9ctrico representa un enorme salto si lo comparamos con el mismo per\u00edodo del a\u00f1o anterior. En este sentido, <strong>la cuota de este tipo de coches ha aumentado un 15,2% respecto al a\u00f1o pasado<\/strong>. Y lo que m\u00e1s interesante: la cuota de mercado combinada de los coches de gasolina y di\u00e9sel descendi\u00f3 al 30,3 %, frente al 38,2 % del primer trimestre de 2025, por lo que queda clara la apuesta del consumidor europeo ante la descarbonizaci\u00f3n del parque m\u00f3vil.<\/p>\n<div id=\"ez-toc-container\" class=\"ez-toc-v2_0_81 counter-hierarchy ez-toc-counter ez-toc-grey ez-toc-container-direction\">\n<div class=\"ez-toc-title-container\">\n<p class=\"ez-toc-title\" style=\"cursor:inherit\">Tabla de Contenido<\/p>\n<span class=\"ez-toc-title-toggle\"><a href=\"#\" class=\"ez-toc-pull-right ez-toc-btn ez-toc-btn-xs ez-toc-btn-default ez-toc-toggle\" aria-label=\"Alternar tabla de contenidos\"><span class=\"ez-toc-js-icon-con\"><span class=\"\"><span class=\"eztoc-hide\" style=\"display:none;\">Toggle<\/span><span class=\"ez-toc-icon-toggle-span\"><svg style=\"fill: #999;color:#999\" xmlns=\"http:\/\/www.w3.org\/2000\/svg\" class=\"list-377408\" width=\"20px\" height=\"20px\" viewBox=\"0 0 24 24\" fill=\"none\"><path d=\"M6 6H4v2h2V6zm14 0H8v2h12V6zM4 11h2v2H4v-2zm16 0H8v2h12v-2zM4 16h2v2H4v-2zm16 0H8v2h12v-2z\" fill=\"currentColor\"><\/path><\/svg><svg style=\"fill: #999;color:#999\" class=\"arrow-unsorted-368013\" xmlns=\"http:\/\/www.w3.org\/2000\/svg\" width=\"10px\" height=\"10px\" viewBox=\"0 0 24 24\" version=\"1.2\" baseProfile=\"tiny\"><path d=\"M18.2 9.3l-6.2-6.3-6.2 6.3c-.2.2-.3.4-.3.7s.1.5.3.7c.2.2.4.3.7.3h11c.3 0 .5-.1.7-.3.2-.2.3-.5.3-.7s-.1-.5-.3-.7zM5.8 14.7l6.2 6.3 6.2-6.3c.2-.2.3-.5.3-.7s-.1-.5-.3-.7c-.2-.2-.4-.3-.7-.3h-11c-.3 0-.5.1-.7.3-.2.2-.3.5-.3.7s.1.5.3.7z\"\/><\/svg><\/span><\/span><\/span><\/a><\/span><\/div>\n<nav><ul class='ez-toc-list ez-toc-list-level-1 ' ><li class='ez-toc-page-1 ez-toc-heading-level-2'><a class=\"ez-toc-link ez-toc-heading-1\" href=\"https:\/\/enfoquenoticioso.com\/?p=128715\/#Los_hibridos_son_los_preferidos_por_los_europeos\" >Los h\u00edbridos son los preferidos por los europeos<\/a><\/li><\/ul><\/nav><\/div>\n<h2 class=\"wp-block-heading\" id=\"h-los-hibridos-son-los-preferidos-por-los-europeos\"><span class=\"ez-toc-section\" id=\"Los_hibridos_son_los_preferidos_por_los_europeos\"><\/span>Los h\u00edbridos son los preferidos por los europeos<span class=\"ez-toc-section-end\"><\/span><\/h2>\n<figure class=\"wp-block-image size-large\"><img decoding=\"async\" data-recalc-dims=\"1\" loading=\"lazy\" width=\"780\" height=\"435\" src=\"https:\/\/i0.wp.com\/imgs.hipertextual.com\/wp-content\/uploads\/2025\/09\/byd-seal-6-dmi-touring-exterior-01-xl-1500x837.jpg?resize=780%2C435&#038;quality=70&#038;strip=all&#038;ssl=1\" alt=\"\" class=\"wp-image-1856546\" \/><\/figure>\n<p>Otro dato interesante que nos deja el primer trimestre del a\u00f1o es que las matriculaciones de coches h\u00edbridos el\u00e9ctricos alcanzaron el 38,6 % del mercado, y es de largo la opci\u00f3n preferida entre los consumidores de la Uni\u00f3n Europea, el paso intermedio hacia la electrificaci\u00f3n total de la flota.<\/p>\n<p>En n\u00fameros, se matricularon 546.937 coches el\u00e9ctricos nuevos el primer trimestre de 2026, aunque no todos los pa\u00edses crecen al mismo ritmo: los m\u00e1s importantes, Italia, con un crecimiento del 65,7%, Francia con un 50,4% y Alemania con un 41,3%. Y en sentido contrario, B\u00e9lgica con una ca\u00edda del -2,3%.<\/p>\n<p>Respecto a los h\u00edbridos en la UE, se han vendido un total de 1.089.421 unidades en este primer trimestre, con Italia a la cabeza (+25,8%), seguida por Espa\u00f1a (+18,5%), Alemania (+7,4%) y Francia (+3,1%). Y similar crecimiento muestran los h\u00edbridos enchufables con 268.344 unidades en los tres primeros meses de 2026, en los que repiten Italia (+110,1%), Espa\u00f1a (+74,2%) y Alemania (+19,3%). En total, los enchufables ya representan el 9,5% de las matriculaciones en la UE, frente al 7,6% del primer trimestre de 2025.<\/p>\n<\/p>\n<p>Seguir leyendo: <a href=\"https:\/\/hipertextual.com\/movilidad\/los-coches-electricos-arrasan-en-europa\/\" target=\"_blank\" rel=\"noopener\">Los coches 100% el\u00e9ctricos arrasan en Europa: ya son el 20% del mercado, pero hay una categor\u00eda que crece a\u00fan m\u00e1s<\/a><\/p>\n<p><a href=\"https:\/\/hipertextual.com\/movilidad\/los-coches-electricos-arrasan-en-europa\/\" class=\" target=\" title=\"Los coches 100% el\u00e9ctricos arrasan en Europa: ya son el 20% del mercado, pero hay una categor\u00eda que crece a\u00fan m\u00e1s\" target=\"_blank\" rel=\"noopener\">Ver fuente<\/a><\/p>\n","protected":false},"excerpt":{"rendered":"<p>El mercado de los el\u00e9ctricos en Europa, aunque a paso relativamente lento, parece imparable. Seg\u00fan datos del primer trimestre del a\u00f1o, ya representan casi un 20% del parque m\u00f3vil total, un crecimiento muy importante que se ha visto especialmente impulsado por las ayudas y los incentivos fiscales de los principales pa\u00edses europeos. Pese a que [&hellip;]<\/p>\n","protected":false},"author":2,"featured_media":128716,"comment_status":"open","ping_status":"closed","sticky":false,"template":"","format":"standard","meta":{"footnotes":""},"categories":[9],"tags":[],"class_list":["post-128715","post","type-post","status-publish","format-standard","has-post-thumbnail","hentry","category-tecnologia"],"_links":{"self":[{"href":"https:\/\/enfoquenoticioso.com\/index.php?rest_route=\/wp\/v2\/posts\/128715","targetHints":{"allow":["GET"]}}],"collection":[{"href":"https:\/\/enfoquenoticioso.com\/index.php?rest_route=\/wp\/v2\/posts"}],"about":[{"href":"https:\/\/enfoquenoticioso.com\/index.php?rest_route=\/wp\/v2\/types\/post"}],"author":[{"embeddable":true,"href":"https:\/\/enfoquenoticioso.com\/index.php?rest_route=\/wp\/v2\/users\/2"}],"replies":[{"embeddable":true,"href":"https:\/\/enfoquenoticioso.com\/index.php?rest_route=%2Fwp%2Fv2%2Fcomments&post=128715"}],"version-history":[{"count":0,"href":"https:\/\/enfoquenoticioso.com\/index.php?rest_route=\/wp\/v2\/posts\/128715\/revisions"}],"wp:featuredmedia":[{"embeddable":true,"href":"https:\/\/enfoquenoticioso.com\/index.php?rest_route=\/wp\/v2\/media\/128716"}],"wp:attachment":[{"href":"https:\/\/enfoquenoticioso.com\/index.php?rest_route=%2Fwp%2Fv2%2Fmedia&parent=128715"}],"wp:term":[{"taxonomy":"category","embeddable":true,"href":"https:\/\/enfoquenoticioso.com\/index.php?rest_route=%2Fwp%2Fv2%2Fcategories&post=128715"},{"taxonomy":"post_tag","embeddable":true,"href":"https:\/\/enfoquenoticioso.com\/index.php?rest_route=%2Fwp%2Fv2%2Ftags&post=128715"}],"curies":[{"name":"wp","href":"https:\/\/api.w.org\/{rel}","templated":true}]}}