{"id":128717,"date":"2026-04-27T11:02:38","date_gmt":"2026-04-27T11:02:38","guid":{"rendered":"https:\/\/enfoquenoticioso.com\/?p=128717"},"modified":"2026-04-27T11:02:38","modified_gmt":"2026-04-27T11:02:38","slug":"fabricado-en-espana-llega-en-2026-y-es-barato-ebro-anuncia-su-primer-coche-100-electrico","status":"publish","type":"post","link":"https:\/\/enfoquenoticioso.com\/?p=128717","title":{"rendered":"Fabricado en Espa\u00f1a, llega en 2026 y es barato: EBRO anuncia su primer coche 100% el\u00e9ctrico"},"content":{"rendered":"<figure><img loading=\"lazy\" decoding=\"async\" width=\"1024\" height=\"648\" src=\"https:\/\/i0.wp.com\/imgs.hipertextual.com\/wp-content\/uploads\/2026\/04\/EBRO.jpg?fit=1024%2C648&amp;quality=70&amp;strip=all&amp;ssl=1\" class=\"attachment-rss-image-size size-rss-image-size wp-post-image\" alt=\"\" \/><\/figure>\n<p>La cada vez m\u00e1s popular EBRO, acaba de anunciar su siguiente movimiento: una apuesta rotunda por la <a href=\"https:\/\/hipertextual.com\/movilidad\/hibrido-o-electrico-diseno-suv-rompedor-y-confirmado-para-espana-el-nuevo-omoda-4-quiere-ser-tu-proximo-coche\/\" target=\"_blank\" rel=\"noopener\">movilidad 100% el\u00e9ctrica<\/a>. La marca espa\u00f1ola, propiedad de la gigantesca <a href=\"https:\/\/hipertextual.com\/movilidad\/chery-fabricara-el-omoda-5-en-barcelona-espana-acoge-su-primer-fabricante-chino-de-coches\/\" target=\"_blank\" rel=\"noopener\">Chery<\/a> (China), ha publicado la primera imagen y algunas caracter\u00edsticas del que ser\u00e1 su primer coche 100% el\u00e9ctrico. Todav\u00eda no tiene nombre ni precio, pero s\u00ed sabemos que <strong>llegar\u00e1 como una opci\u00f3n econ\u00f3mica<\/strong>, pensada para la movilidad interurbana y con una base que ya est\u00e1 triunfando en China. <\/p>\n<p>Y es que, aunque este veh\u00edculo ser\u00e1 el entrante de un men\u00fa el\u00e9ctrico mucho m\u00e1s completo, no se debe tratar como una prueba: el modelo que llega a Espa\u00f1a est\u00e1 basado en el archiconocido <strong>Chery QQ3<\/strong>, un coche compacto del segmento B-SUV que en China se vende como pan caliente gracias a su relaci\u00f3n calidad-precio.<\/p>\n<p>Lo mejor de todo, y cumpliendo con la l\u00ednea de EBRO, es que este primer coche el\u00e9ctrico <strong>estar\u00e1 fabricado en su totalidad en la factor\u00eda que la compa\u00f1\u00eda tiene en Barcelona<\/strong>. Es decir, ser\u00e1 <em>Made in Spain<\/em>, por lo que podr\u00e1 aprovecharse de las ventajas m\u00e1s atractivas de las ayudas del gobierno.<\/p>\n<p>Y, aunque EBRO no ha confirmado detalles del precio, s\u00ed ha declarado que quiere <em>\u00abhacer accesible la movilidad el\u00e9ctrica en el uso cotidiano<\/em>\u00ab. De hecho, echando un vistazo al cat\u00e1logo chino, es indudable que este modelo llegar\u00e1 a Espa\u00f1a como una de esas opciones econ\u00f3micas y atractivas para aquellos que quieran dejar atr\u00e1s los combustibles f\u00f3siles. <\/p>\n<figure class=\"wp-block-gallery alignwide has-nested-images columns-default is-cropped wp-block-gallery-1 is-layout-flex wp-block-gallery-is-layout-flex\">\n<figure class=\"wp-block-image size-large\"><img decoding=\"async\" data-recalc-dims=\"1\" loading=\"lazy\" width=\"780\" height=\"439\" data-id=\"1883198\" src=\"https:\/\/i0.wp.com\/imgs.hipertextual.com\/wp-content\/uploads\/2026\/04\/EBRO-5-1500x844.jpg?resize=780%2C439&#038;quality=70&#038;strip=all&#038;ssl=1\" alt=\"EBRO\" class=\"wp-image-1883198\" \/><\/figure>\n<figure class=\"wp-block-image size-large\"><img decoding=\"async\" data-recalc-dims=\"1\" loading=\"lazy\" width=\"780\" height=\"468\" data-id=\"1883201\" src=\"https:\/\/i0.wp.com\/imgs.hipertextual.com\/wp-content\/uploads\/2026\/04\/EBRO-3-1500x900.jpg?resize=780%2C468&#038;quality=70&#038;strip=all&#038;ssl=1\" alt=\"EBRO\" class=\"wp-image-1883201\" \/><\/figure><figcaption class=\"blocks-gallery-caption wp-element-caption\">Dise\u00f1o del Chery QQ3 en China<\/figcaption><\/figure>\n<div id=\"ez-toc-container\" class=\"ez-toc-v2_0_81 counter-hierarchy ez-toc-counter ez-toc-grey ez-toc-container-direction\">\n<div class=\"ez-toc-title-container\">\n<p class=\"ez-toc-title\" style=\"cursor:inherit\">Tabla de Contenido<\/p>\n<span class=\"ez-toc-title-toggle\"><a href=\"#\" class=\"ez-toc-pull-right ez-toc-btn ez-toc-btn-xs ez-toc-btn-default ez-toc-toggle\" aria-label=\"Alternar tabla de contenidos\"><span class=\"ez-toc-js-icon-con\"><span class=\"\"><span class=\"eztoc-hide\" style=\"display:none;\">Toggle<\/span><span class=\"ez-toc-icon-toggle-span\"><svg style=\"fill: #999;color:#999\" xmlns=\"http:\/\/www.w3.org\/2000\/svg\" class=\"list-377408\" width=\"20px\" height=\"20px\" viewBox=\"0 0 24 24\" fill=\"none\"><path d=\"M6 6H4v2h2V6zm14 0H8v2h12V6zM4 11h2v2H4v-2zm16 0H8v2h12v-2zM4 16h2v2H4v-2zm16 0H8v2h12v-2z\" fill=\"currentColor\"><\/path><\/svg><svg style=\"fill: #999;color:#999\" class=\"arrow-unsorted-368013\" xmlns=\"http:\/\/www.w3.org\/2000\/svg\" width=\"10px\" height=\"10px\" viewBox=\"0 0 24 24\" version=\"1.2\" baseProfile=\"tiny\"><path d=\"M18.2 9.3l-6.2-6.3-6.2 6.3c-.2.2-.3.4-.3.7s.1.5.3.7c.2.2.4.3.7.3h11c.3 0 .5-.1.7-.3.2-.2.3-.5.3-.7s-.1-.5-.3-.7zM5.8 14.7l6.2 6.3 6.2-6.3c.2-.2.3-.5.3-.7s-.1-.5-.3-.7c-.2-.2-.4-.3-.7-.3h-11c-.3 0-.5.1-.7.3-.2.2-.3.5-.3.7s.1.5.3.7z\"\/><\/svg><\/span><\/span><\/span><\/a><\/span><\/div>\n<nav><ul class='ez-toc-list ez-toc-list-level-1 ' ><li class='ez-toc-page-1 ez-toc-heading-level-2'><a class=\"ez-toc-link ez-toc-heading-1\" href=\"https:\/\/enfoquenoticioso.com\/?p=128717\/#Asi_es_el_nuevo_EBRO_100_electrico\" >As\u00ed es el nuevo EBRO 100% el\u00e9ctrico<\/a><\/li><\/ul><\/nav><\/div>\n<h2 class=\"wp-block-heading has-text-align-center\" id=\"h-asi-es-el-nuevo-ebro-100-electrico\"><span class=\"ez-toc-section\" id=\"Asi_es_el_nuevo_EBRO_100_electrico\"><\/span>As\u00ed es el nuevo EBRO 100% el\u00e9ctrico <span class=\"ez-toc-section-end\"><\/span><\/h2>\n<p>M\u00e1s all\u00e1 de la primera fotograf\u00eda, EBRO no ha querido dar demasiadas explicaciones sobre el modelo. La buena noticia es que conocemos su base en China, por lo que ya podemos adelantar ciertos aspectos. El primero, su tama\u00f1o: ser\u00e1 un crossover de <strong>4.195 mm de largo<\/strong>, 1.811 mm de ancho y 1.573 mm de alto. Medidas algo comedidas que la marca relaciona m\u00e1s con el segmento utilitario que con la categor\u00eda B-SUV. <\/p>\n<p>En su interior habr\u00e1 espacio para<strong> 5 plazas<\/strong>, una consola de instrumentos de 8,8 pulgadas y una central de 15,6 pulgadas. Ambas comandadas por un procesador Qualcomm Snapdragon. En el habit\u00e1culo no faltar\u00e1 un cargador inal\u00e1mbrico para smartphones, climatizador bizona y tecnolog\u00eda de asistencia a la conducci\u00f3n con hasta 16 sensores.<\/p>\n<figure class=\"wp-block-gallery alignwide has-nested-images columns-default is-cropped wp-block-gallery-2 is-layout-flex wp-block-gallery-is-layout-flex\">\n<figure class=\"wp-block-image size-large\"><img decoding=\"async\" data-recalc-dims=\"1\" loading=\"lazy\" width=\"780\" height=\"439\" data-id=\"1883202\" src=\"https:\/\/i0.wp.com\/imgs.hipertextual.com\/wp-content\/uploads\/2026\/04\/EBRO-2-1500x844.jpg?resize=780%2C439&#038;quality=70&#038;strip=all&#038;ssl=1\" alt=\"\" class=\"wp-image-1883202\" \/><\/figure>\n<figure class=\"wp-block-image size-large\"><img decoding=\"async\" data-recalc-dims=\"1\" loading=\"lazy\" width=\"780\" height=\"467\" data-id=\"1883200\" src=\"https:\/\/i0.wp.com\/imgs.hipertextual.com\/wp-content\/uploads\/2026\/04\/EBRO-4-1500x899.jpg?resize=780%2C467&#038;quality=70&#038;strip=all&#038;ssl=1\" alt=\"EBRO\" class=\"wp-image-1883200\" \/><\/figure><figcaption class=\"blocks-gallery-caption wp-element-caption\">Dise\u00f1o del Chery QQ3 en China<\/figcaption><\/figure>\n<p><strong>\u00bfY su motorizaci\u00f3n?<\/strong> EBRO ha confirmado que el modelo llegar\u00e1 con un \u00fanico motor de <strong>122 CV<\/strong> ubicado en el eje trasero, as\u00ed como una bater\u00eda que le permitir\u00e1 hacer <strong>cerca de 400 km<\/strong> (no est\u00e1 claro qu\u00e9 ciclo de homologaci\u00f3n han utilizado). La carga en corriente alterna llegar\u00e1 a los 11 kW y en continua se podr\u00e1 pasar del 30 al 80% en unos 20-30 minutos.<\/p>\n<p>No est\u00e1 claro qu\u00e9 capacidad tendr\u00e1 la bater\u00eda de este EBRO 100% el\u00e9ctrico, pero s\u00ed sabemos que en China el Chery QQ3 se comercializa en dos variantes:<strong> 29,48 y 41,28 kWh.<\/strong><\/p>\n<p><strong>\u00bfCu\u00e1ndo llega?<\/strong> EBRO pretende comenzar la fabricaci\u00f3n del modelo antes de finalizar 2026, fecha que podr\u00eda coincidir con la puesta en venta para tener las primeras unidades en carretera para <strong>principios de 2027. <\/strong><\/p>\n<p>Poco a poco iremos conociendo m\u00e1s detalles de la disponibilidad, versiones y lo m\u00e1s importante, el precio de salida.<\/p>\n<p>Seguir leyendo: <a href=\"https:\/\/hipertextual.com\/movilidad\/fabricado-en-espana-llega-en-2026-y-es-barato-ebro-anuncia-su-primer-coche-100-electrico\/\" target=\"_blank\" rel=\"noopener\">Fabricado en Espa\u00f1a, llega en 2026 y es barato: EBRO anuncia su primer coche 100% el\u00e9ctrico<\/a><\/p>\n<p><a href=\"https:\/\/hipertextual.com\/movilidad\/fabricado-en-espana-llega-en-2026-y-es-barato-ebro-anuncia-su-primer-coche-100-electrico\/\" class=\" target=\" title=\"Fabricado en Espa\u00f1a, llega en 2026 y es barato: EBRO anuncia su primer coche 100% el\u00e9ctrico\" target=\"_blank\" rel=\"noopener\">Ver fuente<\/a><\/p>\n","protected":false},"excerpt":{"rendered":"<p>La cada vez m\u00e1s popular EBRO, acaba de anunciar su siguiente movimiento: una apuesta rotunda por la movilidad 100% el\u00e9ctrica. La marca espa\u00f1ola, propiedad de la gigantesca Chery (China), ha publicado la primera imagen y algunas caracter\u00edsticas del que ser\u00e1 su primer coche 100% el\u00e9ctrico. Todav\u00eda no tiene nombre ni precio, pero s\u00ed sabemos que [&hellip;]<\/p>\n","protected":false},"author":2,"featured_media":128718,"comment_status":"open","ping_status":"closed","sticky":false,"template":"","format":"standard","meta":{"footnotes":""},"categories":[9],"tags":[],"class_list":["post-128717","post","type-post","status-publish","format-standard","has-post-thumbnail","hentry","category-tecnologia"],"_links":{"self":[{"href":"https:\/\/enfoquenoticioso.com\/index.php?rest_route=\/wp\/v2\/posts\/128717","targetHints":{"allow":["GET"]}}],"collection":[{"href":"https:\/\/enfoquenoticioso.com\/index.php?rest_route=\/wp\/v2\/posts"}],"about":[{"href":"https:\/\/enfoquenoticioso.com\/index.php?rest_route=\/wp\/v2\/types\/post"}],"author":[{"embeddable":true,"href":"https:\/\/enfoquenoticioso.com\/index.php?rest_route=\/wp\/v2\/users\/2"}],"replies":[{"embeddable":true,"href":"https:\/\/enfoquenoticioso.com\/index.php?rest_route=%2Fwp%2Fv2%2Fcomments&post=128717"}],"version-history":[{"count":0,"href":"https:\/\/enfoquenoticioso.com\/index.php?rest_route=\/wp\/v2\/posts\/128717\/revisions"}],"wp:featuredmedia":[{"embeddable":true,"href":"https:\/\/enfoquenoticioso.com\/index.php?rest_route=\/wp\/v2\/media\/128718"}],"wp:attachment":[{"href":"https:\/\/enfoquenoticioso.com\/index.php?rest_route=%2Fwp%2Fv2%2Fmedia&parent=128717"}],"wp:term":[{"taxonomy":"category","embeddable":true,"href":"https:\/\/enfoquenoticioso.com\/index.php?rest_route=%2Fwp%2Fv2%2Fcategories&post=128717"},{"taxonomy":"post_tag","embeddable":true,"href":"https:\/\/enfoquenoticioso.com\/index.php?rest_route=%2Fwp%2Fv2%2Ftags&post=128717"}],"curies":[{"name":"wp","href":"https:\/\/api.w.org\/{rel}","templated":true}]}}