{"id":128729,"date":"2026-04-27T12:39:32","date_gmt":"2026-04-27T12:39:32","guid":{"rendered":"https:\/\/enfoquenoticioso.com\/?p=128729"},"modified":"2026-04-27T12:39:32","modified_gmt":"2026-04-27T12:39:32","slug":"nina-de-menos-de-dos-anos-jugaba-en-el-patio-y-una-pared-le-cayo-encima","status":"publish","type":"post","link":"https:\/\/enfoquenoticioso.com\/?p=128729","title":{"rendered":"Ni\u00f1a de menos de dos a\u00f1os jugaba en el patio y una pared le cay\u00f3 encima"},"content":{"rendered":"<div>\n<p>La tragedia enluta a una joven familia en el estado Falc\u00f3n, luego de que una ni\u00f1a de aproximadamente a\u00f1o y medio de edad falleciera este domingo, de manera inesperada, cuando jugaba en el patio de su casa y una pared le cay\u00f3 encima.<\/p>\n<p>El hecho ocurri\u00f3 en sector Guayabal en Mene Mauroa donde la infante, identificada como Juanileth Sof\u00eda Chirinos G\u00f3mez, viv\u00eda con sus padres: Emerson Chirinos, de 19 a\u00f1os de edad, y Ana G\u00f3mez, de 24 a\u00f1os.<\/p>\n<p>A pesar de la r\u00e1pida reacci\u00f3n de sus progenitores, quienes la llevaron de urgencia al hospital Doctor R\u00f3mulo Far\u00edas de Mauro, la ni\u00f1a ingreso sin signos vitales al nosocomio, donde se le diagnostic\u00f3\u00a0 un traumatismo craneoencef\u00e1lico cerrado, que le ocasion\u00f3 la muerte.<\/p>\n<p>La Delegaci\u00f3n Municipal de Dabajuro del CICPC asumi\u00f3 las investigaciones del caso. El tr\u00e1gico incidente moviliz\u00f3 a funcionarios del Centro de Coordinaci\u00f3n Policial 16, de Protecci\u00f3n Civil y efectivos de la Guardia Nacional Bolivariana, seg\u00fan rese\u00f1\u00f3 el medio, Noticia al D\u00eda.<\/p>\n<p>Una serie de sucesos fatales han conmocionado a la colectividad zuliana durante el mes de abril de 2026. En distintos eventos que han puesto de relieve la vulnerabilidad de la infancia ante accidentes dom\u00e9sticos y eventos p\u00fablicos, tres ni\u00f1as han perdido la vida, dejando a sus comunidades sumidas en el dolor y la reflexi\u00f3n sobre las medidas de seguridad y prevenci\u00f3n.<\/p>\n<div id=\"ez-toc-container\" class=\"ez-toc-v2_0_81 counter-hierarchy ez-toc-counter ez-toc-grey ez-toc-container-direction\">\n<div class=\"ez-toc-title-container\">\n<p class=\"ez-toc-title\" style=\"cursor:inherit\">Tabla de Contenido<\/p>\n<span class=\"ez-toc-title-toggle\"><a href=\"#\" class=\"ez-toc-pull-right ez-toc-btn ez-toc-btn-xs ez-toc-btn-default ez-toc-toggle\" aria-label=\"Alternar tabla de contenidos\"><span class=\"ez-toc-js-icon-con\"><span class=\"\"><span class=\"eztoc-hide\" style=\"display:none;\">Toggle<\/span><span class=\"ez-toc-icon-toggle-span\"><svg style=\"fill: #999;color:#999\" xmlns=\"http:\/\/www.w3.org\/2000\/svg\" class=\"list-377408\" width=\"20px\" height=\"20px\" viewBox=\"0 0 24 24\" fill=\"none\"><path d=\"M6 6H4v2h2V6zm14 0H8v2h12V6zM4 11h2v2H4v-2zm16 0H8v2h12v-2zM4 16h2v2H4v-2zm16 0H8v2h12v-2z\" fill=\"currentColor\"><\/path><\/svg><svg style=\"fill: #999;color:#999\" class=\"arrow-unsorted-368013\" xmlns=\"http:\/\/www.w3.org\/2000\/svg\" width=\"10px\" height=\"10px\" viewBox=\"0 0 24 24\" version=\"1.2\" baseProfile=\"tiny\"><path d=\"M18.2 9.3l-6.2-6.3-6.2 6.3c-.2.2-.3.4-.3.7s.1.5.3.7c.2.2.4.3.7.3h11c.3 0 .5-.1.7-.3.2-.2.3-.5.3-.7s-.1-.5-.3-.7zM5.8 14.7l6.2 6.3 6.2-6.3c.2-.2.3-.5.3-.7s-.1-.5-.3-.7c-.2-.2-.4-.3-.7-.3h-11c-.3 0-.5.1-.7.3-.2.2-.3.5-.3.7s.1.5.3.7z\"\/><\/svg><\/span><\/span><\/span><\/a><\/span><\/div>\n<nav><ul class='ez-toc-list ez-toc-list-level-1 ' ><li class='ez-toc-page-1 ez-toc-heading-level-3'><a class=\"ez-toc-link ez-toc-heading-1\" href=\"https:\/\/enfoquenoticioso.com\/?p=128729\/#OTRA_TRAGEDIA_EN_SAN_JOSE_DE_PERIJA\" >OTRA TRAGEDIA EN SAN JOS\u00c9 DE PERIJ\u00c1<\/a><\/li><\/ul><\/nav><\/div>\n<h3><span class=\"ez-toc-section\" id=\"OTRA_TRAGEDIA_EN_SAN_JOSE_DE_PERIJA\"><\/span>OTRA TRAGEDIA EN SAN JOS\u00c9 DE PERIJ\u00c1<span class=\"ez-toc-section-end\"><\/span><\/h3>\n<p>Una tragedia similar ocurri\u00f3 el pasado fin de semana en la parroquia San Jos\u00e9 de Perij\u00e1, del municipio Machiques, cuando lo que deb\u00eda ser una tarde de esparcimiento en los denominados \u201cpiques fangueros\u201d termin\u00f3 de manera abrupta cuando un veh\u00edculo perdi\u00f3 el control en la pista de lodo, y arroll\u00f3 a un grupo de espectadores, entre los que se encontraba una ni\u00f1a de apenas\u00a04 a\u00f1os, quien falleci\u00f3 producto del fuerte impacto.<\/p>\n<p>Este suceso levant\u00f3 una fuerte ola de cr\u00edticas sobre la falta de per\u00edmetros de seguridad adecuados en estos eventos deportivos extremos, los cuales atraen a cientos de familias en la regi\u00f3n.<\/p>\n<p>Semanas antes, el 4 de abril, la tragedia toc\u00f3 las puertas de una familia en el municipio Lagunillas. En el sector Los Robles de Ciudad Ojeda, una peque\u00f1a de\u00a02 a\u00f1os\u00a0de edad muri\u00f3 por inmersi\u00f3n tras caer accidentalmente en la piscina de una residencia.<\/p>\n<p>A pesar de los esfuerzos de familiares por socorrerla y trasladarla a un centro asistencial, la menor ingres\u00f3 sin signos vitales. Este hecho record\u00f3 a la poblaci\u00f3n la importancia de la supervisi\u00f3n constante de infantes en \u00e1reas con dep\u00f3sitos de agua o piscinas privadas.<\/p>\n<\/p><\/div>\n<p><a href=\"https:\/\/noticiasaldiayalahora.co\/sucesos\/falcon-nina-de-menos-de-dos-anos-jugaba-en-el-patio-y-una-pared-le-cayo-encima\/\" class=\" target=\" title=\"Ni\u00f1a de menos de dos a\u00f1os jugaba en el patio y una pared le cay\u00f3 encima\" target=\"_blank\" rel=\"noopener\">Ver fuente<\/a><\/p>\n","protected":false},"excerpt":{"rendered":"<p>La tragedia enluta a una joven familia en el estado Falc\u00f3n, luego de que una ni\u00f1a de aproximadamente a\u00f1o y medio de edad falleciera este domingo, de manera inesperada, cuando jugaba en el patio de su casa y una pared le cay\u00f3 encima. El hecho ocurri\u00f3 en sector Guayabal en Mene Mauroa donde la infante, [&hellip;]<\/p>\n","protected":false},"author":2,"featured_media":128730,"comment_status":"open","ping_status":"closed","sticky":false,"template":"","format":"standard","meta":{"footnotes":""},"categories":[5],"tags":[],"class_list":["post-128729","post","type-post","status-publish","format-standard","has-post-thumbnail","hentry","category-sucesos"],"_links":{"self":[{"href":"https:\/\/enfoquenoticioso.com\/index.php?rest_route=\/wp\/v2\/posts\/128729","targetHints":{"allow":["GET"]}}],"collection":[{"href":"https:\/\/enfoquenoticioso.com\/index.php?rest_route=\/wp\/v2\/posts"}],"about":[{"href":"https:\/\/enfoquenoticioso.com\/index.php?rest_route=\/wp\/v2\/types\/post"}],"author":[{"embeddable":true,"href":"https:\/\/enfoquenoticioso.com\/index.php?rest_route=\/wp\/v2\/users\/2"}],"replies":[{"embeddable":true,"href":"https:\/\/enfoquenoticioso.com\/index.php?rest_route=%2Fwp%2Fv2%2Fcomments&post=128729"}],"version-history":[{"count":0,"href":"https:\/\/enfoquenoticioso.com\/index.php?rest_route=\/wp\/v2\/posts\/128729\/revisions"}],"wp:featuredmedia":[{"embeddable":true,"href":"https:\/\/enfoquenoticioso.com\/index.php?rest_route=\/wp\/v2\/media\/128730"}],"wp:attachment":[{"href":"https:\/\/enfoquenoticioso.com\/index.php?rest_route=%2Fwp%2Fv2%2Fmedia&parent=128729"}],"wp:term":[{"taxonomy":"category","embeddable":true,"href":"https:\/\/enfoquenoticioso.com\/index.php?rest_route=%2Fwp%2Fv2%2Fcategories&post=128729"},{"taxonomy":"post_tag","embeddable":true,"href":"https:\/\/enfoquenoticioso.com\/index.php?rest_route=%2Fwp%2Fv2%2Ftags&post=128729"}],"curies":[{"name":"wp","href":"https:\/\/api.w.org\/{rel}","templated":true}]}}