{"id":128731,"date":"2026-04-27T12:43:22","date_gmt":"2026-04-27T12:43:22","guid":{"rendered":"https:\/\/enfoquenoticioso.com\/?p=128731"},"modified":"2026-04-27T12:43:22","modified_gmt":"2026-04-27T12:43:22","slug":"castellano-alvarado-y-delgado-van-al-derby","status":"publish","type":"post","link":"https:\/\/enfoquenoticioso.com\/?p=128731","title":{"rendered":"Castellano, Alvarado y Delgado van al Derby"},"content":{"rendered":"<div data-td-block-uid=\"tdi_72\">\n<div class=\"tdb-block-inner td-fix-index\">\n<p>La h\u00edpica venezolana vuelve a ser protagonista en la escena internacional con la confirmaci\u00f3n de tres de sus representantes para la edici\u00f3n 152 del Kentucky Derby, mismo que tiene como fecha a disputarse el pr\u00f3ximo s\u00e1bado 2 de mayo en Churchill Downs.<\/p>\n<p>Para este 2026, luego del sorteo de puestos de pista realizado este s\u00e1bado 25 de abril, comienza el camino y la espera de saber qui\u00e9n ser\u00e1 el pr\u00f3ximo en llevarse la primera gema de la triple corona estadounidense; los tres venezolanos buscar\u00e1n repetir en el paddock del m\u00edtico recinto h\u00edpico.<\/p>\n<p>Gustavo Delgado y Javier Castellano, quienes ya saben lo que es ganar la prueba al vencer el 2023 con Mage, y quienes de nuevo har\u00e1n yunta en la Carrera de las Rosas, participar\u00e1n con el ejemplar The Puma; tras el sorteo, el purasangre asegur\u00f3 partir por el puesto nueve (9), una posici\u00f3n que le permitir\u00e1 maniobrar en el tr\u00e1fico de los 20 competidores y es ideal para su potente remate.<\/p>\n<p>Por su parte el actual campe\u00f3n del Derby, el barquisimetano Junior Alvarado, quien gan\u00f3 en 2025 con Sovereignty; participar\u00e1 de nuevo con un presentado de Bill Mott, en esta oportunidad ir\u00e1 montado sobre el lomo de Chieff Wallabee.<\/p>\n<p>El pensionado de Mott logr\u00f3 su clasificaci\u00f3n casi que en la \u00faltima fecha y le tocar\u00e1 partir por un dif\u00edcil puesto doce (12).<\/p>\n<p><strong>Leer tambi\u00e9n: <a href=\"https:\/\/www.liderendeportes.com\/noticias\/hipismo\/el-domingo-se-correra-el-gp-latinoamericano-en-lima\/\" target=\"_blank\" rel=\"noopener\">El domingo se correr\u00e1 el GP Latinoamericano en Lima<\/a><\/strong><\/p>\n<div id=\"ez-toc-container\" class=\"ez-toc-v2_0_81 counter-hierarchy ez-toc-counter ez-toc-grey ez-toc-container-direction\">\n<div class=\"ez-toc-title-container\">\n<p class=\"ez-toc-title\" style=\"cursor:inherit\">Tabla de Contenido<\/p>\n<span class=\"ez-toc-title-toggle\"><a href=\"#\" class=\"ez-toc-pull-right ez-toc-btn ez-toc-btn-xs ez-toc-btn-default ez-toc-toggle\" aria-label=\"Alternar tabla de contenidos\"><span class=\"ez-toc-js-icon-con\"><span class=\"\"><span class=\"eztoc-hide\" style=\"display:none;\">Toggle<\/span><span class=\"ez-toc-icon-toggle-span\"><svg style=\"fill: #999;color:#999\" xmlns=\"http:\/\/www.w3.org\/2000\/svg\" class=\"list-377408\" width=\"20px\" height=\"20px\" viewBox=\"0 0 24 24\" fill=\"none\"><path d=\"M6 6H4v2h2V6zm14 0H8v2h12V6zM4 11h2v2H4v-2zm16 0H8v2h12v-2zM4 16h2v2H4v-2zm16 0H8v2h12v-2z\" fill=\"currentColor\"><\/path><\/svg><svg style=\"fill: #999;color:#999\" class=\"arrow-unsorted-368013\" xmlns=\"http:\/\/www.w3.org\/2000\/svg\" width=\"10px\" height=\"10px\" viewBox=\"0 0 24 24\" version=\"1.2\" baseProfile=\"tiny\"><path d=\"M18.2 9.3l-6.2-6.3-6.2 6.3c-.2.2-.3.4-.3.7s.1.5.3.7c.2.2.4.3.7.3h11c.3 0 .5-.1.7-.3.2-.2.3-.5.3-.7s-.1-.5-.3-.7zM5.8 14.7l6.2 6.3 6.2-6.3c.2-.2.3-.5.3-.7s-.1-.5-.3-.7c-.2-.2-.4-.3-.7-.3h-11c-.3 0-.5.1-.7.3-.2.2-.3.5-.3.7s.1.5.3.7z\"\/><\/svg><\/span><\/span><\/span><\/a><\/span><\/div>\n<nav><ul class='ez-toc-list ez-toc-list-level-1 ' ><li class='ez-toc-page-1 ez-toc-heading-level-2'><a class=\"ez-toc-link ez-toc-heading-1\" href=\"https:\/\/enfoquenoticioso.com\/?p=128731\/#Chris_Elliott_lo_logro\" >Chris Elliott lo logr\u00f3<\/a><\/li><\/ul><\/nav><\/div>\n<h2 id=\"chris-elliott-lo-logr\u00f3\" class=\"wp-block-heading\"><span class=\"ez-toc-section\" id=\"Chris_Elliott_lo_logro\"><\/span>Chris Elliott lo logr\u00f3<span class=\"ez-toc-section-end\"><\/span><\/h2>\n<p>El criollo tendr\u00e1 su primera participaci\u00f3n en el Derby con Right to Party, propiedad de Chester Broman, Sr., cupo logrado en en el Wood Memorial Stakes (G2), en Aqueduc; y partir\u00e1 desde el puesto cinco (5).<\/p>\n<\/div>\n<\/div>\n<p><a href=\"https:\/\/www.liderendeportes.com\/noticias\/hipismo\/castellano-alvarado-y-delgado-van-al-derby\/\" class=\" target=\" title=\"Castellano, Alvarado y Delgado van al Derby\" target=\"_blank\" rel=\"noopener\">Ver fuente<\/a><\/p>\n","protected":false},"excerpt":{"rendered":"<p>La h\u00edpica venezolana vuelve a ser protagonista en la escena internacional con la confirmaci\u00f3n de tres de sus representantes para la edici\u00f3n 152 del Kentucky Derby, mismo que tiene como fecha a disputarse el pr\u00f3ximo s\u00e1bado 2 de mayo en Churchill Downs. Para este 2026, luego del sorteo de puestos de pista realizado este s\u00e1bado [&hellip;]<\/p>\n","protected":false},"author":2,"featured_media":128732,"comment_status":"open","ping_status":"closed","sticky":false,"template":"","format":"standard","meta":{"footnotes":""},"categories":[7],"tags":[],"class_list":["post-128731","post","type-post","status-publish","format-standard","has-post-thumbnail","hentry","category-deporte"],"_links":{"self":[{"href":"https:\/\/enfoquenoticioso.com\/index.php?rest_route=\/wp\/v2\/posts\/128731","targetHints":{"allow":["GET"]}}],"collection":[{"href":"https:\/\/enfoquenoticioso.com\/index.php?rest_route=\/wp\/v2\/posts"}],"about":[{"href":"https:\/\/enfoquenoticioso.com\/index.php?rest_route=\/wp\/v2\/types\/post"}],"author":[{"embeddable":true,"href":"https:\/\/enfoquenoticioso.com\/index.php?rest_route=\/wp\/v2\/users\/2"}],"replies":[{"embeddable":true,"href":"https:\/\/enfoquenoticioso.com\/index.php?rest_route=%2Fwp%2Fv2%2Fcomments&post=128731"}],"version-history":[{"count":0,"href":"https:\/\/enfoquenoticioso.com\/index.php?rest_route=\/wp\/v2\/posts\/128731\/revisions"}],"wp:featuredmedia":[{"embeddable":true,"href":"https:\/\/enfoquenoticioso.com\/index.php?rest_route=\/wp\/v2\/media\/128732"}],"wp:attachment":[{"href":"https:\/\/enfoquenoticioso.com\/index.php?rest_route=%2Fwp%2Fv2%2Fmedia&parent=128731"}],"wp:term":[{"taxonomy":"category","embeddable":true,"href":"https:\/\/enfoquenoticioso.com\/index.php?rest_route=%2Fwp%2Fv2%2Fcategories&post=128731"},{"taxonomy":"post_tag","embeddable":true,"href":"https:\/\/enfoquenoticioso.com\/index.php?rest_route=%2Fwp%2Fv2%2Ftags&post=128731"}],"curies":[{"name":"wp","href":"https:\/\/api.w.org\/{rel}","templated":true}]}}