{"id":128733,"date":"2026-04-27T12:45:51","date_gmt":"2026-04-27T12:45:51","guid":{"rendered":"https:\/\/enfoquenoticioso.com\/?p=128733"},"modified":"2026-04-27T12:45:51","modified_gmt":"2026-04-27T12:45:51","slug":"american-airlines-habilita-segunda-frecuencia-de-vuelos-entre-miami-y-caracas","status":"publish","type":"post","link":"https:\/\/enfoquenoticioso.com\/?p=128733","title":{"rendered":"American Airlines habilita segunda frecuencia de vuelos entre Miami y Caracas"},"content":{"rendered":"<div id=\"post-583975\">&#13;<br \/>\n\t\t\t&#13;<\/p>\n<div class=\"entry-thumbnail\">\n<img loading=\"lazy\" width=\"750\" height=\"375\" src=\"https:\/\/noticiasaldiayalahora.co\/wp-content\/uploads\/2026\/04\/American-Airlines.jpg\" class=\"attachment-content-single size-content-single wp-post-image\" alt=\"\" decoding=\"async\" srcset=\"https:\/\/noticiasaldiayalahora.co\/wp-content\/uploads\/2026\/04\/American-Airlines.jpg 750w, https:\/\/noticiasaldiayalahora.co\/wp-content\/uploads\/2026\/04\/American-Airlines-300x150.jpg 300w\" sizes=\"auto, (max-width: 750px) 100vw, 750px\"\/><\/div>\n<p>\t&#13;<\/p>\n<div class=\"advertisement\">\n<div class=\"sb-widget post-ad\">\n<p style=\"font-size: 10px; color: #999; margin: 0 0 10px 0; text-transform: uppercase; font-family: sans-serif;\">Publicidad \/ Contenido Patrocinado<\/p>\n<\/div><\/div>\n<p>&#13;<\/p>\n<p class=\"entry-meta\">\n<span class=\"entry-meta-author vcard author\">Por: <a class=\"fn\" href=\"https:\/\/noticiasaldiayalahora.co\/author\/redaccion\/\" target=\"_blank\" rel=\"noopener\">Redacci\u00f3n Noticias al Dia y a la Hora<\/a><\/span><br \/>\n<span class=\"entry-meta-date updated\">27 abril, 2026<\/span>\n<\/p>\n<p>\t&#13;<\/p>\n<div class=\"entry-content clearfix\">\n<p>American Airlines incorporar\u00e1 una segunda frecuencia de vuelos en la ruta entre Estados Unidos y Venezuela desde el pr\u00f3ximo 22 de mayo de 2026, en medio del proceso de reactivaci\u00f3n progresiva de sus operaciones entre Miami y Caracas.<\/p>\n<p>De acuerdo con lo revisado por El Cooperante en el portal oficial de la aerol\u00ednea, ya aparecen reflejadas dos frecuencias disponibles para la misma fecha. La primera est\u00e1 programada para las 1:00 p.m. desde Miami, con llegada a Caracas a las 4:34 p.m.; mientras que la segunda salida est\u00e1 prevista para las 2:40 p.m., arribando a las 6:13 p.m.<\/p>\n<p>En la misma plataforma se observa que los precios de los boletos var\u00edan seg\u00fan la clase y la disponibilidad, con tarifas que oscilan entre 1.046 d\u00f3lares en la categor\u00eda \u00abprincipal\u00bb hasta 3.125 d\u00f3lares en las opciones de cabina superior, incluyendo \u201cpremium\u201d.<\/p>\n<p>La ampliaci\u00f3n de frecuencias se produce semanas despu\u00e9s de que la aerol\u00ednea iniciara la reactivaci\u00f3n de la ruta Miami\u2013Caracas, prevista originalmente para el 30 de abril de 2026, con un vuelo diario sin escalas operado por su subsidiaria Envoy Air, utilizando aeronaves Embraer 175.<\/p>\n<p>American Airlines suspendi\u00f3 sus vuelos hacia Venezuela en 2019, en medio de tensiones pol\u00edticas y restricciones operativas. Su retorno en 2026 marca la reactivaci\u00f3n de una de sus rutas hist\u00f3ricas en la regi\u00f3n, vigente desde 1987, y que conecta a Caracas con uno de los principales hubs a\u00e9reos de Latinoam\u00e9rica en Miami.<\/p>\n<figure class=\"wp-block-image size-large\"><img loading=\"lazy\" decoding=\"async\" class=\"wp-image-1093265 lazyautosizes lazyloaded\" sizes=\"auto, 820px\" srcset=\"https:\/\/elcooperante.com\/wp-content\/uploads\/2026\/04\/Captura-de-pantalla-2026-04-26-154921-1024x605.png.webp 1024w, https:\/\/elcooperante.com\/wp-content\/uploads\/2026\/04\/Captura-de-pantalla-2026-04-26-154921-300x177.png.webp 300w, https:\/\/elcooperante.com\/wp-content\/uploads\/2026\/04\/Captura-de-pantalla-2026-04-26-154921-150x89.png.webp 150w, https:\/\/elcooperante.com\/wp-content\/uploads\/2026\/04\/Captura-de-pantalla-2026-04-26-154921-18x12.png.webp 18w, https:\/\/elcooperante.com\/wp-content\/uploads\/2026\/04\/Captura-de-pantalla-2026-04-26-154921.png.webp 1321w\" alt=\"\" width=\"1024\" height=\"605\" src=\"https:\/\/elcooperante.com\/wp-content\/uploads\/2026\/04\/Captura-de-pantalla-2026-04-26-154921-1024x605.png.webp\" data-sizes=\"auto\" data-eio-rwidth=\"1024\" data-eio-rheight=\"605\" src-webp=\"https:\/\/elcooperante.com\/wp-content\/uploads\/2026\/04\/Captura-de-pantalla-2026-04-26-154921-1024x605.png.webp\" srcset-webp=\"https:\/\/elcooperante.com\/wp-content\/uploads\/2026\/04\/Captura-de-pantalla-2026-04-26-154921-1024x605.png.webp 1024w, https:\/\/elcooperante.com\/wp-content\/uploads\/2026\/04\/Captura-de-pantalla-2026-04-26-154921-300x177.png.webp 300w, https:\/\/elcooperante.com\/wp-content\/uploads\/2026\/04\/Captura-de-pantalla-2026-04-26-154921-150x89.png.webp 150w, https:\/\/elcooperante.com\/wp-content\/uploads\/2026\/04\/Captura-de-pantalla-2026-04-26-154921-18x12.png.webp 18w, https:\/\/elcooperante.com\/wp-content\/uploads\/2026\/04\/Captura-de-pantalla-2026-04-26-154921.png.webp 1321w\"\/><\/figure>\n<\/p><\/div>\n<p>\t&#13;<br \/>\n&#13;<br \/>\n\t<!-- Taboola Below Article con Etiqueta -->&#13;<\/p>\n<div style=\"margin-top: 20px;\">\n<p style=\"font-size: 10px; color: #999; margin: 0 0 5px 0; text-transform: uppercase; font-family: sans-serif;\">Contenido Patrocinado \/ Recomendado para ti<\/p>\n<\/p><\/div>\n<p>&#13;<br \/>\n&#13;<br \/>\n\t\t&#13;\n<\/p><\/div>\n<p><a href=\"https:\/\/noticiasaldiayalahora.co\/internacionales\/american-airlines-habilita-segunda-frecuencia-de-vuelos-entre-miami-y-caracas\/\" class=\" target=\" title=\"American Airlines habilita segunda frecuencia de vuelos entre Miami y Caracas\" target=\"_blank\" rel=\"noopener\">Ver fuente<\/a><\/p>\n","protected":false},"excerpt":{"rendered":"<p>&#13; &#13; &#13; Publicidad \/ Contenido Patrocinado &#13; Por: Redacci\u00f3n Noticias al Dia y a la Hora 27 abril, 2026 &#13; American Airlines incorporar\u00e1 una segunda frecuencia de vuelos en la ruta entre Estados Unidos y Venezuela desde el pr\u00f3ximo 22 de mayo de 2026, en medio del proceso de reactivaci\u00f3n progresiva de sus operaciones [&hellip;]<\/p>\n","protected":false},"author":2,"featured_media":128734,"comment_status":"open","ping_status":"closed","sticky":false,"template":"","format":"standard","meta":{"footnotes":""},"categories":[6],"tags":[],"class_list":["post-128733","post","type-post","status-publish","format-standard","has-post-thumbnail","hentry","category-internacionales"],"_links":{"self":[{"href":"https:\/\/enfoquenoticioso.com\/index.php?rest_route=\/wp\/v2\/posts\/128733","targetHints":{"allow":["GET"]}}],"collection":[{"href":"https:\/\/enfoquenoticioso.com\/index.php?rest_route=\/wp\/v2\/posts"}],"about":[{"href":"https:\/\/enfoquenoticioso.com\/index.php?rest_route=\/wp\/v2\/types\/post"}],"author":[{"embeddable":true,"href":"https:\/\/enfoquenoticioso.com\/index.php?rest_route=\/wp\/v2\/users\/2"}],"replies":[{"embeddable":true,"href":"https:\/\/enfoquenoticioso.com\/index.php?rest_route=%2Fwp%2Fv2%2Fcomments&post=128733"}],"version-history":[{"count":0,"href":"https:\/\/enfoquenoticioso.com\/index.php?rest_route=\/wp\/v2\/posts\/128733\/revisions"}],"wp:featuredmedia":[{"embeddable":true,"href":"https:\/\/enfoquenoticioso.com\/index.php?rest_route=\/wp\/v2\/media\/128734"}],"wp:attachment":[{"href":"https:\/\/enfoquenoticioso.com\/index.php?rest_route=%2Fwp%2Fv2%2Fmedia&parent=128733"}],"wp:term":[{"taxonomy":"category","embeddable":true,"href":"https:\/\/enfoquenoticioso.com\/index.php?rest_route=%2Fwp%2Fv2%2Fcategories&post=128733"},{"taxonomy":"post_tag","embeddable":true,"href":"https:\/\/enfoquenoticioso.com\/index.php?rest_route=%2Fwp%2Fv2%2Ftags&post=128733"}],"curies":[{"name":"wp","href":"https:\/\/api.w.org\/{rel}","templated":true}]}}