{"id":128735,"date":"2026-04-27T13:10:06","date_gmt":"2026-04-27T13:10:06","guid":{"rendered":"https:\/\/enfoquenoticioso.com\/?p=128735"},"modified":"2026-04-27T13:10:06","modified_gmt":"2026-04-27T13:10:06","slug":"se-elevan-a-10-los-fallecidos-en-el-vuelco-de-autobus","status":"publish","type":"post","link":"https:\/\/enfoquenoticioso.com\/?p=128735","title":{"rendered":"Se elevan a 10 los fallecidos en el vuelco de autob\u00fas"},"content":{"rendered":"<div id=\"post-583985\">&#13;<br \/>\n\t\t\t&#13;<\/p>\n<div class=\"entry-thumbnail\">\n<img loading=\"lazy\" width=\"696\" height=\"372\" src=\"https:\/\/noticiasaldiayalahora.co\/wp-content\/uploads\/2026\/04\/Morgue-Santo-Domingo.png\" class=\"attachment-content-single size-content-single wp-post-image\" alt=\"\" decoding=\"async\" srcset=\"https:\/\/noticiasaldiayalahora.co\/wp-content\/uploads\/2026\/04\/Morgue-Santo-Domingo.png 696w, https:\/\/noticiasaldiayalahora.co\/wp-content\/uploads\/2026\/04\/Morgue-Santo-Domingo-300x160.png 300w\" sizes=\"auto, (max-width: 696px) 100vw, 696px\"\/><\/div>\n<p>\t&#13;<\/p>\n<div class=\"advertisement\">\n<div class=\"sb-widget post-ad\">\n<p style=\"font-size: 10px; color: #999; margin: 0 0 10px 0; text-transform: uppercase; font-family: sans-serif;\">Publicidad \/ Contenido Patrocinado<\/p>\n<\/div><\/div>\n<p>&#13;<\/p>\n<p class=\"entry-meta\">\n<span class=\"entry-meta-author vcard author\">Por: <a class=\"fn\" href=\"https:\/\/noticiasaldiayalahora.co\/author\/redaccion\/\" target=\"_blank\" rel=\"noopener\">Redacci\u00f3n Noticias al Dia y a la Hora<\/a><\/span><br \/>\n<span class=\"entry-meta-date updated\">27 abril, 2026<\/span>\n<\/p>\n<p>\t&#13;<\/p>\n<div class=\"entry-content clearfix\">\n<p data-start=\"0\" data-end=\"385\">Las labores de rescate en el sitio del accidente de autob\u00fas ocurrido en la carretera nacional M\u00e9rida-Barinas fueron suspendidas la tarde de este domingo, tras una segunda jornada de intensas maniobras por parte de los organismos de seguridad y protecci\u00f3n civil.<\/p>\n<p data-start=\"0\" data-end=\"385\">Las autoridades informaron que las operaciones se reanudar\u00e1n a primera hora del lunes para completar las tareas pendientes, en relaci\u00f3n con el vuelco del autob\u00fas en la carretera Trasandina, sector La Campana, municipio Cardenal Quintero (Santo Domingo), en M\u00e9rida, cerca del l\u00edmite con Barinas.<\/p>\n<p data-start=\"387\" data-end=\"561\">De acuerdo con el balance oficial, hasta el cierre de esta edici\u00f3n han sido localizados 10 cuerpos: dos recuperados el s\u00e1bado y otros ocho durante la jornada de este domingo.<\/p>\n<p data-start=\"563\" data-end=\"877\">Las autoridades lograron identificar plenamente a nueve de las v\u00edctimas: Germ\u00e1n Altuve, quien se desempe\u00f1aba como chofer de la unidad; Yosman Alexander Toro Araque; Rafael Jos\u00e9 Saavedra V\u00e1squez; Yasmin Coromoto D\u00edaz; Kleiver Contreras; Edilia Rinc\u00f3n Molina; Rosa Bencomo; Germ\u00e1n Ramos Altuve y C\u00e9sar Urbano Rangel, reporta la emisora Neblina 105 FM.<\/p>\n<p data-start=\"879\" data-end=\"1095\">En el lugar del siniestro tambi\u00e9n fue ubicado, pero a\u00fan no ha sido rescatado, el cuerpo de Giorian Jes\u00fas Rojas. Asimismo, se inform\u00f3 que de la ciudadana Liz Cuellar solo han sido halladas sus pertenencias personales.<\/p>\n<p data-start=\"1097\" data-end=\"1279\">El accidente dej\u00f3 adem\u00e1s tres personas heridas, quienes permanecen bajo atenci\u00f3n m\u00e9dica. Se trata de Orlando Jos\u00e9 Paredes, Yasmiria Coromoto Garc\u00eda Perozo y Luis Beltr\u00e1n Pe\u00f1a D\u00e1vila.<\/p>\n<p data-start=\"1281\" data-end=\"1450\" data-is-last-node=\"\" data-is-only-node=\"\">Por otra parte, un cuerpo permanece sin identificar en la sede del Servicio Nacional de Medicina y Ciencias Forenses (Senamecf), ubicada en el Hospital de Santo Domingo.<\/p>\n<\/p><\/div>\n<p>\t&#13;<br \/>\n&#13;<br \/>\n\t<!-- Taboola Below Article con Etiqueta -->&#13;<\/p>\n<div style=\"margin-top: 20px;\">\n<p style=\"font-size: 10px; color: #999; margin: 0 0 5px 0; text-transform: uppercase; font-family: sans-serif;\">Contenido Patrocinado \/ Recomendado para ti<\/p>\n<\/p><\/div>\n<p>&#13;<br \/>\n&#13;<br \/>\n\t\t&#13;\n<\/p><\/div>\n<p><a href=\"https:\/\/noticiasaldiayalahora.co\/sucesos\/merida-se-elevan-a-10-los-fallecidos-en-el-vuelco-de-autobus\/\" class=\" target=\" title=\"Se elevan a 10 los fallecidos en el vuelco de autob\u00fas\" target=\"_blank\" rel=\"noopener\">Ver fuente<\/a><\/p>\n","protected":false},"excerpt":{"rendered":"<p>&#13; &#13; &#13; Publicidad \/ Contenido Patrocinado &#13; Por: Redacci\u00f3n Noticias al Dia y a la Hora 27 abril, 2026 &#13; Las labores de rescate en el sitio del accidente de autob\u00fas ocurrido en la carretera nacional M\u00e9rida-Barinas fueron suspendidas la tarde de este domingo, tras una segunda jornada de intensas maniobras por parte de [&hellip;]<\/p>\n","protected":false},"author":2,"featured_media":128736,"comment_status":"open","ping_status":"closed","sticky":false,"template":"","format":"standard","meta":{"footnotes":""},"categories":[5],"tags":[],"class_list":["post-128735","post","type-post","status-publish","format-standard","has-post-thumbnail","hentry","category-sucesos"],"_links":{"self":[{"href":"https:\/\/enfoquenoticioso.com\/index.php?rest_route=\/wp\/v2\/posts\/128735","targetHints":{"allow":["GET"]}}],"collection":[{"href":"https:\/\/enfoquenoticioso.com\/index.php?rest_route=\/wp\/v2\/posts"}],"about":[{"href":"https:\/\/enfoquenoticioso.com\/index.php?rest_route=\/wp\/v2\/types\/post"}],"author":[{"embeddable":true,"href":"https:\/\/enfoquenoticioso.com\/index.php?rest_route=\/wp\/v2\/users\/2"}],"replies":[{"embeddable":true,"href":"https:\/\/enfoquenoticioso.com\/index.php?rest_route=%2Fwp%2Fv2%2Fcomments&post=128735"}],"version-history":[{"count":0,"href":"https:\/\/enfoquenoticioso.com\/index.php?rest_route=\/wp\/v2\/posts\/128735\/revisions"}],"wp:featuredmedia":[{"embeddable":true,"href":"https:\/\/enfoquenoticioso.com\/index.php?rest_route=\/wp\/v2\/media\/128736"}],"wp:attachment":[{"href":"https:\/\/enfoquenoticioso.com\/index.php?rest_route=%2Fwp%2Fv2%2Fmedia&parent=128735"}],"wp:term":[{"taxonomy":"category","embeddable":true,"href":"https:\/\/enfoquenoticioso.com\/index.php?rest_route=%2Fwp%2Fv2%2Fcategories&post=128735"},{"taxonomy":"post_tag","embeddable":true,"href":"https:\/\/enfoquenoticioso.com\/index.php?rest_route=%2Fwp%2Fv2%2Ftags&post=128735"}],"curies":[{"name":"wp","href":"https:\/\/api.w.org\/{rel}","templated":true}]}}