{"id":128747,"date":"2026-04-27T14:40:39","date_gmt":"2026-04-27T14:40:39","guid":{"rendered":"https:\/\/enfoquenoticioso.com\/?p=128747"},"modified":"2026-04-27T14:40:39","modified_gmt":"2026-04-27T14:40:39","slug":"el-iphone-ultra-al-descubierto-se-ha-filtrado-el-detalle-mas-importante-de-su-diseno","status":"publish","type":"post","link":"https:\/\/enfoquenoticioso.com\/?p=128747","title":{"rendered":"El iPhone Ultra al descubierto: se ha filtrado el detalle m\u00e1s importante de su dise\u00f1o"},"content":{"rendered":"<figure><img loading=\"lazy\" decoding=\"async\" width=\"1024\" height=\"648\" src=\"https:\/\/i0.wp.com\/imgs.hipertextual.com\/wp-content\/uploads\/2026\/04\/iphone-ultra.jpg?fit=1024%2C648&amp;quality=70&amp;strip=all&amp;ssl=1\" class=\"attachment-rss-image-size size-rss-image-size wp-post-image\" alt=\"\" \/><\/figure>\n<p>\u00bfEs la primera vez que escuchas hablar del <a href=\"https:\/\/hipertextual.com\/tecnologia\/el-proximo-iphone-es-tan-diferente-que-hasta-estrena-nombre-iphone-ultra\/\" target=\"_blank\" rel=\"noopener\">iPhone Ultra<\/a>? Bueno, este es, supuestamente, el nombre que habr\u00eda elegido <a href=\"https:\/\/hipertextual.com\/apple\/\" target=\"_blank\" rel=\"noopener\">Apple<\/a> para anunciar su m\u00f3vil plegable. Lleva varios meses filtr\u00e1ndose, y entre lo m\u00e1s destacable, podemos contarte que se lanzar\u00eda en septiembre junto con toda la serie <a href=\"https:\/\/hipertextual.com\/apple\/apple-ya-tiene-el-arma-secreta-para-que-los-iphone-18-sean-un-exito\/\" target=\"_blank\" rel=\"noopener\">iPhone 18<\/a>. Hoy llega otro dato de los interesantes que nos permiten hacernos una mejor idea de c\u00f3mo ser\u00e1 este dispositivo plegable de Apple. <\/p>\n<p>\u00bfQu\u00e9 es lo que se ha filtrado hoy? El supuesto <strong>grosor del iPhone Ultra<\/strong>, los colores disponibles y un nuevo boceto que vuelve a confirmar el dise\u00f1o tipo libro con un formato cuando est\u00e1 plegado bastante curioso. Seg\u00fan el usuario <a href=\"https:\/\/m.blog.naver.com\/yeux1122\/224264455870\" target=\"_blank\" rel=\"noopener\"><em>yeux1122<\/em><\/a>, el dispositivo llegar\u00e1 en dos colores: <strong>negro y plateado<\/strong>. Cero sorpresas aqu\u00ed: es lo que ya se hab\u00eda filtrado.<\/p>\n<p>Ahora bien, el <em>grosso<\/em> de la filtraci\u00f3n est\u00e1, nunca mejor dicho, en el grosor del dispositivo. Seg\u00fan la fuente citada, el iPhone Ultra medir\u00e1 <strong>9,23 mm <\/strong>cuando est\u00e1 plegado. En su parte m\u00e1s gruesa llegar\u00e1 hasta los <strong>13 mm<\/strong>, coincidiendo con el m\u00f3dulo de c\u00e1mara. Los datos son m\u00e1s esperanzadores que los anteriores, donde se situaba el grosor en torno a los 9,6 mm. <\/p>\n<p>Un c\u00e1lculo sencillo nos permite adelantar el grosor del dispositivo cuando est\u00e1 desplegado: unos<strong> 4,6 mm<\/strong>. Incluso m\u00e1s fino que el actual <a href=\"https:\/\/hipertextual.com\/apple\/apple-presenta-el-ipad-pro-m5-una-potencia-descomunal-para-quien-sea-que-la-necesite\/\" target=\"_blank\" rel=\"noopener\">iPad Pro <\/a>o un mil\u00edmetro m\u00e1s delgado que el <a href=\"https:\/\/hipertextual.com\/apple\/iphone-air-apple-habria-recortado-drasticamente-fabricacion\/\" target=\"_blank\" rel=\"noopener\">iPhone Air<\/a>.<\/p>\n<figure class=\"wp-block-image alignwide size-large\"><img loading=\"lazy\" decoding=\"async\" data-recalc-dims=\"1\" width=\"780\" height=\"405\" src=\"https:\/\/i0.wp.com\/imgs.hipertextual.com\/wp-content\/uploads\/2025\/12\/iphone-plegable2-1500x779.jpg?resize=780%2C405&#038;quality=70&#038;strip=all&#038;ssl=1\" alt=\"iPhone Ultra\" class=\"wp-image-1869394\" \/><\/figure>\n<div id=\"ez-toc-container\" class=\"ez-toc-v2_0_81 counter-hierarchy ez-toc-counter ez-toc-grey ez-toc-container-direction\">\n<div class=\"ez-toc-title-container\">\n<p class=\"ez-toc-title\" style=\"cursor:inherit\">Tabla de Contenido<\/p>\n<span class=\"ez-toc-title-toggle\"><a href=\"#\" class=\"ez-toc-pull-right ez-toc-btn ez-toc-btn-xs ez-toc-btn-default ez-toc-toggle\" aria-label=\"Alternar tabla de contenidos\"><span class=\"ez-toc-js-icon-con\"><span class=\"\"><span class=\"eztoc-hide\" style=\"display:none;\">Toggle<\/span><span class=\"ez-toc-icon-toggle-span\"><svg style=\"fill: #999;color:#999\" xmlns=\"http:\/\/www.w3.org\/2000\/svg\" class=\"list-377408\" width=\"20px\" height=\"20px\" viewBox=\"0 0 24 24\" fill=\"none\"><path d=\"M6 6H4v2h2V6zm14 0H8v2h12V6zM4 11h2v2H4v-2zm16 0H8v2h12v-2zM4 16h2v2H4v-2zm16 0H8v2h12v-2z\" fill=\"currentColor\"><\/path><\/svg><svg style=\"fill: #999;color:#999\" class=\"arrow-unsorted-368013\" xmlns=\"http:\/\/www.w3.org\/2000\/svg\" width=\"10px\" height=\"10px\" viewBox=\"0 0 24 24\" version=\"1.2\" baseProfile=\"tiny\"><path d=\"M18.2 9.3l-6.2-6.3-6.2 6.3c-.2.2-.3.4-.3.7s.1.5.3.7c.2.2.4.3.7.3h11c.3 0 .5-.1.7-.3.2-.2.3-.5.3-.7s-.1-.5-.3-.7zM5.8 14.7l6.2 6.3 6.2-6.3c.2-.2.3-.5.3-.7s-.1-.5-.3-.7c-.2-.2-.4-.3-.7-.3h-11c-.3 0-.5.1-.7.3-.2.2-.3.5-.3.7s.1.5.3.7z\"\/><\/svg><\/span><\/span><\/span><\/a><\/span><\/div>\n<nav><ul class='ez-toc-list ez-toc-list-level-1 ' ><li class='ez-toc-page-1 ez-toc-heading-level-2'><a class=\"ez-toc-link ez-toc-heading-1\" href=\"https:\/\/enfoquenoticioso.com\/?p=128747\/#%C2%BFDonde_deja_esto_al_iPhone_Ultra_respecto_a_la_competencia\" >\u00bfD\u00f3nde deja esto al iPhone Ultra respecto a la competencia?<\/a><\/li><\/ul><\/nav><\/div>\n<h2 class=\"wp-block-heading has-text-align-center\" id=\"h-donde-deja-esto-al-iphone-ultra-respecto-a-la-competencia\"><span class=\"ez-toc-section\" id=\"%C2%BFDonde_deja_esto_al_iPhone_Ultra_respecto_a_la_competencia\"><\/span>\u00bfD\u00f3nde deja esto al iPhone Ultra respecto a la competencia?<span class=\"ez-toc-section-end\"><\/span><\/h2>\n<p><strong>Bien y mal a la vez.<\/strong> Si bien Apple no conseguir\u00e1 batir a su competencia directa, es un hito bastante memorable que en su primer dispositivo plegable llegue a tales cifras. Un iPhone Ultra de 9,23 mm estar\u00eda dentro de lo mejor del a\u00f1o, y aunque se queda lejos de los <strong>8,9 mm de Oppo o Samsung<\/strong>, la diferencia podr\u00eda ser inapreciable por culpa de su dise\u00f1o m\u00e1s cuadrado. <\/p>\n<p>Adem\u00e1s, aunque la fuente de la filtraci\u00f3n no lo comenta, utilizando las dimensiones del boceto es posible conocer el tama\u00f1o aproximado de la pantalla interior: <strong>unas 8,1 pulgadas<\/strong>, muy similar a lo que ofrecen Samsung, Oppo o Huawei actualmente en sus m\u00f3viles plegables.<\/p>\n<p>\u00bfDe d\u00f3nde sale esta informaci\u00f3n? Proviene de una fuente bastante fiable: una empresa que fabrica carcasas, fundas y accesorios para la propia Apple en China. Esto no quiere decir que puedas fiarte al 100% de lo que hemos hablado hoy, pero se acerca bastante a lo que esper\u00e1bamos del iPhone Ultra y se aleja de las cifras r\u00e9cord o los dise\u00f1os imposibles que se han estado viendo durante las \u00faltimas semanas. <\/p>\n<p>Seguir leyendo: <a href=\"https:\/\/hipertextual.com\/apple\/el-iphone-ultra-al-descubierto-se-ha-filtrado-el-detalle-mas-importante-de-su-diseno\/\" target=\"_blank\" rel=\"noopener\">El iPhone Ultra al descubierto: se ha filtrado el detalle m\u00e1s importante de su dise\u00f1o<\/a><\/p>\n<p><a href=\"https:\/\/hipertextual.com\/apple\/el-iphone-ultra-al-descubierto-se-ha-filtrado-el-detalle-mas-importante-de-su-diseno\/\" class=\" target=\" title=\"El iPhone Ultra al descubierto: se ha filtrado el detalle m\u00e1s importante de su dise\u00f1o\" target=\"_blank\" rel=\"noopener\">Ver fuente<\/a><\/p>\n","protected":false},"excerpt":{"rendered":"<p>\u00bfEs la primera vez que escuchas hablar del iPhone Ultra? Bueno, este es, supuestamente, el nombre que habr\u00eda elegido Apple para anunciar su m\u00f3vil plegable. Lleva varios meses filtr\u00e1ndose, y entre lo m\u00e1s destacable, podemos contarte que se lanzar\u00eda en septiembre junto con toda la serie iPhone 18. Hoy llega otro dato de los interesantes [&hellip;]<\/p>\n","protected":false},"author":2,"featured_media":128748,"comment_status":"open","ping_status":"closed","sticky":false,"template":"","format":"standard","meta":{"footnotes":""},"categories":[9],"tags":[],"class_list":["post-128747","post","type-post","status-publish","format-standard","has-post-thumbnail","hentry","category-tecnologia"],"_links":{"self":[{"href":"https:\/\/enfoquenoticioso.com\/index.php?rest_route=\/wp\/v2\/posts\/128747","targetHints":{"allow":["GET"]}}],"collection":[{"href":"https:\/\/enfoquenoticioso.com\/index.php?rest_route=\/wp\/v2\/posts"}],"about":[{"href":"https:\/\/enfoquenoticioso.com\/index.php?rest_route=\/wp\/v2\/types\/post"}],"author":[{"embeddable":true,"href":"https:\/\/enfoquenoticioso.com\/index.php?rest_route=\/wp\/v2\/users\/2"}],"replies":[{"embeddable":true,"href":"https:\/\/enfoquenoticioso.com\/index.php?rest_route=%2Fwp%2Fv2%2Fcomments&post=128747"}],"version-history":[{"count":0,"href":"https:\/\/enfoquenoticioso.com\/index.php?rest_route=\/wp\/v2\/posts\/128747\/revisions"}],"wp:featuredmedia":[{"embeddable":true,"href":"https:\/\/enfoquenoticioso.com\/index.php?rest_route=\/wp\/v2\/media\/128748"}],"wp:attachment":[{"href":"https:\/\/enfoquenoticioso.com\/index.php?rest_route=%2Fwp%2Fv2%2Fmedia&parent=128747"}],"wp:term":[{"taxonomy":"category","embeddable":true,"href":"https:\/\/enfoquenoticioso.com\/index.php?rest_route=%2Fwp%2Fv2%2Fcategories&post=128747"},{"taxonomy":"post_tag","embeddable":true,"href":"https:\/\/enfoquenoticioso.com\/index.php?rest_route=%2Fwp%2Fv2%2Ftags&post=128747"}],"curies":[{"name":"wp","href":"https:\/\/api.w.org\/{rel}","templated":true}]}}