{"id":128749,"date":"2026-04-27T14:47:42","date_gmt":"2026-04-27T14:47:42","guid":{"rendered":"https:\/\/enfoquenoticioso.com\/?p=128749"},"modified":"2026-04-27T14:47:42","modified_gmt":"2026-04-27T14:47:42","slug":"delegacion-suramericana-juvenil-recibida-por-todo-lo-alto","status":"publish","type":"post","link":"https:\/\/enfoquenoticioso.com\/?p=128749","title":{"rendered":"Delegaci\u00f3n suramericana juvenil recibida por todo lo alto"},"content":{"rendered":"<div>\n<p>A ritmo de tambores y aplausos fue recibida este domingo en el Aeropuerto Internacional Sim\u00f3n Bol\u00edvar de Maiquet\u00eda la delegaci\u00f3n nacional que cumpli\u00f3 la<strong>\u00a0haza\u00f1a de 83 medallas y quedar subcampeona en los IV Juegos Suramericanos de la Juventud Panam\u00e1 2026.<\/strong><\/p>\n<p><strong>Lee tambi\u00e9n: <a href=\"https:\/\/www.liderendeportes.com\/noticias\/mas-deportes\/venezuela-consiguio-actuacion-historica-en-panama\/\" target=\"_blank\" rel=\"noreferrer noopener\">Venezuela consigui\u00f3 actuaci\u00f3n hist\u00f3rica en Panam\u00e1<\/a><\/strong><\/p>\n<p>Amigos y familiares y aficionados se dieron cita en el terminal a\u00e9reo para celebrar el regreso de los atletas y\u00a0<strong>el hist\u00f3rico subcampeonato\u00a0<\/strong>suramericano logrado por primera vez en esta justa regional.<\/p>\n<div id=\"ez-toc-container\" class=\"ez-toc-v2_0_81 counter-hierarchy ez-toc-counter ez-toc-grey ez-toc-container-direction\">\n<div class=\"ez-toc-title-container\">\n<p class=\"ez-toc-title\" style=\"cursor:inherit\">Tabla de Contenido<\/p>\n<span class=\"ez-toc-title-toggle\"><a href=\"#\" class=\"ez-toc-pull-right ez-toc-btn ez-toc-btn-xs ez-toc-btn-default ez-toc-toggle\" aria-label=\"Alternar tabla de contenidos\"><span class=\"ez-toc-js-icon-con\"><span class=\"\"><span class=\"eztoc-hide\" style=\"display:none;\">Toggle<\/span><span class=\"ez-toc-icon-toggle-span\"><svg style=\"fill: #999;color:#999\" xmlns=\"http:\/\/www.w3.org\/2000\/svg\" class=\"list-377408\" width=\"20px\" height=\"20px\" viewBox=\"0 0 24 24\" fill=\"none\"><path d=\"M6 6H4v2h2V6zm14 0H8v2h12V6zM4 11h2v2H4v-2zm16 0H8v2h12v-2zM4 16h2v2H4v-2zm16 0H8v2h12v-2z\" fill=\"currentColor\"><\/path><\/svg><svg style=\"fill: #999;color:#999\" class=\"arrow-unsorted-368013\" xmlns=\"http:\/\/www.w3.org\/2000\/svg\" width=\"10px\" height=\"10px\" viewBox=\"0 0 24 24\" version=\"1.2\" baseProfile=\"tiny\"><path d=\"M18.2 9.3l-6.2-6.3-6.2 6.3c-.2.2-.3.4-.3.7s.1.5.3.7c.2.2.4.3.7.3h11c.3 0 .5-.1.7-.3.2-.2.3-.5.3-.7s-.1-.5-.3-.7zM5.8 14.7l6.2 6.3 6.2-6.3c.2-.2.3-.5.3-.7s-.1-.5-.3-.7c-.2-.2-.4-.3-.7-.3h-11c-.3 0-.5.1-.7.3-.2.2-.3.5-.3.7s.1.5.3.7z\"\/><\/svg><\/span><\/span><\/span><\/a><\/span><\/div>\n<nav><ul class='ez-toc-list ez-toc-list-level-1 ' ><li class='ez-toc-page-1 ez-toc-heading-level-3'><a class=\"ez-toc-link ez-toc-heading-1\" href=\"https:\/\/enfoquenoticioso.com\/?p=128749\/#Saldo_record\" >Saldo r\u00e9cord<\/a><\/li><li class='ez-toc-page-1 ez-toc-heading-level-3'><a class=\"ez-toc-link ez-toc-heading-2\" href=\"https:\/\/enfoquenoticioso.com\/?p=128749\/#Logros_historicos\" >Logros hist\u00f3ricos<\/a><\/li><li class='ez-toc-page-1 ez-toc-heading-level-3'><a class=\"ez-toc-link ez-toc-heading-3\" href=\"https:\/\/enfoquenoticioso.com\/?p=128749\/#Camino_correcto\" >Camino correcto<\/a><\/li><li class='ez-toc-page-1 ez-toc-heading-level-3'><a class=\"ez-toc-link ez-toc-heading-4\" href=\"https:\/\/enfoquenoticioso.com\/?p=128749\/#Trabajo_en_equipo\" >Trabajo en equipo<\/a><\/li><\/ul><\/nav><\/div>\n<h3 class=\"wp-block-heading\" id=\"saldo-r\u00e9cord\"><span class=\"ez-toc-section\" id=\"Saldo_record\"><\/span><strong>Saldo r\u00e9cord<\/strong><span class=\"ez-toc-section-end\"><\/span><\/h3>\n<p>La delegaci\u00f3n regres\u00f3 a casa con un\u00a0<strong>saldo r\u00e9cord de 83 medallas en total<\/strong>, una cosecha que les permiti\u00f3 escalar hasta la segunda posici\u00f3n del medallero general, solo superados por Brasil.<\/p>\n<p>Venezuela cerr\u00f3 la participaci\u00f3n con\u00a0<strong>33 preseas de oro, 21 de plata y 29 de bronce<\/strong>, consolidando un crecimiento deportivo significativo con respecto a la edici\u00f3n anterior en<strong>\u00a0Rosario 2022, donde el pa\u00eds hab\u00eda ocupado el cuarto luga<\/strong>r con registro de 26 O, 19 P, 34 B (79) y duplicando los oros de Santiago de Chile 2017 (15) y Lima 2013 (17).<\/p>\n<p>Los rostros de cansancio por el viaje dieron paso a sonrisas al ver el respaldo masivo de la gente que\u00a0<strong>celebr\u00f3 cada una de las 83 preseas<\/strong>\u00a0conseguidas en cada un de las disciplinas deportiva.<\/p>\n<h3 class=\"wp-block-heading\" id=\"logros-hist\u00f3ricos\"><span class=\"ez-toc-section\" id=\"Logros_historicos\"><\/span><strong>Logros hist\u00f3ricos<\/strong><span class=\"ez-toc-section-end\"><\/span><\/h3>\n<p>El rendimiento de la delegaci\u00f3n venezolana super\u00f3 todas los pron\u00f3sticos al mejorar la cosecha de medallas de oro respecto al torneo previo. Disciplinas como el\u00a0<strong>levantamiento de pesas<\/strong>\u00a0(10 medallas),\u00a0<strong>atletismo<\/strong>\u00a0(14) y\u00a0<strong>lucha<\/strong>\u00a0(10) se mostraron como las m\u00e1ximas potenciadoras del medallero nacional, aportando la mayor parte de las preseas doradas.<\/p>\n<p>Dentro de los nombres que brillaron en Panam\u00e1, destacaron las actuaciones de la gimnasta\u00a0<strong>Mia Garc\u00e9s con tres medallas de oro\u00a0<\/strong>\u00a0y la velocista\u00a0<strong>Waleska Ortiz<\/strong>\u00a0con dos doradas. Tambi\u00e9n resaltaron las preseas \u00e1ureas obtenidas en\u00a0<strong>boxeo<\/strong>\u00a0(4),\u00a0<strong>esgrima<\/strong>\u00a0(3),\u00a0<strong>karate do<\/strong>\u00a0(3) y el t\u00edtulo femenino en\u00a0<strong>f\u00fatbol campo<\/strong>.<\/p>\n<p>Este logro\u00a0<strong>representa una hecho memorable para el deporte de las categor\u00edas de base, pues marca la primera vez que Venezuela alcanza la segunda posici\u00f3n del medallero<\/strong>\u00a0en los Juegos Suramericanos de la Juventud.<\/p>\n<h3 class=\"wp-block-heading\" id=\"camino-correcto\"><span class=\"ez-toc-section\" id=\"Camino_correcto\"><\/span><strong>Camino correcto<\/strong><span class=\"ez-toc-section-end\"><\/span><\/h3>\n<p>El ministro durante su intervenci\u00f3n manifest\u00f3 que\u00a0<strong>los j\u00f3venes han demostrado a las autoridades y a quienes aman el deporte que van por el \u00abcamino correcto<\/strong>, cumpliendo con los objetivos planteados\u00bb.<\/p>\n<p>\u00ab<strong>Los venezolanos tenemos condiciones para hacer cosas grandes en el deporte<\/strong>, tenemos las capacidades para ganarle a quien sea en el terreno que sea\u00bb, sentenci\u00f3 el funcionario.<\/p>\n<p>Asimismo, inst\u00f3 a la juventud a continuar so\u00f1ando y vislumbrando el oro, pues el subcampeonato obtenido con un total de 83 medallas representa\u00a0<strong>\u00abel resultado m\u00e1s importante en la historia del deporte juvenil venezolano<\/strong>\u00ab.<\/p>\n<h3 class=\"wp-block-heading\" id=\"trabajo-en-equipo\"><span class=\"ez-toc-section\" id=\"Trabajo_en_equipo\"><\/span><strong>Trabajo en equipo<\/strong><span class=\"ez-toc-section-end\"><\/span><\/h3>\n<p>Fueron medallas trabajadas, bien luchadas y ganadas aqu\u00ed en Venezuela; entrenaron en Venezuela y fuimos a buscar en Panam\u00e1 lo que ya hab\u00edan ganado cada d\u00eda con su esfuerzo, constancia y disciplina diaria\u00bb, subray\u00f3.<\/p>\n<p>Finalmente,\u00a0<strong>alab\u00f3 a los equipos de apoyo<\/strong>: fisioterapeutas, psic\u00f3logos, nutricionistas y m\u00e9dicos, y reserv\u00f3 uno muy especial para los entrenadores, como los\u00a0<strong>\u00abprotagonistas silenciosos que con su labor minuciosa, planificada y met\u00f3dica\u00a0<\/strong>contribuyeron decisivamente para que los atletas y Venezuela celebre esta conquista formidable de 83 medallas y un subcampeonato\u00bb-<\/p>\n<p><strong>Felipe Ram\u00edrez \/ Prensa Mindeporte<\/strong><\/p>\n<\/div>\n<p><a href=\"https:\/\/www.liderendeportes.com\/noticias\/mas-deportes\/delegacion-suramericana-juvenil-recibida-por-todo-lo-alto\/\" class=\" target=\" title=\"Delegaci\u00f3n suramericana juvenil recibida por todo lo alto\" target=\"_blank\" rel=\"noopener\">Ver fuente<\/a><\/p>\n","protected":false},"excerpt":{"rendered":"<p>A ritmo de tambores y aplausos fue recibida este domingo en el Aeropuerto Internacional Sim\u00f3n Bol\u00edvar de Maiquet\u00eda la delegaci\u00f3n nacional que cumpli\u00f3 la\u00a0haza\u00f1a de 83 medallas y quedar subcampeona en los IV Juegos Suramericanos de la Juventud Panam\u00e1 2026. Lee tambi\u00e9n: Venezuela consigui\u00f3 actuaci\u00f3n hist\u00f3rica en Panam\u00e1 Amigos y familiares y aficionados se dieron [&hellip;]<\/p>\n","protected":false},"author":2,"featured_media":128750,"comment_status":"open","ping_status":"closed","sticky":false,"template":"","format":"standard","meta":{"footnotes":""},"categories":[7],"tags":[],"class_list":["post-128749","post","type-post","status-publish","format-standard","has-post-thumbnail","hentry","category-deporte"],"_links":{"self":[{"href":"https:\/\/enfoquenoticioso.com\/index.php?rest_route=\/wp\/v2\/posts\/128749","targetHints":{"allow":["GET"]}}],"collection":[{"href":"https:\/\/enfoquenoticioso.com\/index.php?rest_route=\/wp\/v2\/posts"}],"about":[{"href":"https:\/\/enfoquenoticioso.com\/index.php?rest_route=\/wp\/v2\/types\/post"}],"author":[{"embeddable":true,"href":"https:\/\/enfoquenoticioso.com\/index.php?rest_route=\/wp\/v2\/users\/2"}],"replies":[{"embeddable":true,"href":"https:\/\/enfoquenoticioso.com\/index.php?rest_route=%2Fwp%2Fv2%2Fcomments&post=128749"}],"version-history":[{"count":0,"href":"https:\/\/enfoquenoticioso.com\/index.php?rest_route=\/wp\/v2\/posts\/128749\/revisions"}],"wp:featuredmedia":[{"embeddable":true,"href":"https:\/\/enfoquenoticioso.com\/index.php?rest_route=\/wp\/v2\/media\/128750"}],"wp:attachment":[{"href":"https:\/\/enfoquenoticioso.com\/index.php?rest_route=%2Fwp%2Fv2%2Fmedia&parent=128749"}],"wp:term":[{"taxonomy":"category","embeddable":true,"href":"https:\/\/enfoquenoticioso.com\/index.php?rest_route=%2Fwp%2Fv2%2Fcategories&post=128749"},{"taxonomy":"post_tag","embeddable":true,"href":"https:\/\/enfoquenoticioso.com\/index.php?rest_route=%2Fwp%2Fv2%2Ftags&post=128749"}],"curies":[{"name":"wp","href":"https:\/\/api.w.org\/{rel}","templated":true}]}}