{"id":128751,"date":"2026-04-27T15:11:19","date_gmt":"2026-04-27T15:11:19","guid":{"rendered":"https:\/\/enfoquenoticioso.com\/?p=128751"},"modified":"2026-04-27T15:11:19","modified_gmt":"2026-04-27T15:11:19","slug":"mira-el-espectacular-trailer-de-la-casa-del-dragon-que-recupera-la-epica-de-juego-de-tronos-y-anuncia-fecha-de-estreno","status":"publish","type":"post","link":"https:\/\/enfoquenoticioso.com\/?p=128751","title":{"rendered":"Mira el espectacular tr\u00e1iler de \u2018La Casa del Drag\u00f3n\u2019, que recupera la \u00e9pica de \u2018Juego de Tronos\u2019 y anuncia fecha de estreno"},"content":{"rendered":"<figure><img loading=\"lazy\" decoding=\"async\" width=\"1024\" height=\"614\" src=\"https:\/\/i0.wp.com\/imgs.hipertextual.com\/wp-content\/uploads\/2026\/04\/La-Casa-del-Dragon-trailer.jpg?fit=1024%2C614&amp;quality=70&amp;strip=all&amp;ssl=1\" class=\"attachment-rss-image-size size-rss-image-size wp-post-image\" alt=\"La Casa del Drag\u00f3n tr\u00e1iler\" \/><\/figure>\n<p><em><strong><a href=\"https:\/\/hipertextual.com\/cine-television\/mira-el-espectacular-primer-trailer-de-la-casa-del-dragon-temporada-3\/\" target=\"_blank\" rel=\"noopener\">La Casa del Drag\u00f3n<\/a><\/strong><\/em> est\u00e1 de vuelta con m\u00e1s acci\u00f3n y emoci\u00f3n que nunca, al menos por lo visto en el nuevo tr\u00e1iler de la tercera temporada. El primer spin-off de <em>Juego de Tronos<\/em> regresar\u00e1 a HBO Max este mismo a\u00f1o con una entrega <a href=\"https:\/\/hipertextual.com\/cine-television\/nuevo-dragon-salvaje-la-casa-del-dragon\/\" target=\"_blank\" rel=\"noopener\">que promete guerra y dragones<\/a>, con Poniente en un delicado punto de no retorno. Y es que la disputa por el Trono de Hierro en <a href=\"https:\/\/hipertextual.com\/cine-television\/los-5-targaryen-mas-locos-de-juego-de-tronos-y-la-casa-del-dragon-clasificados\/\" target=\"_blank\" rel=\"noopener\">el seno de la familia <strong>Targaryen<\/strong><\/a> ha hecho temblar los cimientos de los Siete Reinos.<\/p>\n<p>Si en la primera temporada se present\u00f3 el conflicto conocido como la Danza de los Dragones, en la segunda entrega la sangre se derram\u00f3 y cada bando comenz\u00f3 a reforzarse y reclutar tropas. Todo conclu\u00eda con los Negros&nbsp;<a href=\"https:\/\/hipertextual.com\/cine-television\/la-casa-del-dragon-2x06\/\" target=\"_blank\" rel=\"noopener\">consiguiendo varios jinetes de drag\u00f3n<\/a>&nbsp;y disponi\u00e9ndose a atacar Desembarco del Rey. Ahora, tal y como vemos en el nuevo tr\u00e1iler de <em>La Casa del Drag\u00f3n<\/em>, la temporada 3 se centrar\u00e1 de lleno en esa invasi\u00f3n de <strong>Rhaenyra<\/strong> y sus seguidores a la capital del pa\u00eds.<\/p>\n<p>\u00abEsta es una temporada espectacular. Es, con diferencia, <a href=\"https:\/\/hipertextual.com\/cine-television\/creador-la-casa-del-dragon-promete-episodio-historico-temporada-3\/\" target=\"_blank\" rel=\"noopener\">la mejor que hemos hecho hasta ahora<\/a>. Es oscura. Es divertida. Est\u00e1 llena de acci\u00f3n. Es emotiva. Y, por supuesto, tiene montones y montones de dragones. Esta temporada ha exigido lo mejor de todos los que han colaborado para crearla juntos, y estoy deseando que el mundo la descubra\u00bb, prometi\u00f3 ayer Ryan Condal, creador de la serie, en la CCXP M\u00e9xico.<\/p>\n<div id=\"ez-toc-container\" class=\"ez-toc-v2_0_81 counter-hierarchy ez-toc-counter ez-toc-grey ez-toc-container-direction\">\n<div class=\"ez-toc-title-container\">\n<p class=\"ez-toc-title\" style=\"cursor:inherit\">Tabla de Contenido<\/p>\n<span class=\"ez-toc-title-toggle\"><a href=\"#\" class=\"ez-toc-pull-right ez-toc-btn ez-toc-btn-xs ez-toc-btn-default ez-toc-toggle\" aria-label=\"Alternar tabla de contenidos\"><span class=\"ez-toc-js-icon-con\"><span class=\"\"><span class=\"eztoc-hide\" style=\"display:none;\">Toggle<\/span><span class=\"ez-toc-icon-toggle-span\"><svg style=\"fill: #999;color:#999\" xmlns=\"http:\/\/www.w3.org\/2000\/svg\" class=\"list-377408\" width=\"20px\" height=\"20px\" viewBox=\"0 0 24 24\" fill=\"none\"><path d=\"M6 6H4v2h2V6zm14 0H8v2h12V6zM4 11h2v2H4v-2zm16 0H8v2h12v-2zM4 16h2v2H4v-2zm16 0H8v2h12v-2z\" fill=\"currentColor\"><\/path><\/svg><svg style=\"fill: #999;color:#999\" class=\"arrow-unsorted-368013\" xmlns=\"http:\/\/www.w3.org\/2000\/svg\" width=\"10px\" height=\"10px\" viewBox=\"0 0 24 24\" version=\"1.2\" baseProfile=\"tiny\"><path d=\"M18.2 9.3l-6.2-6.3-6.2 6.3c-.2.2-.3.4-.3.7s.1.5.3.7c.2.2.4.3.7.3h11c.3 0 .5-.1.7-.3.2-.2.3-.5.3-.7s-.1-.5-.3-.7zM5.8 14.7l6.2 6.3 6.2-6.3c.2-.2.3-.5.3-.7s-.1-.5-.3-.7c-.2-.2-.4-.3-.7-.3h-11c-.3 0-.5.1-.7.3-.2.2-.3.5-.3.7s.1.5.3.7z\"\/><\/svg><\/span><\/span><\/span><\/a><\/span><\/div>\n<nav><ul class='ez-toc-list ez-toc-list-level-1 ' ><li class='ez-toc-page-1 ez-toc-heading-level-2'><a class=\"ez-toc-link ez-toc-heading-1\" href=\"https:\/\/enfoquenoticioso.com\/?p=128751\/#Mira_el_trailer_de_La_Casa_del_Dragon\" >Mira el tr\u00e1iler de La Casa del Drag\u00f3n<\/a><\/li><\/ul><\/nav><\/div>\n<h2 class=\"wp-block-heading\" id=\"h-mira-el-trailer-de-la-casa-del-dragon\"><span class=\"ez-toc-section\" id=\"Mira_el_trailer_de_La_Casa_del_Dragon\"><\/span>Mira el tr\u00e1iler de <em>La Casa del Drag\u00f3n<\/em><span class=\"ez-toc-section-end\"><\/span><\/h2>\n<figure class=\"wp-block-embed is-type-video is-provider-youtube wp-block-embed-youtube wp-embed-aspect-16-9 wp-has-aspect-ratio\">\n<div class=\"wp-block-embed__wrapper\">\n<\/div>\n<\/figure>\n<p>Como vemos, la serie regresa al fin a la \u00e9pica de <em>Juego de Tronos<\/em>, con la corona de Poniente totalmente en juego. Grandes batallas, conspiraciones palaciegas, traiciones por la espalda&#8230; Los ingredientes que enamoraron a millones de fans con la serie original est\u00e1n de vuelta en la que ser\u00e1 la pen\u00faltima temporada de la serie, que <a href=\"https:\/\/hipertextual.com\/cine-television\/excelentes-noticias-el-caballero-de-los-siete-reinos-la-casa-del-dragon-temporadas-3-4\/\" target=\"_blank\" rel=\"noopener\">ya ha recibido luz verde para una cuarta y final<\/a>.<\/p>\n<div class=\"wp-block-group is-style-default has-primary-color has-text-color has-background has-normal-font-size\" style=\"background-color:#0824df12\">\n<div class=\"wp-block-group__inner-container is-layout-flow wp-block-group-is-layout-flow\">\n<div class=\"wp-block-columns is-layout-flex wp-container-core-columns-is-layout-9d6595d7 wp-block-columns-is-layout-flex\">\n<div class=\"wp-block-column is-vertically-aligned-center is-layout-flow wp-block-column-is-layout-flow\" style=\"flex-basis:30%\">\n<div class=\"wp-block-image is-style-default\">\n<figure class=\"aligncenter size-full\"><img decoding=\"async\" data-recalc-dims=\"1\" loading=\"lazy\" width=\"736\" height=\"736\" src=\"https:\/\/i0.wp.com\/imgs.hipertextual.com\/wp-content\/uploads\/2021\/10\/846d4e8c9e4df3ba6c8f292c1bee2117.jpg?resize=736%2C736&#038;quality=70&#038;strip=all&#038;ssl=1\" alt=\"\" class=\"wp-image-1854775\" \/><\/figure>\n<\/div>\n<\/div>\n<div class=\"wp-block-column is-layout-flow wp-block-column-is-layout-flow\" style=\"flex-basis:70%\">\n<p class=\"has-text-align-center\" style=\"font-size:20px\">Date de alta en <strong><a href=\"https:\/\/prf.hn\/l\/WJXN9bk\" target=\"_blank\" rel=\"noreferrer noopener nofollow\">HBO MAX<\/a><\/strong> y tendr\u00e1s acceso a <strong>las mejores series y pel\u00edculas exclusivas<\/strong> como <em>The Wire<\/em>, <em>Los Soprano<\/em> o <em>Casa del Drag\u00f3n<\/em>. Incluye todo el cat\u00e1logo de Warner, los cl\u00e1sicos de Cartoon Network, los grandes estrenos y el mejor deporte.<\/p>\n<div class=\"wp-block-buttons is-content-justification-center is-layout-flex wp-container-core-buttons-is-layout-16018d1d wp-block-buttons-is-layout-flex\">\n<div class=\"wp-block-button has-custom-width wp-block-button__width-100\"><a class=\"wp-block-button__link has-white-color has-grad-3-gradient-background has-text-color has-background has-custom-font-size wp-element-button\" href=\"https:\/\/prf.hn\/l\/WJXN9bk\" style=\"border-radius:33px;font-size:17px\" target=\"_blank\" rel=\"noreferrer noopener sponsored nofollow\">Ah\u00f3rrate dos meses en HBO Max<\/a><\/div>\n<\/div>\n<\/div>\n<\/div>\n<\/div>\n<\/div>\n<p>Adem\u00e1s del tr\u00e1iler, la compa\u00f1\u00eda tambi\u00e9n ha revelado la esperada fecha de estreno de la nueva entrega de la serie. <strong><em>La Casa del Drag\u00f3n<\/em>\u00a0temporada 3 se estrena en HBO el 21 de junio<\/strong> por la noche en Estados Unidos y Am\u00e9rica Latina, lo que supondr\u00e1 la madrugada del 22 de junio en Espa\u00f1a. La temporada, compuesta por ocho episodios, emitir\u00e1 nuevos episodios semanalmente hasta su final el 10 de agosto.<\/p>\n<p>Seguir leyendo: <a href=\"https:\/\/hipertextual.com\/cine-television\/mira-el-espectacular-trailer-de-la-casa-del-dragon-que-recupera-la-epica-de-juego-de-tronos-y-anuncia-fecha-de-estreno\/\" target=\"_blank\" rel=\"noopener\">Mira el espectacular tr\u00e1iler de &#8216;La Casa del Drag\u00f3n&#8217;, que recupera la \u00e9pica de &#8216;Juego de Tronos&#8217; y anuncia fecha de estreno<\/a><\/p>\n<p><a href=\"https:\/\/hipertextual.com\/cine-television\/mira-el-espectacular-trailer-de-la-casa-del-dragon-que-recupera-la-epica-de-juego-de-tronos-y-anuncia-fecha-de-estreno\/\" class=\" target=\" title=\"Mira el espectacular tr\u00e1iler de \u2018La Casa del Drag\u00f3n\u2019, que recupera la \u00e9pica de \u2018Juego de Tronos\u2019 y anuncia fecha de estreno\" target=\"_blank\" rel=\"noopener\">Ver fuente<\/a><\/p>\n","protected":false},"excerpt":{"rendered":"<p>La Casa del Drag\u00f3n est\u00e1 de vuelta con m\u00e1s acci\u00f3n y emoci\u00f3n que nunca, al menos por lo visto en el nuevo tr\u00e1iler de la tercera temporada. El primer spin-off de Juego de Tronos regresar\u00e1 a HBO Max este mismo a\u00f1o con una entrega que promete guerra y dragones, con Poniente en un delicado punto [&hellip;]<\/p>\n","protected":false},"author":2,"featured_media":128752,"comment_status":"open","ping_status":"closed","sticky":false,"template":"","format":"standard","meta":{"footnotes":""},"categories":[9],"tags":[],"class_list":["post-128751","post","type-post","status-publish","format-standard","has-post-thumbnail","hentry","category-tecnologia"],"_links":{"self":[{"href":"https:\/\/enfoquenoticioso.com\/index.php?rest_route=\/wp\/v2\/posts\/128751","targetHints":{"allow":["GET"]}}],"collection":[{"href":"https:\/\/enfoquenoticioso.com\/index.php?rest_route=\/wp\/v2\/posts"}],"about":[{"href":"https:\/\/enfoquenoticioso.com\/index.php?rest_route=\/wp\/v2\/types\/post"}],"author":[{"embeddable":true,"href":"https:\/\/enfoquenoticioso.com\/index.php?rest_route=\/wp\/v2\/users\/2"}],"replies":[{"embeddable":true,"href":"https:\/\/enfoquenoticioso.com\/index.php?rest_route=%2Fwp%2Fv2%2Fcomments&post=128751"}],"version-history":[{"count":0,"href":"https:\/\/enfoquenoticioso.com\/index.php?rest_route=\/wp\/v2\/posts\/128751\/revisions"}],"wp:featuredmedia":[{"embeddable":true,"href":"https:\/\/enfoquenoticioso.com\/index.php?rest_route=\/wp\/v2\/media\/128752"}],"wp:attachment":[{"href":"https:\/\/enfoquenoticioso.com\/index.php?rest_route=%2Fwp%2Fv2%2Fmedia&parent=128751"}],"wp:term":[{"taxonomy":"category","embeddable":true,"href":"https:\/\/enfoquenoticioso.com\/index.php?rest_route=%2Fwp%2Fv2%2Fcategories&post=128751"},{"taxonomy":"post_tag","embeddable":true,"href":"https:\/\/enfoquenoticioso.com\/index.php?rest_route=%2Fwp%2Fv2%2Ftags&post=128751"}],"curies":[{"name":"wp","href":"https:\/\/api.w.org\/{rel}","templated":true}]}}