{"id":128755,"date":"2026-04-27T15:42:06","date_gmt":"2026-04-27T15:42:06","guid":{"rendered":"https:\/\/enfoquenoticioso.com\/?p=128755"},"modified":"2026-04-27T15:42:06","modified_gmt":"2026-04-27T15:42:06","slug":"microsoft-firma-la-paz-con-openai-pero-pierde-la-exclusividad-sobre-su-ia","status":"publish","type":"post","link":"https:\/\/enfoquenoticioso.com\/?p=128755","title":{"rendered":"Microsoft firma la paz con OpenAI, pero pierde la exclusividad sobre su IA"},"content":{"rendered":"<figure><img loading=\"lazy\" decoding=\"async\" width=\"1024\" height=\"576\" src=\"https:\/\/i0.wp.com\/imgs.hipertextual.com\/wp-content\/uploads\/2025\/05\/Sam-Altman-de-OpenAI-y-Satya-Nadella-de-Microsoft-scaled.jpg?fit=1024%2C576&amp;quality=70&amp;strip=all&amp;ssl=1\" class=\"attachment-rss-image-size size-rss-image-size wp-post-image\" alt=\"Satya Nadella (Microsoft) y Sam Altman (OpenAI)\" \/><\/figure>\n<p><strong>OpenAI<\/strong> y <strong>Microsoft<\/strong> <a href=\"https:\/\/openai.com\/index\/next-phase-of-microsoft-partnership\/\" target=\"_blank\" rel=\"noopener\">acaban de hacer oficial<\/a> una nueva modificaci\u00f3n de los t\u00e9rminos de la alianza que los une. Las empresas, que forjaron una relaci\u00f3n que en un momento aparent\u00f3 ser perfecta, hab\u00edan tensado su relaci\u00f3n en el \u00faltimo tiempo, en medio de disgustos cruzados y una creciente desconfianza. Situaci\u00f3n que incluso lleg\u00f3 al borde de las acciones legales. Sin embargo, las partes han llegado a un nuevo acuerdo para \u00absimplificar\u00bb su v\u00ednculo.<\/p>\n<p>A trav\u00e9s de su web, OpenAI oficializ\u00f3 los t\u00e9rminos de la revisi\u00f3n del acuerdo que la une con Microsoft. Las modificaciones son varias y bastante notorias, pero deber\u00edan permitir que ambas compa\u00f1\u00edas contin\u00faen trabajando en un panorama hipot\u00e9ticamente m\u00e1s armonioso de cara al futuro.<\/p>\n<p>Uno de los puntos de conflicto m\u00e1s recientes entre los de Redmond y sus pares de San Francisco fue el acuerdo que OpenAI firm\u00f3 con <strong>Amazon<\/strong>. Las caracter\u00edsticas del mismo, que implicaba que los de Sam Altman podr\u00edan distribuir sus soluciones de IA a trav\u00e9s de Amazon Bedrock, llevaron a Microsoft a <a href=\"https:\/\/hipertextual.com\/tecnologia\/microsoft-amenaza-con-demandar-a-openai-por-su-acuerdo-con-amazon\/\" target=\"_blank\" rel=\"noopener\">amenazar con demandar a sus socios<\/a> por infringir los t\u00e9rminos de exclusividad de su acuerdo.<\/p>\n<p>La nueva versi\u00f3n de la alianza ataca directamente este punto y establece que, si bien Microsoft continuar\u00e1 como el proveedor primario de poder de c\u00f3mputo en la nube de OpenAI, <strong>ya no tendr\u00e1 exclusividad<\/strong>. Esto significa que la firma de inteligencia artificial ahora puede servir sus productos a sus clientes usando cualquier otro proveedor, ll\u00e1mese AWS, Google Cloud o cualquier otro potencial aliado.<\/p>\n<p>Si bien Azure no ser\u00e1 la plataforma en la nube exclusiva de OpenAI, s\u00ed seguir\u00e1 recibiendo primero los futuros lanzamientos de la compa\u00f1\u00eda. La \u00fanica excepci\u00f3n a esta regla ser\u00e1 cuando Microsoft <strong>no quiera o no pueda<\/strong> <strong>destinar los recursos necesarios<\/strong> para desplegar un nuevo producto o servicio.<\/p>\n<p>El otro punto crucial del nuevo acuerdo es que Microsoft continuar\u00e1 teniendo acceso a los modelos de IA y otros productos de software de OpenAI <strong>hasta 2032<\/strong>. Sin embargo, la licencia a dicha propiedad intelectual <strong>dejar\u00e1 de ser exclusiva<\/strong>.<\/p>\n<div id=\"ez-toc-container\" class=\"ez-toc-v2_0_81 counter-hierarchy ez-toc-counter ez-toc-grey ez-toc-container-direction\">\n<div class=\"ez-toc-title-container\">\n<p class=\"ez-toc-title\" style=\"cursor:inherit\">Tabla de Contenido<\/p>\n<span class=\"ez-toc-title-toggle\"><a href=\"#\" class=\"ez-toc-pull-right ez-toc-btn ez-toc-btn-xs ez-toc-btn-default ez-toc-toggle\" aria-label=\"Alternar tabla de contenidos\"><span class=\"ez-toc-js-icon-con\"><span class=\"\"><span class=\"eztoc-hide\" style=\"display:none;\">Toggle<\/span><span class=\"ez-toc-icon-toggle-span\"><svg style=\"fill: #999;color:#999\" xmlns=\"http:\/\/www.w3.org\/2000\/svg\" class=\"list-377408\" width=\"20px\" height=\"20px\" viewBox=\"0 0 24 24\" fill=\"none\"><path d=\"M6 6H4v2h2V6zm14 0H8v2h12V6zM4 11h2v2H4v-2zm16 0H8v2h12v-2zM4 16h2v2H4v-2zm16 0H8v2h12v-2z\" fill=\"currentColor\"><\/path><\/svg><svg style=\"fill: #999;color:#999\" class=\"arrow-unsorted-368013\" xmlns=\"http:\/\/www.w3.org\/2000\/svg\" width=\"10px\" height=\"10px\" viewBox=\"0 0 24 24\" version=\"1.2\" baseProfile=\"tiny\"><path d=\"M18.2 9.3l-6.2-6.3-6.2 6.3c-.2.2-.3.4-.3.7s.1.5.3.7c.2.2.4.3.7.3h11c.3 0 .5-.1.7-.3.2-.2.3-.5.3-.7s-.1-.5-.3-.7zM5.8 14.7l6.2 6.3 6.2-6.3c.2-.2.3-.5.3-.7s-.1-.5-.3-.7c-.2-.2-.4-.3-.7-.3h-11c-.3 0-.5.1-.7.3-.2.2-.3.5-.3.7s.1.5.3.7z\"\/><\/svg><\/span><\/span><\/span><\/a><\/span><\/div>\n<nav><ul class='ez-toc-list ez-toc-list-level-1 ' ><li class='ez-toc-page-1 ez-toc-heading-level-2'><a class=\"ez-toc-link ez-toc-heading-1\" href=\"https:\/\/enfoquenoticioso.com\/?p=128755\/#OpenAI_y_Microsoft_reescriben_los_terminos_de_su_alianza\" >OpenAI y Microsoft reescriben los t\u00e9rminos de su alianza<\/a><\/li><\/ul><\/nav><\/div>\n<h2 class=\"wp-block-heading\" id=\"h-openai-y-microsoft-reescriben-los-terminos-de-su-alianza\"><span class=\"ez-toc-section\" id=\"OpenAI_y_Microsoft_reescriben_los_terminos_de_su_alianza\"><\/span>OpenAI y Microsoft reescriben los t\u00e9rminos de su alianza<span class=\"ez-toc-section-end\"><\/span><\/h2>\n<figure class=\"wp-block-image alignwide size-full\"><img decoding=\"async\" data-recalc-dims=\"1\" loading=\"lazy\" width=\"780\" height=\"497\" src=\"https:\/\/i0.wp.com\/imgs.hipertextual.com\/wp-content\/uploads\/2023\/09\/MSFT-Nadella-OpenAI-Altman-09-official-joint-pic-1024x652-1.jpg?resize=780%2C497&#038;quality=70&#038;strip=all&#038;ssl=1\" alt=\"Sam Altman, CEO de OpenAI (izquierda), y el CEO de Microsoft, Satya Nadella\" class=\"wp-image-1759151\" \/><figcaption class=\"wp-element-caption\">Sam Altman junto a Satya Nadella <span class=\"image-credit\"><span class=\"credit-label-wrapper\">Credit:<\/span> Microsoft<\/span><\/figcaption><\/figure>\n<p>Visto de esta manera, dar\u00eda la impresi\u00f3n que el v\u00ednculo renovado beneficia m\u00e1s a OpenAI que a Microsoft. Pero la historia no se limita a la p\u00e9rdida de la exclusividad por parte de los de Redmond. El costado financiero de la cuesti\u00f3n s\u00ed es m\u00e1s positivo para los dirigidos por <strong>Satya Nadella<\/strong>, al menos en los papeles.<\/p>\n<p>Seg\u00fan se ha explicado, Microsoft <strong>dejar\u00e1 de pagarle a OpenAI<\/strong> un porcentaje de los ingresos que genere con sus productos de IA. En simult\u00e1neo, <strong>OpenAI continuar\u00e1 entreg\u00e1ndole un porcentaje de sus ingresos a Microsoft hasta 2030<\/strong>. <\/p>\n<p>El acuerdo indica que los pagos se mantendr\u00e1n sin importar el nivel de progreso tecnol\u00f3gico que logre la firma de Altman. Asimismo, el porcentaje de los ingresos que la startup tendr\u00e1 que pagar a Microsoft se mantendr\u00e1 igual que hasta ahora (un 20 %, se estima). La diferencia es que se establecer\u00e1 un monto m\u00e1ximo total. <\/p>\n<p>Por \u00faltimo, Microsoft mantendr\u00e1 su lugar como <a href=\"https:\/\/hipertextual.com\/inteligencia-artificial\/openai-se-reestructura-nuevo-acuerdo-microsoft\/\" target=\"_blank\" rel=\"noopener\">uno de los accionistas principales<\/a> de OpenAI. Esto permitir\u00e1 a los de Redmond mantener una ubicaci\u00f3n privilegiada cuando la compa\u00f1\u00eda de inteligencia artificial busque <strong>salir a la bolsa<\/strong>. Seg\u00fan rumores, esto se podr\u00eda concretar <a href=\"https:\/\/hipertextual.com\/economia-empresas\/openai-salida-a-bolsa-valoracion-1-billon-dolares\/\" target=\"_blank\" rel=\"noopener\">en el transcurso de 2027<\/a>, aunque desde la empresa le han bajado la espuma a esa posibilidad.<\/p>\n<p>Seguir leyendo: <a href=\"https:\/\/hipertextual.com\/inteligencia-artificial\/nuevo-acuerdo-openai-microsoft\/\" target=\"_blank\" rel=\"noopener\">Microsoft firma la paz con OpenAI, pero pierde la exclusividad sobre su IA<\/a><\/p>\n<p><a href=\"https:\/\/hipertextual.com\/inteligencia-artificial\/nuevo-acuerdo-openai-microsoft\/\" class=\" target=\" title=\"Microsoft firma la paz con OpenAI, pero pierde la exclusividad sobre su IA\" target=\"_blank\" rel=\"noopener\">Ver fuente<\/a><\/p>\n","protected":false},"excerpt":{"rendered":"<p>OpenAI y Microsoft acaban de hacer oficial una nueva modificaci\u00f3n de los t\u00e9rminos de la alianza que los une. Las empresas, que forjaron una relaci\u00f3n que en un momento aparent\u00f3 ser perfecta, hab\u00edan tensado su relaci\u00f3n en el \u00faltimo tiempo, en medio de disgustos cruzados y una creciente desconfianza. Situaci\u00f3n que incluso lleg\u00f3 al borde [&hellip;]<\/p>\n","protected":false},"author":2,"featured_media":128756,"comment_status":"open","ping_status":"closed","sticky":false,"template":"","format":"standard","meta":{"footnotes":""},"categories":[9],"tags":[],"class_list":["post-128755","post","type-post","status-publish","format-standard","has-post-thumbnail","hentry","category-tecnologia"],"_links":{"self":[{"href":"https:\/\/enfoquenoticioso.com\/index.php?rest_route=\/wp\/v2\/posts\/128755","targetHints":{"allow":["GET"]}}],"collection":[{"href":"https:\/\/enfoquenoticioso.com\/index.php?rest_route=\/wp\/v2\/posts"}],"about":[{"href":"https:\/\/enfoquenoticioso.com\/index.php?rest_route=\/wp\/v2\/types\/post"}],"author":[{"embeddable":true,"href":"https:\/\/enfoquenoticioso.com\/index.php?rest_route=\/wp\/v2\/users\/2"}],"replies":[{"embeddable":true,"href":"https:\/\/enfoquenoticioso.com\/index.php?rest_route=%2Fwp%2Fv2%2Fcomments&post=128755"}],"version-history":[{"count":0,"href":"https:\/\/enfoquenoticioso.com\/index.php?rest_route=\/wp\/v2\/posts\/128755\/revisions"}],"wp:featuredmedia":[{"embeddable":true,"href":"https:\/\/enfoquenoticioso.com\/index.php?rest_route=\/wp\/v2\/media\/128756"}],"wp:attachment":[{"href":"https:\/\/enfoquenoticioso.com\/index.php?rest_route=%2Fwp%2Fv2%2Fmedia&parent=128755"}],"wp:term":[{"taxonomy":"category","embeddable":true,"href":"https:\/\/enfoquenoticioso.com\/index.php?rest_route=%2Fwp%2Fv2%2Fcategories&post=128755"},{"taxonomy":"post_tag","embeddable":true,"href":"https:\/\/enfoquenoticioso.com\/index.php?rest_route=%2Fwp%2Fv2%2Ftags&post=128755"}],"curies":[{"name":"wp","href":"https:\/\/api.w.org\/{rel}","templated":true}]}}