{"id":128757,"date":"2026-04-27T15:45:10","date_gmt":"2026-04-27T15:45:10","guid":{"rendered":"https:\/\/enfoquenoticioso.com\/?p=128757"},"modified":"2026-04-27T15:45:10","modified_gmt":"2026-04-27T15:45:10","slug":"quedo-atrapado-en-su-carro-en-plena-crecida-de-un-rio-en-tachira-se-salvo-de-milagro-y-todo-quedo-grabado","status":"publish","type":"post","link":"https:\/\/enfoquenoticioso.com\/?p=128757","title":{"rendered":"Qued\u00f3 atrapado en su carro en plena crecida de un r\u00edo en T\u00e1chira, se salv\u00f3 de milagro y todo qued\u00f3 grabado"},"content":{"rendered":"<div id=\"post-584012\">&#13;<br \/>\n\t\t\t&#13;<\/p>\n<div class=\"entry-thumbnail\">\n<img loading=\"lazy\" width=\"777\" height=\"437\" src=\"https:\/\/noticiasaldiayalahora.co\/wp-content\/uploads\/2026\/04\/Tachira-lluvias-777x437.png\" class=\"attachment-content-single size-content-single wp-post-image\" alt=\"\" decoding=\"async\" srcset=\"https:\/\/noticiasaldiayalahora.co\/wp-content\/uploads\/2026\/04\/Tachira-lluvias-777x437.png 777w, https:\/\/noticiasaldiayalahora.co\/wp-content\/uploads\/2026\/04\/Tachira-lluvias-180x101.png 180w, https:\/\/noticiasaldiayalahora.co\/wp-content\/uploads\/2026\/04\/Tachira-lluvias-260x146.png 260w, https:\/\/noticiasaldiayalahora.co\/wp-content\/uploads\/2026\/04\/Tachira-lluvias-373x210.png 373w, https:\/\/noticiasaldiayalahora.co\/wp-content\/uploads\/2026\/04\/Tachira-lluvias-120x67.png 120w\" sizes=\"auto, (max-width: 777px) 100vw, 777px\"\/><\/div>\n<p>\t&#13;<\/p>\n<div class=\"advertisement\">\n<div class=\"sb-widget post-ad\">\n<p style=\"font-size: 10px; color: #999; margin: 0 0 10px 0; text-transform: uppercase; font-family: sans-serif;\">Publicidad \/ Contenido Patrocinado<\/p>\n<\/div><\/div>\n<p>&#13;<\/p>\n<p class=\"entry-meta\">\n<span class=\"entry-meta-author vcard author\">Por: <a class=\"fn\" href=\"https:\/\/noticiasaldiayalahora.co\/author\/redaccion\/\" target=\"_blank\" rel=\"noopener\">Redacci\u00f3n Noticias al Dia y a la Hora<\/a><\/span><br \/>\n<span class=\"entry-meta-date updated\">27 abril, 2026<\/span>\n<\/p>\n<p>\t&#13;<\/p>\n<div class=\"entry-content clearfix\">\n<p>Un hombre estuvo a punto de morir en el estado T\u00e1chira, luego de quedar atrapado en su veh\u00edculo durante la crecida de un r\u00edo.<\/p>\n<p>En un video divulgado en redes sociales se puede ver que los hechos ocurrieron en Quebrada Seca, en las cercan\u00edas de San Antonio del T\u00e1chira.<\/p>\n<p>Un grupo de vecinos se acerc\u00f3 al sitio al percatarse que un conductor hab\u00eda sido arrastrado con su carro por el r\u00edo. Por suerte, el veh\u00edculo qued\u00f3 atrapado por un momento en el caudal, por lo que el conductor, identificado como Ricardo Franco, de unos 65 a\u00f1os de edad, logr\u00f3 salir por la parte trasera.<\/p>\n<p><iframe loading=\"lazy\" style=\"border: none; overflow: hidden;\" src=\"https:\/\/www.facebook.com\/plugins\/video.php?height=476&amp;href=https%3A%2F%2Fwww.facebook.com%2Freel%2F1623160878938028%2F&amp;show_text=true&amp;width=267&amp;t=0\" width=\"267\" height=\"591\" frameborder=\"0\" scrolling=\"no\" allowfullscreen=\"allowfullscreen\"><\/iframe><\/p>\n<p>Posteriormente, los vecinos le lanzaron una cuerda y logr\u00f3 ponerse a salvo. A pesar de lo arriesgado de la situaci\u00f3n, el hombre no result\u00f3 herido. Posteriormente, el domingo 26 de abril, lograron el rescate del carro mediante el uso de una gr\u00faa.<\/p>\n<p>Al igual que el s\u00e1bado, varios vecinos de la zona ayudaron en las labores de rescate. Las personas se reunieron en el sitio para ayudar a quitar el lodo y de esta manera ayudar la tarea del gruero.<\/p>\n<p>Hasta el momento se desconoce si el auto sufri\u00f3 p\u00e9rdida total, se tratar\u00eda de un Chevrolet color azul.<\/p>\n<\/p><\/div>\n<p>\t&#13;<br \/>\n&#13;<br \/>\n\t<!-- Taboola Below Article con Etiqueta -->&#13;<\/p>\n<div style=\"margin-top: 20px;\">\n<p style=\"font-size: 10px; color: #999; margin: 0 0 5px 0; text-transform: uppercase; font-family: sans-serif;\">Contenido Patrocinado \/ Recomendado para ti<\/p>\n<\/p><\/div>\n<p>&#13;<br \/>\n&#13;<br \/>\n\t\t&#13;\n<\/p><\/div>\n<p><a href=\"https:\/\/noticiasaldiayalahora.co\/sucesos\/quedo-atrapado-en-su-carro-en-plena-crecida-de-un-rio-en-tachira-se-salvo-de-milagro-y-todo-quedo-grabado\/\" class=\" target=\" title=\"Qued\u00f3 atrapado en su carro en plena crecida de un r\u00edo en T\u00e1chira, se salv\u00f3 de milagro y todo qued\u00f3 grabado\" target=\"_blank\" rel=\"noopener\">Ver fuente<\/a><\/p>\n","protected":false},"excerpt":{"rendered":"<p>&#13; &#13; &#13; Publicidad \/ Contenido Patrocinado &#13; Por: Redacci\u00f3n Noticias al Dia y a la Hora 27 abril, 2026 &#13; Un hombre estuvo a punto de morir en el estado T\u00e1chira, luego de quedar atrapado en su veh\u00edculo durante la crecida de un r\u00edo. En un video divulgado en redes sociales se puede ver [&hellip;]<\/p>\n","protected":false},"author":2,"featured_media":128758,"comment_status":"open","ping_status":"closed","sticky":false,"template":"","format":"standard","meta":{"footnotes":""},"categories":[5],"tags":[],"class_list":["post-128757","post","type-post","status-publish","format-standard","has-post-thumbnail","hentry","category-sucesos"],"_links":{"self":[{"href":"https:\/\/enfoquenoticioso.com\/index.php?rest_route=\/wp\/v2\/posts\/128757","targetHints":{"allow":["GET"]}}],"collection":[{"href":"https:\/\/enfoquenoticioso.com\/index.php?rest_route=\/wp\/v2\/posts"}],"about":[{"href":"https:\/\/enfoquenoticioso.com\/index.php?rest_route=\/wp\/v2\/types\/post"}],"author":[{"embeddable":true,"href":"https:\/\/enfoquenoticioso.com\/index.php?rest_route=\/wp\/v2\/users\/2"}],"replies":[{"embeddable":true,"href":"https:\/\/enfoquenoticioso.com\/index.php?rest_route=%2Fwp%2Fv2%2Fcomments&post=128757"}],"version-history":[{"count":0,"href":"https:\/\/enfoquenoticioso.com\/index.php?rest_route=\/wp\/v2\/posts\/128757\/revisions"}],"wp:featuredmedia":[{"embeddable":true,"href":"https:\/\/enfoquenoticioso.com\/index.php?rest_route=\/wp\/v2\/media\/128758"}],"wp:attachment":[{"href":"https:\/\/enfoquenoticioso.com\/index.php?rest_route=%2Fwp%2Fv2%2Fmedia&parent=128757"}],"wp:term":[{"taxonomy":"category","embeddable":true,"href":"https:\/\/enfoquenoticioso.com\/index.php?rest_route=%2Fwp%2Fv2%2Fcategories&post=128757"},{"taxonomy":"post_tag","embeddable":true,"href":"https:\/\/enfoquenoticioso.com\/index.php?rest_route=%2Fwp%2Fv2%2Ftags&post=128757"}],"curies":[{"name":"wp","href":"https:\/\/api.w.org\/{rel}","templated":true}]}}