{"id":128763,"date":"2026-04-27T16:13:16","date_gmt":"2026-04-27T16:13:16","guid":{"rendered":"https:\/\/enfoquenoticioso.com\/?p=128763"},"modified":"2026-04-27T16:13:16","modified_gmt":"2026-04-27T16:13:16","slug":"james-gunn-confirma-la-cancelacion-de-una-de-las-peliculas-mas-esperadas-del-universo-dc-no-iba-a-funcionar","status":"publish","type":"post","link":"https:\/\/enfoquenoticioso.com\/?p=128763","title":{"rendered":"James Gunn confirma la cancelaci\u00f3n de una de las pel\u00edculas m\u00e1s esperadas del Universo DC: \u00abNo iba a funcionar\u00bb"},"content":{"rendered":"<figure><img loading=\"lazy\" decoding=\"async\" width=\"1024\" height=\"640\" src=\"https:\/\/i0.wp.com\/imgs.hipertextual.com\/wp-content\/uploads\/2025\/09\/Universo-DC-James-Gunn.jpg?fit=1024%2C640&amp;quality=70&amp;strip=all&amp;ssl=1\" class=\"attachment-rss-image-size size-rss-image-size wp-post-image\" alt=\"Universo DC James Gunn\" \/><\/figure>\n<p>Aunque el <a href=\"https:\/\/hipertextual.com\/cine-television\/james-gunn-gran-cambio-universo-dc-respecto-marvel\/\" target=\"_blank\" rel=\"noopener\"><em><strong>Universo DC<\/strong><\/em> de <strong>James Gunn<\/strong> y <strong>Peter Safran<\/strong><\/a> seguir\u00e1 creciendo este mismo a\u00f1o con hasta dos pel\u00edculas, uno de sus pr\u00f3ximos proyectos acaba de ser cancelado oficialmente. Hace ya un par de a\u00f1os, cuando se anunci\u00f3 la creaci\u00f3n de una nueva franquicia totalmente nueva, se revelaron los planes a futuro con <a href=\"https:\/\/hipertextual.com\/cine-television\/james-gunn-confirma-proximas-peliculas-universo-dc\/\" target=\"_blank\" rel=\"noopener\">varias series y pel\u00edculas en marcha<\/a>. Por ahora ya han visto la luz algunos de estos t\u00edtulos. Pero para otros est\u00e1 costando algo m\u00e1s levantarlos.<\/p>\n<p>Y ahora, tal y como el propio <strong>James Gunn<\/strong> ha confirmado en la red social <em><a href=\"https:\/\/www.threads.com\/@jamesgunn\/post\/DXoqGFUkbp1\" target=\"_blank\" rel=\"noreferrer noopener\">Threads<\/a><\/em>, una de esas esperadas pel\u00edculas del <em>Universo DC<\/em> ha recibido su triste cancelaci\u00f3n. Se trata de <em><strong><a href=\"https:\/\/hipertextual.com\/cine-television\/dos-estrenos-del-universo-dc-en-problemas-confirma-james-gunn\/\" target=\"_blank\" rel=\"noopener\">The Authority<\/a><\/strong><\/em>, uno de los primeros proyectos que se desvelaron en su momento. Por desgracia, su desarrollo no ha sido el apropiado y finalmente la cinta nunca ver\u00e1 la luz. Todo ello a pesar de que fue uno de los t\u00edtulos que m\u00e1s curiosidad y expectativas generaron.<\/p>\n<p><em>The Authority<\/em> iba a seguir a un grupo de superh\u00e9roes con una \u00e9tica cuestionable y que se dedican a cumplir con sus misiones como sea, sin importar los m\u00e9todos. A diferencia de otros como Superman, no les frena la moral ni los actos demasiado radicales, Algo que obviamente les convert\u00eda en una figura gris dentro del <em>Universo DC<\/em>. Por desgracia, no llegaremos a verlos en acci\u00f3n.<\/p>\n<p>\u00abEl guion a\u00fan no estaba del todo listo, pero lo m\u00e1s importante es que no iba a funcionar en <a href=\"https:\/\/hipertextual.com\/cine-television\/nueva-pelicula-del-universo-dc-de-james-gunn-lanza-primera-imagen-clayface\/\" target=\"_blank\" rel=\"noopener\">el contexto m\u00e1s amplio del <em>Universo Cinematogr\u00e1fico de DC<\/em><\/a>, tanto en lo que respecta a la historia como a cuestiones pr\u00e1cticas. Quiz\u00e1s alg\u00fan d\u00eda. Pero no a corto plazo\u00bb, confirma <strong>James Gunn<\/strong> sobre los motivos que les han llevado a cancelar la pel\u00edcula de <em>The Authority<\/em>.<\/p>\n<figure class=\"wp-block-image alignwide size-large\"><img loading=\"lazy\" decoding=\"async\" data-recalc-dims=\"1\" width=\"780\" height=\"396\" src=\"https:\/\/i0.wp.com\/imgs.hipertextual.com\/wp-content\/uploads\/2025\/02\/Imagen-3-6-1500x761.jpg?resize=780%2C396&#038;quality=70&#038;strip=all&#038;ssl=1\" alt=\"The Authority DC\" class=\"wp-image-1832917\" \/><\/figure>\n<div id=\"ez-toc-container\" class=\"ez-toc-v2_0_81 counter-hierarchy ez-toc-counter ez-toc-grey ez-toc-container-direction\">\n<div class=\"ez-toc-title-container\">\n<p class=\"ez-toc-title\" style=\"cursor:inherit\">Tabla de Contenido<\/p>\n<span class=\"ez-toc-title-toggle\"><a href=\"#\" class=\"ez-toc-pull-right ez-toc-btn ez-toc-btn-xs ez-toc-btn-default ez-toc-toggle\" aria-label=\"Alternar tabla de contenidos\"><span class=\"ez-toc-js-icon-con\"><span class=\"\"><span class=\"eztoc-hide\" style=\"display:none;\">Toggle<\/span><span class=\"ez-toc-icon-toggle-span\"><svg style=\"fill: #999;color:#999\" xmlns=\"http:\/\/www.w3.org\/2000\/svg\" class=\"list-377408\" width=\"20px\" height=\"20px\" viewBox=\"0 0 24 24\" fill=\"none\"><path d=\"M6 6H4v2h2V6zm14 0H8v2h12V6zM4 11h2v2H4v-2zm16 0H8v2h12v-2zM4 16h2v2H4v-2zm16 0H8v2h12v-2z\" fill=\"currentColor\"><\/path><\/svg><svg style=\"fill: #999;color:#999\" class=\"arrow-unsorted-368013\" xmlns=\"http:\/\/www.w3.org\/2000\/svg\" width=\"10px\" height=\"10px\" viewBox=\"0 0 24 24\" version=\"1.2\" baseProfile=\"tiny\"><path d=\"M18.2 9.3l-6.2-6.3-6.2 6.3c-.2.2-.3.4-.3.7s.1.5.3.7c.2.2.4.3.7.3h11c.3 0 .5-.1.7-.3.2-.2.3-.5.3-.7s-.1-.5-.3-.7zM5.8 14.7l6.2 6.3 6.2-6.3c.2-.2.3-.5.3-.7s-.1-.5-.3-.7c-.2-.2-.4-.3-.7-.3h-11c-.3 0-.5.1-.7.3-.2.2-.3.5-.3.7s.1.5.3.7z\"\/><\/svg><\/span><\/span><\/span><\/a><\/span><\/div>\n<nav><ul class='ez-toc-list ez-toc-list-level-1 ' ><li class='ez-toc-page-1 ez-toc-heading-level-2'><a class=\"ez-toc-link ez-toc-heading-1\" href=\"https:\/\/enfoquenoticioso.com\/?p=128763\/#James_Gunn_cancela_la_pelicula_The_Authority\" >James Gunn cancela la pel\u00edcula The Authority<\/a><\/li><\/ul><\/nav><\/div>\n<h2 class=\"wp-block-heading\" id=\"h-james-gunn-cancela-la-pelicula-the-authority\"><span class=\"ez-toc-section\" id=\"James_Gunn_cancela_la_pelicula_The_Authority\"><\/span>James Gunn cancela la pel\u00edcula <em>The Authority<\/em><span class=\"ez-toc-section-end\"><\/span><\/h2>\n<p>En su momento, se lleg\u00f3 a rumorear incluso con que <strong>Gunn<\/strong> iba a escribir y dirigir la cinta, como ya hizo con la del <strong>Hombre de Acero<\/strong>. Pero en sus declaraciones, tambi\u00e9n ha negado que ese fuese jam\u00e1s el escenario. \u00abNunca habr\u00eda tenido tiempo para hacerlo y, aunque s\u00e9 que es una teor\u00eda muy extendida en Internet, nunca tuve la intenci\u00f3n de escribir ni dirigir <em>The Authority<\/em>\u00ab, promete el cineasta.<\/p>\n<p>De esta forma, el <em>Universo DC<\/em> se queda sin una de sus pel\u00edculas m\u00e1s esperadas. En cualquier caso, la franquicia a\u00fan tiene varios proyectos a corto y medio plazo muy esperados. Lo pr\u00f3ximo ser\u00e1 la pel\u00edcula de <em><strong><a href=\"https:\/\/hipertextual.com\/cine-television\/supergirl-estrena-su-increible-nuevo-trailer-con-jason-momoa-y-superman\/\" target=\"_blank\" rel=\"noopener\">Supergirl<\/a><\/strong><\/em> a comienzos de este verano. Y solo un par de meses despu\u00e9s llegar\u00e1 a los cines <em><strong><a href=\"https:\/\/hipertextual.com\/cine-television\/clayface-trailer-dc-studios\/\" target=\"_blank\" rel=\"noopener\">Clayface<\/a><\/strong><\/em>, que estren\u00f3 su primer tr\u00e1iler hace apenas unos d\u00edas. Y de cara a 2027 llegar\u00e1 <em><strong><a href=\"https:\/\/hipertextual.com\/cine-television\/5-personajes-universo-dc-que-podrian-aparecer-en-superman-man-of-tomorrow\/\" target=\"_blank\" rel=\"noopener\">Superman: Man of Tomorrow<\/a><\/strong><\/em>, la esperada secuela protagonizada por <strong>David Corenswet<\/strong>. En lo referido a series, HBO Max estrenar\u00e1 <em><strong><a href=\"https:\/\/hipertextual.com\/cine-television\/el-trailer-de-lanterns-desata-la-polemica-entre-los-fans-de-dc-peor-que-la-de-ryan-reynolds\/\" target=\"_blank\" rel=\"noopener\">Lanterns<\/a><\/strong><\/em> este mismo a\u00f1o.<\/p>\n<p>Seguir leyendo: <a href=\"https:\/\/hipertextual.com\/cine-television\/james-gunn-confirma-cancelacion-pelicula-universo-dc-no-iba-a-funcionar\/\" target=\"_blank\" rel=\"noopener\">James Gunn confirma la cancelaci\u00f3n de una de las pel\u00edculas m\u00e1s esperadas del Universo DC: \u00abNo iba a funcionar\u00bb<\/a><\/p>\n<p><a href=\"https:\/\/hipertextual.com\/cine-television\/james-gunn-confirma-cancelacion-pelicula-universo-dc-no-iba-a-funcionar\/\" class=\" target=\" title=\"James Gunn confirma la cancelaci\u00f3n de una de las pel\u00edculas m\u00e1s esperadas del Universo DC: \u00abNo iba a funcionar\u00bb\" target=\"_blank\" rel=\"noopener\">Ver fuente<\/a><\/p>\n","protected":false},"excerpt":{"rendered":"<p>Aunque el Universo DC de James Gunn y Peter Safran seguir\u00e1 creciendo este mismo a\u00f1o con hasta dos pel\u00edculas, uno de sus pr\u00f3ximos proyectos acaba de ser cancelado oficialmente. Hace ya un par de a\u00f1os, cuando se anunci\u00f3 la creaci\u00f3n de una nueva franquicia totalmente nueva, se revelaron los planes a futuro con varias series [&hellip;]<\/p>\n","protected":false},"author":2,"featured_media":128764,"comment_status":"open","ping_status":"closed","sticky":false,"template":"","format":"standard","meta":{"footnotes":""},"categories":[9],"tags":[],"class_list":["post-128763","post","type-post","status-publish","format-standard","has-post-thumbnail","hentry","category-tecnologia"],"_links":{"self":[{"href":"https:\/\/enfoquenoticioso.com\/index.php?rest_route=\/wp\/v2\/posts\/128763","targetHints":{"allow":["GET"]}}],"collection":[{"href":"https:\/\/enfoquenoticioso.com\/index.php?rest_route=\/wp\/v2\/posts"}],"about":[{"href":"https:\/\/enfoquenoticioso.com\/index.php?rest_route=\/wp\/v2\/types\/post"}],"author":[{"embeddable":true,"href":"https:\/\/enfoquenoticioso.com\/index.php?rest_route=\/wp\/v2\/users\/2"}],"replies":[{"embeddable":true,"href":"https:\/\/enfoquenoticioso.com\/index.php?rest_route=%2Fwp%2Fv2%2Fcomments&post=128763"}],"version-history":[{"count":0,"href":"https:\/\/enfoquenoticioso.com\/index.php?rest_route=\/wp\/v2\/posts\/128763\/revisions"}],"wp:featuredmedia":[{"embeddable":true,"href":"https:\/\/enfoquenoticioso.com\/index.php?rest_route=\/wp\/v2\/media\/128764"}],"wp:attachment":[{"href":"https:\/\/enfoquenoticioso.com\/index.php?rest_route=%2Fwp%2Fv2%2Fmedia&parent=128763"}],"wp:term":[{"taxonomy":"category","embeddable":true,"href":"https:\/\/enfoquenoticioso.com\/index.php?rest_route=%2Fwp%2Fv2%2Fcategories&post=128763"},{"taxonomy":"post_tag","embeddable":true,"href":"https:\/\/enfoquenoticioso.com\/index.php?rest_route=%2Fwp%2Fv2%2Ftags&post=128763"}],"curies":[{"name":"wp","href":"https:\/\/api.w.org\/{rel}","templated":true}]}}