{"id":128771,"date":"2026-04-27T17:23:40","date_gmt":"2026-04-27T17:23:40","guid":{"rendered":"https:\/\/enfoquenoticioso.com\/?p=128771"},"modified":"2026-04-27T17:23:40","modified_gmt":"2026-04-27T17:23:40","slug":"mbappe-se-lesiona-a-nada-del-clasico-en-barcelona","status":"publish","type":"post","link":"https:\/\/enfoquenoticioso.com\/?p=128771","title":{"rendered":"Mbapp\u00e9 se lesiona a nada del Cl\u00e1sico en Barcelona"},"content":{"rendered":"<div data-td-block-uid=\"tdi_72\">\n<div class=\"tdb-block-inner td-fix-index\">\n<p>Aumentaron los problemas para el Real Madrid en sus \u00faltimos esfuerzos para luchar por LaLiga de Espa\u00f1a tras confirmar la lesi\u00f3n del delantero franc\u00e9s Kylian Mbapp\u00e9, quien podr\u00eda perderse el cl\u00e1sico ante el FC Barcelona en dos semanas.<\/p>\n<p>De acuerdo con un comunicado emitido por el equipo este lunes, el jugador presenta una lesi\u00f3n en el isquiotibial izquierdo, por lo que tendr\u00e1 que realizar un proceso de recuperaci\u00f3n para estar nuevamente activo.<\/p>\n<p>\u00abTras las pruebas realizadas hoy a nuestro jugador Kylian Mbapp\u00e9 por los Servicios M\u00e9dicos del Real Madrid se le ha diagnosticado una lesi\u00f3n en el m\u00fasculo semitendinoso de la pierna izquierda. Pendiente de evoluci\u00f3n\u00bb, dijo el Madrid.<\/p>\n<p><strong>Lee tambi\u00e9n: <a href=\"https:\/\/www.liderendeportes.com\/wp-admin\/post.php?post=2321353&amp;action=edit\" target=\"_blank\" rel=\"noopener\">Inter de Mil\u00e1n est\u00e1 a un triunfo del t\u00edtulo de la Serie A<\/a><\/strong><\/p>\n<p>Hasta ahora no se ha ofrecido mayor detalle sobre la gravedad de la lesi\u00f3n ni el tiempo en el que estar\u00e1 de baja para el equipo, destacando que todo se enfocar\u00e1 en como vaya evolucionando.<\/p>\n<p>Mbbap\u00e9 tuvo que ser retirado del empate 1-1 ante el Betis en el minuto 82 tras presentar las molestias, esto juego en el partido 100 defendiendo la camiseta del Real Madrid.<\/p>\n<p>El Madrid se encuentra a 11 puntos del FC Barcelona, que marcha l\u00edder de LaLiga y est\u00e1 a un \u00fanico juego de quedar campe\u00f3n del torneo por segundo a\u00f1o consecutivo.<\/p>\n<\/div>\n<\/div>\n<p><a href=\"https:\/\/www.liderendeportes.com\/noticias\/futbol\/futbol-europeo\/mbappe-se-lesiona-a-nada-del-clasico-en-barcelona\/\" class=\" target=\" title=\"Mbapp\u00e9 se lesiona a nada del Cl\u00e1sico en Barcelona\" target=\"_blank\" rel=\"noopener\">Ver fuente<\/a><\/p>\n","protected":false},"excerpt":{"rendered":"<p>Aumentaron los problemas para el Real Madrid en sus \u00faltimos esfuerzos para luchar por LaLiga de Espa\u00f1a tras confirmar la lesi\u00f3n del delantero franc\u00e9s Kylian Mbapp\u00e9, quien podr\u00eda perderse el cl\u00e1sico ante el FC Barcelona en dos semanas. De acuerdo con un comunicado emitido por el equipo este lunes, el jugador presenta una lesi\u00f3n en [&hellip;]<\/p>\n","protected":false},"author":2,"featured_media":128772,"comment_status":"open","ping_status":"closed","sticky":false,"template":"","format":"standard","meta":{"footnotes":""},"categories":[7],"tags":[],"class_list":["post-128771","post","type-post","status-publish","format-standard","has-post-thumbnail","hentry","category-deporte"],"_links":{"self":[{"href":"https:\/\/enfoquenoticioso.com\/index.php?rest_route=\/wp\/v2\/posts\/128771","targetHints":{"allow":["GET"]}}],"collection":[{"href":"https:\/\/enfoquenoticioso.com\/index.php?rest_route=\/wp\/v2\/posts"}],"about":[{"href":"https:\/\/enfoquenoticioso.com\/index.php?rest_route=\/wp\/v2\/types\/post"}],"author":[{"embeddable":true,"href":"https:\/\/enfoquenoticioso.com\/index.php?rest_route=\/wp\/v2\/users\/2"}],"replies":[{"embeddable":true,"href":"https:\/\/enfoquenoticioso.com\/index.php?rest_route=%2Fwp%2Fv2%2Fcomments&post=128771"}],"version-history":[{"count":0,"href":"https:\/\/enfoquenoticioso.com\/index.php?rest_route=\/wp\/v2\/posts\/128771\/revisions"}],"wp:featuredmedia":[{"embeddable":true,"href":"https:\/\/enfoquenoticioso.com\/index.php?rest_route=\/wp\/v2\/media\/128772"}],"wp:attachment":[{"href":"https:\/\/enfoquenoticioso.com\/index.php?rest_route=%2Fwp%2Fv2%2Fmedia&parent=128771"}],"wp:term":[{"taxonomy":"category","embeddable":true,"href":"https:\/\/enfoquenoticioso.com\/index.php?rest_route=%2Fwp%2Fv2%2Fcategories&post=128771"},{"taxonomy":"post_tag","embeddable":true,"href":"https:\/\/enfoquenoticioso.com\/index.php?rest_route=%2Fwp%2Fv2%2Ftags&post=128771"}],"curies":[{"name":"wp","href":"https:\/\/api.w.org\/{rel}","templated":true}]}}