{"id":128783,"date":"2026-04-27T18:59:25","date_gmt":"2026-04-27T18:59:25","guid":{"rendered":"https:\/\/enfoquenoticioso.com\/?p=128783"},"modified":"2026-04-27T18:59:25","modified_gmt":"2026-04-27T18:59:25","slug":"esta-es-la-informacion-segun-el-el-ministro-de-defensa","status":"publish","type":"post","link":"https:\/\/enfoquenoticioso.com\/?p=128783","title":{"rendered":"esta es la informaci\u00f3n seg\u00fan el el ministro de Defensa"},"content":{"rendered":"<div>\n<p class=\"paragraph\">El atentado registrado en la v\u00eda Panamericana, en el sector de El T\u00fanel, inmediaciones del municipio de Cajib\u00edo (Cauca), ya deja un saldo de 21 muertos y 56 heridos.<\/p>\n<p class=\"paragraph\">As\u00ed lo confirm\u00f3 el ministro de Defensa, Pedro S\u00e1nchez Su\u00e1rez,\u00a0<b>al confirmar el deceso de otras dos personas que hab\u00edan sido trasladadas a centros asistenciales; adem\u00e1s, calific\u00f3 este hecho como uno de los m\u00e1s graves registrados en el suroccidente colombiano.<\/b><\/p>\n<p class=\"paragraph\">El titular de la cartera, en di\u00e1logo con\u00a0<i>Caracol Radio<\/i>, sostuvo que la magnitud del ataque evidencia la capacidad de da\u00f1o que mantienen las estructuras criminales sobre los corredores m\u00e1s importantes del pa\u00eds, como es el caso de la v\u00eda Panamericana.<\/p>\n<p class=\"paragraph\">\u201cEn este caso de los atentados terroristas, muy seguramente\u00a0<b>el atentado que ocurri\u00f3 sobre la Panamericana, donde lamentablemente la cifra asciende de los muertos a unos 21 y a unos 56 heridos por la carga explosiva tan grande que era<\/b>\u201d, declar\u00f3 el funcionario al citado medio de comunicaci\u00f3n.<\/p>\n<p class=\"paragraph\">El ataque se produjo en un sector donde tropas oficiales \u201cse encontraban a menos de un kil\u00f3metro adelantando acciones para restablecer el orden p\u00fablico\u201d, por lo que, para S\u00e1nchez, \u201csab\u00edan exactamente antes de activar el explosivo que iban a matar a civiles\u201d, seg\u00fan indic\u00f3 a\u00a0<i>Blu Radio<\/i>,.<\/p>\n<p class=\"paragraph\">A su vez, no descarta que en el lugar del ataque, estuvieran presentes personas que, en sus palabras, no hayan informado a las autoridades sobre movimientos extra\u00f1os.<\/p>\n<p class=\"paragraph\">\u201c<b>Muy seguramente alguien observ\u00f3 que estaban colocando eso. No podr\u00eda decir en este momento si era c\u00f3mplice o no lo era<\/b>, pero una persona que muy seguramente observ\u00f3, se dio cuenta, y una informaci\u00f3n puede salvar vidas\u201d, coment\u00f3.<\/p>\n<div class=\"visual__image\"><picture><source srcset=\"https:\/\/www.infobae.com\/resizer\/v2\/DN7VV2THYJEAJESMSGRXTNPMDE.JPG?auth=ba7102ca4d7e94143dadb295e3ed943ce8d013abeaae92b651c47d5c4566300d&amp;smart=true&amp;width=992&amp;height=661&amp;quality=85\" media=\"(min-width: 1000px)\"\/><source srcset=\"https:\/\/www.infobae.com\/resizer\/v2\/DN7VV2THYJEAJESMSGRXTNPMDE.JPG?auth=ba7102ca4d7e94143dadb295e3ed943ce8d013abeaae92b651c47d5c4566300d&amp;smart=true&amp;width=768&amp;height=512&amp;quality=85\" media=\"(min-width: 768px)\"\/><source srcset=\"https:\/\/www.infobae.com\/resizer\/v2\/DN7VV2THYJEAJESMSGRXTNPMDE.JPG?auth=ba7102ca4d7e94143dadb295e3ed943ce8d013abeaae92b651c47d5c4566300d&amp;smart=true&amp;width=577&amp;height=385&amp;quality=85\" media=\"(min-width: 580px)\"\/><source srcset=\"https:\/\/www.infobae.com\/resizer\/v2\/DN7VV2THYJEAJESMSGRXTNPMDE.JPG?auth=ba7102ca4d7e94143dadb295e3ed943ce8d013abeaae92b651c47d5c4566300d&amp;smart=true&amp;width=420&amp;height=280&amp;quality=85\" media=\"(min-width: 350px)\"\/><source srcset=\"https:\/\/www.infobae.com\/resizer\/v2\/DN7VV2THYJEAJESMSGRXTNPMDE.JPG?auth=ba7102ca4d7e94143dadb295e3ed943ce8d013abeaae92b651c47d5c4566300d&amp;smart=true&amp;width=350&amp;height=233&amp;quality=85\" media=\"(min-width: 80px)\"\/><img loading=\"lazy\" decoding=\"async\" class=\"global-image\" src=\"https:\/\/www.infobae.com\/resizer\/v2\/DN7VV2THYJEAJESMSGRXTNPMDE.JPG?auth=ba7102ca4d7e94143dadb295e3ed943ce8d013abeaae92b651c47d5c4566300d&amp;smart=true&amp;width=350&amp;height=233&amp;quality=85\" alt=\"Varias personas permanecen junto a veh\u00edculos da\u00f1ados tras un ataque con explosivos en el que murieron m\u00e1s de una docena de personas en la carretera Panamericana, en la zona de El Tunel, en Cajibio, Colombia, 26 de abril, 2026. REUTERS\/Jair Coll\" width=\"4776\" height=\"3184\"\/><\/picture>Varias personas permanecen junto a veh\u00edculos da\u00f1ados tras un ataque con explosivos en el que murieron m\u00e1s de una docena de personas en la carretera Panamericana, en la zona de El Tunel, en Cajibio, Colombia, 26 de abril, 2026. REUTERS\/Jair Coll<\/div>\n<p class=\"paragraph\">As\u00ed mismo, el ministro insisti\u00f3 en la dificultad de prevenir completamente los atentados \u201cdebido a su naturaleza impredecible\u201d, aunque asegur\u00f3 que existen en la zona 13 pelotones blindados, 12 de infanter\u00eda y sistemas avanzados de vigilancia, en lo que describi\u00f3 como \u201cla zona m\u00e1s militarizada que tenemos en el pa\u00eds\u201d.<\/p>\n<p class=\"paragraph\">Ante ello, S\u00e1nchez Su\u00e1rez detall\u00f3 que\u00a0<b>el Gobierno incrementar\u00e1 la presencia con dos pelotones de blindados que \u201cllegar\u00e1n muy seguramente en mayo\u201d.<\/b><\/p>\n<p class=\"paragraph\">En relaci\u00f3n con los responsables, S\u00e1nchez Su\u00e1rez sostuvo que detr\u00e1s de la escalada est\u00e1n \u201cestructuras de disidencias Farc\u201d y mencion\u00f3 a\u00a0<b>alias Marlon como uno de los principales instigadores de ataques recientes, recordando que hay una recompensa de hasta 5.000 millones de pesos por informaci\u00f3n que permita su captura.<\/b><\/p>\n<p class=\"paragraph\">\u201cEstos criminales ya han perdido absolutamente cualquier ideolog\u00eda que pudiera uno tener. Lo que uno encuentra en ellos es esa cultura traqueta y por \u00e9l ofrecemos una recompensa hasta de 5.000 millones de pesos\u201d, resalt\u00f3 el ministro, agregando que\u00a0<b>otros integrantes como alias Farley (1.000 millones de pesos). alias Max (500 millones de pesos) y alias Yogui (200 millones de pesos) tambi\u00e9n son buscados por las Fuerzas Militares.<\/b><\/p>\n<div class=\"visual__image\"><picture><source srcset=\"https:\/\/www.infobae.com\/resizer\/v2\/34Q6MN5DMZHKFDXZJI5UJIZSZI.jfif?auth=95bff6f91e4e1827af42ba6b6c33efe262d67eeffaf3e396bcbafc575e36ef07&amp;smart=true&amp;width=992&amp;height=1240&amp;quality=85\" media=\"(min-width: 1000px)\"\/><source srcset=\"https:\/\/www.infobae.com\/resizer\/v2\/34Q6MN5DMZHKFDXZJI5UJIZSZI.jfif?auth=95bff6f91e4e1827af42ba6b6c33efe262d67eeffaf3e396bcbafc575e36ef07&amp;smart=true&amp;width=768&amp;height=960&amp;quality=85\" media=\"(min-width: 768px)\"\/><source srcset=\"https:\/\/www.infobae.com\/resizer\/v2\/34Q6MN5DMZHKFDXZJI5UJIZSZI.jfif?auth=95bff6f91e4e1827af42ba6b6c33efe262d67eeffaf3e396bcbafc575e36ef07&amp;smart=true&amp;width=577&amp;height=721&amp;quality=85\" media=\"(min-width: 580px)\"\/><source srcset=\"https:\/\/www.infobae.com\/resizer\/v2\/34Q6MN5DMZHKFDXZJI5UJIZSZI.jfif?auth=95bff6f91e4e1827af42ba6b6c33efe262d67eeffaf3e396bcbafc575e36ef07&amp;smart=true&amp;width=420&amp;height=525&amp;quality=85\" media=\"(min-width: 350px)\"\/><source srcset=\"https:\/\/www.infobae.com\/resizer\/v2\/34Q6MN5DMZHKFDXZJI5UJIZSZI.jfif?auth=95bff6f91e4e1827af42ba6b6c33efe262d67eeffaf3e396bcbafc575e36ef07&amp;smart=true&amp;width=350&amp;height=438&amp;quality=85\" media=\"(min-width: 80px)\"\/><img loading=\"lazy\" decoding=\"async\" class=\"global-image\" src=\"https:\/\/www.infobae.com\/resizer\/v2\/34Q6MN5DMZHKFDXZJI5UJIZSZI.jfif?auth=95bff6f91e4e1827af42ba6b6c33efe262d67eeffaf3e396bcbafc575e36ef07&amp;smart=true&amp;width=350&amp;height=438&amp;quality=85\" alt=\"Alias Marlon - Recompensa\" width=\"1080\" height=\"1350\"\/><\/picture>El ministro de Defensa confirm\u00f3 que la recompensa por alias Marlon aument\u00f3 a 5.000 millones de pesos \u2013 cr\u00e9dito Ministerio de Defensa<\/div>\n<p class=\"paragraph\">Tambi\u00e9n, defendi\u00f3 la tesis de que el terrorismo dirigido contra civiles responde a \u201cla presi\u00f3n tan fuerte que la \u00fanica opci\u00f3n es atacar a los m\u00e1s indefensos\u201d, a lo que a\u00f1adi\u00f3: \u201cEso no es una muestra de fortaleza. Es una muestra de debilidad\u201d.<\/p>\n<p class=\"paragraph\">\u201c<b>El terrorismo, cuando se emplea de esa manera, atacando civiles, es porque la presi\u00f3n es tan fuerte que la \u00fanica opci\u00f3n es atacar a los m\u00e1s indefensos<\/b>\u201d, agreg\u00f3 S\u00e1nchez.<\/p>\n<p class=\"paragraph\">Adicional a ello, en entrevista con<i>\u00a0La FM<\/i>, mencion\u00f3 que el verdadero problema es estructural, al considerar que las econom\u00edas ilegales, como el narcotr\u00e1fico y la miner\u00eda ilegal, financian al entramado violento.<\/p>\n<p class=\"paragraph\"><b>\u201cEl problema es como un iceberg criminal: lo visible son los atentados, pero debajo est\u00e1n las econom\u00edas ilegales\u201d, explic\u00f3 el titular de Defensa<\/b>, a\u00f1adiendo la necesidad de erradicar estos focos il\u00edcitos, especialmente en zonas como el Ca\u00f1\u00f3n del Micay y el Naya.<\/p>\n<div class=\"visual__image\"><picture><source srcset=\"https:\/\/www.infobae.com\/resizer\/v2\/IQN5I7ZM5JBNNFN5NZC25APRVM.JPG?auth=fccb0e94fd512b730a537ea2313d8ef5011a5017241b92c6616328c37a1370e7&amp;smart=true&amp;width=992&amp;height=661&amp;quality=85\" media=\"(min-width: 1000px)\"\/><source srcset=\"https:\/\/www.infobae.com\/resizer\/v2\/IQN5I7ZM5JBNNFN5NZC25APRVM.JPG?auth=fccb0e94fd512b730a537ea2313d8ef5011a5017241b92c6616328c37a1370e7&amp;smart=true&amp;width=768&amp;height=512&amp;quality=85\" media=\"(min-width: 768px)\"\/><source srcset=\"https:\/\/www.infobae.com\/resizer\/v2\/IQN5I7ZM5JBNNFN5NZC25APRVM.JPG?auth=fccb0e94fd512b730a537ea2313d8ef5011a5017241b92c6616328c37a1370e7&amp;smart=true&amp;width=577&amp;height=385&amp;quality=85\" media=\"(min-width: 580px)\"\/><source srcset=\"https:\/\/www.infobae.com\/resizer\/v2\/IQN5I7ZM5JBNNFN5NZC25APRVM.JPG?auth=fccb0e94fd512b730a537ea2313d8ef5011a5017241b92c6616328c37a1370e7&amp;smart=true&amp;width=420&amp;height=280&amp;quality=85\" media=\"(min-width: 350px)\"\/><source srcset=\"https:\/\/www.infobae.com\/resizer\/v2\/IQN5I7ZM5JBNNFN5NZC25APRVM.JPG?auth=fccb0e94fd512b730a537ea2313d8ef5011a5017241b92c6616328c37a1370e7&amp;smart=true&amp;width=350&amp;height=233&amp;quality=85\" media=\"(min-width: 80px)\"\/><img loading=\"lazy\" decoding=\"async\" class=\"global-image\" src=\"https:\/\/www.infobae.com\/resizer\/v2\/IQN5I7ZM5JBNNFN5NZC25APRVM.JPG?auth=fccb0e94fd512b730a537ea2313d8ef5011a5017241b92c6616328c37a1370e7&amp;smart=true&amp;width=350&amp;height=233&amp;quality=85\" alt=\"A man speaks on the phone next to a crater left by an attack with explosives that killed over a dozen people on the Pan-American Highway in the El Tunel area of Cajibio, Colombia April 26, 2026. REUTERS\/Jair Coll\" width=\"5900\" height=\"3933\"\/><\/picture>A man speaks on the phone next to a crater left by an attack with explosives that killed over a dozen people on the Pan-American Highway in the El Tunel area of Cajibio, Colombia April 26, 2026. REUTERS\/Jair Coll<\/div>\n<p class=\"paragraph\">En cifras previas al atentado, detall\u00f3 que en el Valle del Cauca hab\u00eda una \u201creducci\u00f3n del 56 %\u201d y en el Cauca una \u201creducci\u00f3n del 22 %\u201d en atentados respecto al a\u00f1o anterior, pero advirti\u00f3 que el impacto del hecho ha alterado radicalmente estas tendencias.<\/p>\n<p class=\"paragraph\">Finalmente, el ministro Pedro S\u00e1nchez hizo un llamado a la comunidad para que colabore notificando a las autoridades sobre comportamientos sospechosos, destacando que la capacidad del terrorismo para \u201ccamuflarse dentro de la poblaci\u00f3n civil\u201d agrava la tarea de prevenci\u00f3n y reiter\u00f3 la ofensiva del gobierno:\u00a0<b>\u201cNo nos doblegamos\u2026 rendirse no es una opci\u00f3n\u201d, puntualiz\u00f3.<\/b><\/p>\n<p class=\"paragraph\">El atentado en la v\u00eda Panamericana marca un punto de inflexi\u00f3n en el pulso entre el Estado y los grupos armados ilegales en el suroccidente, y refleja c\u00f3mo, tras una aparente baja en los \u00edndices de violencia, persisten amenazas graves impulsadas por factores tanto operativos como econ\u00f3micos en la regi\u00f3n.<\/p>\n<p>por <strong>INFOBAE<\/strong><\/p>\n<\/p><\/div>\n<p><a href=\"https:\/\/noticiasaldiayalahora.co\/internacionales\/asciende-a-21-victimas-el-atentado-terrorista-en-colombia-esta-es-la-informacion-segun-el-el-ministro-de-defensa\/\" class=\" target=\" title=\"esta es la informaci\u00f3n seg\u00fan el el ministro de Defensa\" target=\"_blank\" rel=\"noopener\">Ver fuente<\/a><\/p>\n","protected":false},"excerpt":{"rendered":"<p>El atentado registrado en la v\u00eda Panamericana, en el sector de El T\u00fanel, inmediaciones del municipio de Cajib\u00edo (Cauca), ya deja un saldo de 21 muertos y 56 heridos. As\u00ed lo confirm\u00f3 el ministro de Defensa, Pedro S\u00e1nchez Su\u00e1rez,\u00a0al confirmar el deceso de otras dos personas que hab\u00edan sido trasladadas a centros asistenciales; adem\u00e1s, calific\u00f3 [&hellip;]<\/p>\n","protected":false},"author":2,"featured_media":128784,"comment_status":"open","ping_status":"closed","sticky":false,"template":"","format":"standard","meta":{"footnotes":""},"categories":[6],"tags":[],"class_list":["post-128783","post","type-post","status-publish","format-standard","has-post-thumbnail","hentry","category-internacionales"],"_links":{"self":[{"href":"https:\/\/enfoquenoticioso.com\/index.php?rest_route=\/wp\/v2\/posts\/128783","targetHints":{"allow":["GET"]}}],"collection":[{"href":"https:\/\/enfoquenoticioso.com\/index.php?rest_route=\/wp\/v2\/posts"}],"about":[{"href":"https:\/\/enfoquenoticioso.com\/index.php?rest_route=\/wp\/v2\/types\/post"}],"author":[{"embeddable":true,"href":"https:\/\/enfoquenoticioso.com\/index.php?rest_route=\/wp\/v2\/users\/2"}],"replies":[{"embeddable":true,"href":"https:\/\/enfoquenoticioso.com\/index.php?rest_route=%2Fwp%2Fv2%2Fcomments&post=128783"}],"version-history":[{"count":0,"href":"https:\/\/enfoquenoticioso.com\/index.php?rest_route=\/wp\/v2\/posts\/128783\/revisions"}],"wp:featuredmedia":[{"embeddable":true,"href":"https:\/\/enfoquenoticioso.com\/index.php?rest_route=\/wp\/v2\/media\/128784"}],"wp:attachment":[{"href":"https:\/\/enfoquenoticioso.com\/index.php?rest_route=%2Fwp%2Fv2%2Fmedia&parent=128783"}],"wp:term":[{"taxonomy":"category","embeddable":true,"href":"https:\/\/enfoquenoticioso.com\/index.php?rest_route=%2Fwp%2Fv2%2Fcategories&post=128783"},{"taxonomy":"post_tag","embeddable":true,"href":"https:\/\/enfoquenoticioso.com\/index.php?rest_route=%2Fwp%2Fv2%2Ftags&post=128783"}],"curies":[{"name":"wp","href":"https:\/\/api.w.org\/{rel}","templated":true}]}}