{"id":128787,"date":"2026-04-27T19:27:17","date_gmt":"2026-04-27T19:27:17","guid":{"rendered":"https:\/\/enfoquenoticioso.com\/?p=128787"},"modified":"2026-04-27T19:27:17","modified_gmt":"2026-04-27T19:27:17","slug":"el-3x3-llega-a-maracaibo-con-la-copa-gaiteros","status":"publish","type":"post","link":"https:\/\/enfoquenoticioso.com\/?p=128787","title":{"rendered":"El 3&#215;3 llega a Maracaibo con la Copa Gaiteros"},"content":{"rendered":"<div data-td-block-uid=\"tdi_72\">\n<div class=\"tdb-block-inner td-fix-index\">\n<p>Maracaibo se prepara para vivir una experiencia in\u00e9dita con la primera edici\u00f3n de la Copa Gaiteros 3\u00d73, un evento que llevar\u00e1 toda la emoci\u00f3n del baloncesto urbano a la emblem\u00e1tica Vereda del Lago este viernes 01 de mayo.\u00a0<\/p>\n<p>La capital zuliana ser\u00e1 escenario de una jornada hist\u00f3rica, al contar por primera vez con cancha, torre y balones oficiales de FIBA 3\u00d73, garantizando una experiencia profesional al 100% en la \u201cTierra del sol amada\u201d.\u00a0<\/p>\n<p>Esta iniciativa marca un paso importante en el impulso de esta modalidad del baloncesto en la regi\u00f3n impulsada por el equipo tradicional del estado Gaiteros del Zulia.\u00a0<\/p>\n<p><strong>Lee tambi\u00e9n: <a href=\"https:\/\/www.liderendeportes.com\/wp-admin\/post.php?post=2321398&amp;action=edit\" target=\"_blank\" rel=\"noopener\">Marinos sorprendi\u00f3 a Cocodrilos y Guaquer\u00edes se mete en postemporada<\/a><\/strong><\/p>\n<p>Un total de 12 equipos dir\u00e1n presente en el torneo, cada uno con la mira puesta en un solo objetivo: conquistar la copa y dejar su huella en esta primera edici\u00f3n del certamen. Se espera un ambiente cargado de energ\u00eda, competitividad y espect\u00e1culo para todos los asistentes.\u00a0<\/p>\n<p>El evento dar\u00e1 inicio desde las 9:00 de la ma\u00f1ana y cuenta con el aval oficial de FIBA 3\u00d73 y la Federaci\u00f3n Venezolana de Baloncesto, lo que respalda su organizaci\u00f3n y nivel competitivo.\u00a0<\/p>\n<p>La invitaci\u00f3n es abierta para toda la afici\u00f3n zuliana a disfrutar de un d\u00eda diferente, lleno de baloncesto, cultura urbana y entretenimiento en uno de los espacios m\u00e1s representativos de la ciudad.<\/p>\n<p><strong>Prensa Gaiteros del Zulia<\/strong><\/p>\n<\/div>\n<\/div>\n<p><a href=\"https:\/\/www.liderendeportes.com\/noticias\/basketball\/baloncesto-superliga\/el-3x3-llega-a-maracaibo-con-la-copa-gaiteros\/\" class=\" target=\" title=\"El 3x3 llega a Maracaibo con la Copa Gaiteros\" target=\"_blank\" rel=\"noopener\">Ver fuente<\/a><\/p>\n","protected":false},"excerpt":{"rendered":"<p>Maracaibo se prepara para vivir una experiencia in\u00e9dita con la primera edici\u00f3n de la Copa Gaiteros 3\u00d73, un evento que llevar\u00e1 toda la emoci\u00f3n del baloncesto urbano a la emblem\u00e1tica Vereda del Lago este viernes 01 de mayo.\u00a0 La capital zuliana ser\u00e1 escenario de una jornada hist\u00f3rica, al contar por primera vez con cancha, torre [&hellip;]<\/p>\n","protected":false},"author":2,"featured_media":128788,"comment_status":"open","ping_status":"closed","sticky":false,"template":"","format":"standard","meta":{"footnotes":""},"categories":[7],"tags":[],"class_list":["post-128787","post","type-post","status-publish","format-standard","has-post-thumbnail","hentry","category-deporte"],"_links":{"self":[{"href":"https:\/\/enfoquenoticioso.com\/index.php?rest_route=\/wp\/v2\/posts\/128787","targetHints":{"allow":["GET"]}}],"collection":[{"href":"https:\/\/enfoquenoticioso.com\/index.php?rest_route=\/wp\/v2\/posts"}],"about":[{"href":"https:\/\/enfoquenoticioso.com\/index.php?rest_route=\/wp\/v2\/types\/post"}],"author":[{"embeddable":true,"href":"https:\/\/enfoquenoticioso.com\/index.php?rest_route=\/wp\/v2\/users\/2"}],"replies":[{"embeddable":true,"href":"https:\/\/enfoquenoticioso.com\/index.php?rest_route=%2Fwp%2Fv2%2Fcomments&post=128787"}],"version-history":[{"count":0,"href":"https:\/\/enfoquenoticioso.com\/index.php?rest_route=\/wp\/v2\/posts\/128787\/revisions"}],"wp:featuredmedia":[{"embeddable":true,"href":"https:\/\/enfoquenoticioso.com\/index.php?rest_route=\/wp\/v2\/media\/128788"}],"wp:attachment":[{"href":"https:\/\/enfoquenoticioso.com\/index.php?rest_route=%2Fwp%2Fv2%2Fmedia&parent=128787"}],"wp:term":[{"taxonomy":"category","embeddable":true,"href":"https:\/\/enfoquenoticioso.com\/index.php?rest_route=%2Fwp%2Fv2%2Fcategories&post=128787"},{"taxonomy":"post_tag","embeddable":true,"href":"https:\/\/enfoquenoticioso.com\/index.php?rest_route=%2Fwp%2Fv2%2Ftags&post=128787"}],"curies":[{"name":"wp","href":"https:\/\/api.w.org\/{rel}","templated":true}]}}