{"id":128793,"date":"2026-04-27T20:01:27","date_gmt":"2026-04-27T20:01:27","guid":{"rendered":"https:\/\/enfoquenoticioso.com\/?p=128793"},"modified":"2026-04-27T20:01:27","modified_gmt":"2026-04-27T20:01:27","slug":"presidenta-rodriguez-visita-barbados","status":"publish","type":"post","link":"https:\/\/enfoquenoticioso.com\/?p=128793","title":{"rendered":"Presidenta Rodr\u00edguez visita Barbados"},"content":{"rendered":"<div>\n<p>La presidenta (E) de la Rep\u00fablica, Delcy Rodr\u00edguez, fue recibida este lunes por el jefe de Estado de Barbados, Jeffrey Bostic, en el marco de su visita oficial a dicho pa\u00eds.<\/p>\n<p>La mandataria (E) arrib\u00f3 este domingo al Aeropuerto Internacional Grantley Adams, donde fue recibida con honores para cumplir una agenda estrat\u00e9gica de trabajo.<\/p>\n<p>Rodr\u00edguez lleg\u00f3 en compa\u00f1\u00eda de una delegaci\u00f3n del Gobierno Bolivariano, encabezada por el vicepresidente sectorial de Comunicaci\u00f3n y Cultura y ministro para la Comunicaci\u00f3n e Informaci\u00f3n, Miguel \u00c1ngel P\u00e9rez Pirela, por el ministro para el Despacho de la Presidencia, Juan Francisco Escalona, y por el viceministro para el Caribe, Ra\u00fal Li Causi.<\/p>\n<p><a href=\"https:\/\/noticiasaldiayalahora.co\/wp-content\/uploads\/2026\/04\/Delcy-Barbados-4.jpg\" target=\"_blank\" rel=\"noopener\"><img loading=\"lazy\" decoding=\"async\" class=\"alignnone size-full wp-image-584054\" src=\"https:\/\/noticiasaldiayalahora.co\/wp-content\/uploads\/2026\/04\/Delcy-Barbados-4.jpg\" alt=\"\" width=\"710\" height=\"473\" srcset=\"https:\/\/noticiasaldiayalahora.co\/wp-content\/uploads\/2026\/04\/Delcy-Barbados-4.jpg 710w, https:\/\/noticiasaldiayalahora.co\/wp-content\/uploads\/2026\/04\/Delcy-Barbados-4-300x200.jpg 300w\" sizes=\"auto, (max-width: 710px) 100vw, 710px\"\/><\/a> <a href=\"https:\/\/noticiasaldiayalahora.co\/wp-content\/uploads\/2026\/04\/Delcy-Barbados-2.jpg\" target=\"_blank\" rel=\"noopener\"><img loading=\"lazy\" decoding=\"async\" class=\"alignnone size-large wp-image-584055\" src=\"https:\/\/noticiasaldiayalahora.co\/wp-content\/uploads\/2026\/04\/Delcy-Barbados-2.jpg\" alt=\"\" width=\"710\" height=\"473\" srcset=\"https:\/\/noticiasaldiayalahora.co\/wp-content\/uploads\/2026\/04\/Delcy-Barbados-2.jpg 710w, https:\/\/noticiasaldiayalahora.co\/wp-content\/uploads\/2026\/04\/Delcy-Barbados-2-300x200.jpg 300w\" sizes=\"auto, (max-width: 710px) 100vw, 710px\"\/><\/a> <a href=\"https:\/\/noticiasaldiayalahora.co\/wp-content\/uploads\/2026\/04\/Delcy-Barbados.jpg\" target=\"_blank\" rel=\"noopener\"><img loading=\"lazy\" decoding=\"async\" class=\"alignnone size-large wp-image-584056\" src=\"https:\/\/noticiasaldiayalahora.co\/wp-content\/uploads\/2026\/04\/Delcy-Barbados.jpg\" alt=\"\" width=\"710\" height=\"473\" srcset=\"https:\/\/noticiasaldiayalahora.co\/wp-content\/uploads\/2026\/04\/Delcy-Barbados.jpg 710w, https:\/\/noticiasaldiayalahora.co\/wp-content\/uploads\/2026\/04\/Delcy-Barbados-300x200.jpg 300w\" sizes=\"auto, (max-width: 710px) 100vw, 710px\"\/><\/a><\/p>\n<div id=\"ez-toc-container\" class=\"ez-toc-v2_0_81 counter-hierarchy ez-toc-counter ez-toc-grey ez-toc-container-direction\">\n<div class=\"ez-toc-title-container\">\n<p class=\"ez-toc-title\" style=\"cursor:inherit\">Tabla de Contenido<\/p>\n<span class=\"ez-toc-title-toggle\"><a href=\"#\" class=\"ez-toc-pull-right ez-toc-btn ez-toc-btn-xs ez-toc-btn-default ez-toc-toggle\" aria-label=\"Alternar tabla de contenidos\"><span class=\"ez-toc-js-icon-con\"><span class=\"\"><span class=\"eztoc-hide\" style=\"display:none;\">Toggle<\/span><span class=\"ez-toc-icon-toggle-span\"><svg style=\"fill: #999;color:#999\" xmlns=\"http:\/\/www.w3.org\/2000\/svg\" class=\"list-377408\" width=\"20px\" height=\"20px\" viewBox=\"0 0 24 24\" fill=\"none\"><path d=\"M6 6H4v2h2V6zm14 0H8v2h12V6zM4 11h2v2H4v-2zm16 0H8v2h12v-2zM4 16h2v2H4v-2zm16 0H8v2h12v-2z\" fill=\"currentColor\"><\/path><\/svg><svg style=\"fill: #999;color:#999\" class=\"arrow-unsorted-368013\" xmlns=\"http:\/\/www.w3.org\/2000\/svg\" width=\"10px\" height=\"10px\" viewBox=\"0 0 24 24\" version=\"1.2\" baseProfile=\"tiny\"><path d=\"M18.2 9.3l-6.2-6.3-6.2 6.3c-.2.2-.3.4-.3.7s.1.5.3.7c.2.2.4.3.7.3h11c.3 0 .5-.1.7-.3.2-.2.3-.5.3-.7s-.1-.5-.3-.7zM5.8 14.7l6.2 6.3 6.2-6.3c.2-.2.3-.5.3-.7s-.1-.5-.3-.7c-.2-.2-.4-.3-.7-.3h-11c-.3 0-.5.1-.7.3-.2.2-.3.5-.3.7s.1.5.3.7z\"\/><\/svg><\/span><\/span><\/span><\/a><\/span><\/div>\n<nav><ul class='ez-toc-list ez-toc-list-level-1 ' ><li class='ez-toc-page-1 ez-toc-heading-level-2'><a class=\"ez-toc-link ez-toc-heading-1\" href=\"https:\/\/enfoquenoticioso.com\/?p=128793\/#Reunion_con_la_Primera_Ministra_Mottley\" >Reuni\u00f3n con la Primera Ministra Mottley<\/a><\/li><\/ul><\/nav><\/div>\n<h2><span class=\"ez-toc-section\" id=\"Reunion_con_la_Primera_Ministra_Mottley\"><\/span>Reuni\u00f3n con la Primera Ministra Mottley<span class=\"ez-toc-section-end\"><\/span><\/h2>\n<p>En el marco de su visita oficial a Barbados, la presidenta (E) de la Rep\u00fablica, Delcy Rodr\u00edguez, fue recibida este lunes 27 de abril por la primera ministra de ese pa\u00eds, Mia Mottley.<\/p>\n<p>Durante la jornada, ambas mandatarias revisaron el mapa de cooperaci\u00f3n integral que une a las dos naciones, especialmente en sectores estrat\u00e9gicos como energ\u00eda, educaci\u00f3n y turismo.<\/p>\n<p><a href=\"https:\/\/noticiasaldiayalahora.co\/wp-content\/uploads\/2026\/04\/Delcy-y-Mottley.jpg\" target=\"_blank\" rel=\"noopener\"><img loading=\"lazy\" decoding=\"async\" class=\"alignnone size-full wp-image-584059\" src=\"https:\/\/noticiasaldiayalahora.co\/wp-content\/uploads\/2026\/04\/Delcy-y-Mottley.jpg\" alt=\"\" width=\"710\" height=\"473\" srcset=\"https:\/\/noticiasaldiayalahora.co\/wp-content\/uploads\/2026\/04\/Delcy-y-Mottley.jpg 710w, https:\/\/noticiasaldiayalahora.co\/wp-content\/uploads\/2026\/04\/Delcy-y-Mottley-300x200.jpg 300w\" sizes=\"auto, (max-width: 710px) 100vw, 710px\"\/><\/a> <a href=\"https:\/\/noticiasaldiayalahora.co\/wp-content\/uploads\/2026\/04\/Delcy-con-Mia-Mottley.jpg\" target=\"_blank\" rel=\"noopener\"><img loading=\"lazy\" decoding=\"async\" class=\"alignnone size-large wp-image-584060\" src=\"https:\/\/noticiasaldiayalahora.co\/wp-content\/uploads\/2026\/04\/Delcy-con-Mia-Mottley.jpg\" alt=\"\" width=\"710\" height=\"473\" srcset=\"https:\/\/noticiasaldiayalahora.co\/wp-content\/uploads\/2026\/04\/Delcy-con-Mia-Mottley.jpg 710w, https:\/\/noticiasaldiayalahora.co\/wp-content\/uploads\/2026\/04\/Delcy-con-Mia-Mottley-300x200.jpg 300w\" sizes=\"auto, (max-width: 710px) 100vw, 710px\"\/><\/a><\/p>\n<p>Este encuentro representa una cita hist\u00f3rica de alto nivel pol\u00edtico, al reunir a dos de las mujeres l\u00edderes m\u00e1s influyentes de la regi\u00f3n, quienes hoy conducen con determinaci\u00f3n el destino y la soberan\u00eda de sus respectivos pueblos hacia un futuro de prosperidad compartida.<\/p>\n<p>Durante la jornada, ambas mandatarias, junto a sus equipos t\u00e9cnicos y ministeriales, procedieron a revisar el mapa de cooperaci\u00f3n integral que une a las dos naciones.<\/p>\n<p>El di\u00e1logo se centr\u00f3 en sectores estrat\u00e9gicos como la energ\u00eda, la educaci\u00f3n y el turismo, \u00e1reas consideradas vitales para potenciar el crecimiento econ\u00f3mico y la resiliencia de Venezuela y Barbados frente a los desaf\u00edos globales actuales.<\/p>\n<p>Es importante destacar la visi\u00f3n compartida de ambas l\u00edderes sobre la necesidad de fortalecer el intercambio cultural y la formaci\u00f3n acad\u00e9mica como bases del desarrollo social.<\/p>\n<p>En el \u00e1mbito energ\u00e9tico y econ\u00f3mico, se exploraron mecanismos conjuntos para optimizar recursos y abrir nuevas oportunidades de inversi\u00f3n que beneficien de manera directa a los ciudadanos de ambos pa\u00edses, bajo el principio de complementariedad caribe\u00f1a.<\/p>\n<p>Este encuentro en la Residencia Oficial no solo ratifica la solidez de los acuerdos binacionales, sino que proyecta un mensaje de unidad y liderazgo femenino en la pol\u00edtica internacional.<\/p>\n<p>Ambas dignatarias Rodr\u00edguez y Mottley reafirman su voluntad de seguir trabajando en una hoja de ruta din\u00e1mica que garantice el desarrollo y bienestar social para los pueblos.<\/p>\n<p>\u00a0<\/p>\n<\/p><\/div>\n<p><a href=\"https:\/\/noticiasaldiayalahora.co\/internacionales\/presidenta-rodriguez-visita-barbados\/\" class=\" target=\" title=\"Presidenta Rodr\u00edguez visita Barbados\" target=\"_blank\" rel=\"noopener\">Ver fuente<\/a><\/p>\n","protected":false},"excerpt":{"rendered":"<p>La presidenta (E) de la Rep\u00fablica, Delcy Rodr\u00edguez, fue recibida este lunes por el jefe de Estado de Barbados, Jeffrey Bostic, en el marco de su visita oficial a dicho pa\u00eds. La mandataria (E) arrib\u00f3 este domingo al Aeropuerto Internacional Grantley Adams, donde fue recibida con honores para cumplir una agenda estrat\u00e9gica de trabajo. Rodr\u00edguez [&hellip;]<\/p>\n","protected":false},"author":2,"featured_media":128794,"comment_status":"open","ping_status":"closed","sticky":false,"template":"","format":"standard","meta":{"footnotes":""},"categories":[6],"tags":[],"class_list":["post-128793","post","type-post","status-publish","format-standard","has-post-thumbnail","hentry","category-internacionales"],"_links":{"self":[{"href":"https:\/\/enfoquenoticioso.com\/index.php?rest_route=\/wp\/v2\/posts\/128793","targetHints":{"allow":["GET"]}}],"collection":[{"href":"https:\/\/enfoquenoticioso.com\/index.php?rest_route=\/wp\/v2\/posts"}],"about":[{"href":"https:\/\/enfoquenoticioso.com\/index.php?rest_route=\/wp\/v2\/types\/post"}],"author":[{"embeddable":true,"href":"https:\/\/enfoquenoticioso.com\/index.php?rest_route=\/wp\/v2\/users\/2"}],"replies":[{"embeddable":true,"href":"https:\/\/enfoquenoticioso.com\/index.php?rest_route=%2Fwp%2Fv2%2Fcomments&post=128793"}],"version-history":[{"count":0,"href":"https:\/\/enfoquenoticioso.com\/index.php?rest_route=\/wp\/v2\/posts\/128793\/revisions"}],"wp:featuredmedia":[{"embeddable":true,"href":"https:\/\/enfoquenoticioso.com\/index.php?rest_route=\/wp\/v2\/media\/128794"}],"wp:attachment":[{"href":"https:\/\/enfoquenoticioso.com\/index.php?rest_route=%2Fwp%2Fv2%2Fmedia&parent=128793"}],"wp:term":[{"taxonomy":"category","embeddable":true,"href":"https:\/\/enfoquenoticioso.com\/index.php?rest_route=%2Fwp%2Fv2%2Fcategories&post=128793"},{"taxonomy":"post_tag","embeddable":true,"href":"https:\/\/enfoquenoticioso.com\/index.php?rest_route=%2Fwp%2Fv2%2Ftags&post=128793"}],"curies":[{"name":"wp","href":"https:\/\/api.w.org\/{rel}","templated":true}]}}