{"id":128797,"date":"2026-04-27T20:32:39","date_gmt":"2026-04-27T20:32:39","guid":{"rendered":"https:\/\/enfoquenoticioso.com\/?p=128797"},"modified":"2026-04-27T20:32:39","modified_gmt":"2026-04-27T20:32:39","slug":"si-trump-esta-ganando-para-que-pide-negociaciones","status":"publish","type":"post","link":"https:\/\/enfoquenoticioso.com\/?p=128797","title":{"rendered":"Si Trump est\u00e1 ganando, \u00bfpara qu\u00e9 pide negociaciones?"},"content":{"rendered":"<div>\n<p>El ministro de Relaciones Exteriores iran\u00ed, Abbas Araghchi, coment\u00f3 las afirmaciones del presidente de EE.UU., Donald Trump, de que el pa\u00eds norteamericano est\u00e1 ganando la guerra contra Ir\u00e1n.<\/p>\n<p>\u00ab\u00bfEntonces por qu\u00e9 pidi\u00f3 entablar negociaciones?\u00bb, respondi\u00f3 al ser preguntado por el tema tras su reuni\u00f3n este lunes en San Petersburgo con el presidente ruso, Vlad\u00edmir Putin. \u00abEs obvio que Ir\u00e1n resiste a la potencia m\u00e1s grande del mundo\u00bb, agreg\u00f3.<\/p>\n<p>El canciller se\u00f1al\u00f3 que Washington no ha alcanzado ninguno de sus objetivos en su agresi\u00f3n contra el pa\u00eds persa y asegur\u00f3 que esa es la raz\u00f3n por la que Trump insiste en las negociaciones con Ir\u00e1n, cuesti\u00f3n que Teher\u00e1n est\u00e1 actualmente valorando.<\/p>\n<div id=\"ez-toc-container\" class=\"ez-toc-v2_0_81 counter-hierarchy ez-toc-counter ez-toc-grey ez-toc-container-direction\">\n<div class=\"ez-toc-title-container\">\n<p class=\"ez-toc-title\" style=\"cursor:inherit\">Tabla de Contenido<\/p>\n<span class=\"ez-toc-title-toggle\"><a href=\"#\" class=\"ez-toc-pull-right ez-toc-btn ez-toc-btn-xs ez-toc-btn-default ez-toc-toggle\" aria-label=\"Alternar tabla de contenidos\"><span class=\"ez-toc-js-icon-con\"><span class=\"\"><span class=\"eztoc-hide\" style=\"display:none;\">Toggle<\/span><span class=\"ez-toc-icon-toggle-span\"><svg style=\"fill: #999;color:#999\" xmlns=\"http:\/\/www.w3.org\/2000\/svg\" class=\"list-377408\" width=\"20px\" height=\"20px\" viewBox=\"0 0 24 24\" fill=\"none\"><path d=\"M6 6H4v2h2V6zm14 0H8v2h12V6zM4 11h2v2H4v-2zm16 0H8v2h12v-2zM4 16h2v2H4v-2zm16 0H8v2h12v-2z\" fill=\"currentColor\"><\/path><\/svg><svg style=\"fill: #999;color:#999\" class=\"arrow-unsorted-368013\" xmlns=\"http:\/\/www.w3.org\/2000\/svg\" width=\"10px\" height=\"10px\" viewBox=\"0 0 24 24\" version=\"1.2\" baseProfile=\"tiny\"><path d=\"M18.2 9.3l-6.2-6.3-6.2 6.3c-.2.2-.3.4-.3.7s.1.5.3.7c.2.2.4.3.7.3h11c.3 0 .5-.1.7-.3.2-.2.3-.5.3-.7s-.1-.5-.3-.7zM5.8 14.7l6.2 6.3 6.2-6.3c.2-.2.3-.5.3-.7s-.1-.5-.3-.7c-.2-.2-.4-.3-.7-.3h-11c-.3 0-.5.1-.7.3-.2.2-.3.5-.3.7s.1.5.3.7z\"\/><\/svg><\/span><\/span><\/span><\/a><\/span><\/div>\n<nav><ul class='ez-toc-list ez-toc-list-level-1 ' ><li class='ez-toc-page-1 ez-toc-heading-level-2'><a class=\"ez-toc-link ez-toc-heading-1\" href=\"https:\/\/enfoquenoticioso.com\/?p=128797\/#Reunion_con_Putin\" >Reuni\u00f3n con Putin<\/a><ul class='ez-toc-list-level-3' ><li class='ez-toc-heading-level-3'><a class=\"ez-toc-link ez-toc-heading-2\" href=\"https:\/\/enfoquenoticioso.com\/?p=128797\/#%C2%ABUna_asociacion_estrategica_al_mas_alto_nivel%C2%BB\" >\u00abUna asociaci\u00f3n estrat\u00e9gica al m\u00e1s alto nivel\u00bb<\/a><\/li><li class='ez-toc-page-1 ez-toc-heading-level-3'><a class=\"ez-toc-link ez-toc-heading-3\" href=\"https:\/\/enfoquenoticioso.com\/?p=128797\/#Visitas\" >Visitas<\/a><\/li><li class='ez-toc-page-1 ez-toc-heading-level-3'><a class=\"ez-toc-link ez-toc-heading-4\" href=\"https:\/\/enfoquenoticioso.com\/?p=128797\/#Negociaciones_quedan_en_el_aire\" >Negociaciones quedan en el aire<\/a><\/li><\/ul><\/li><\/ul><\/nav><\/div>\n<h2><span class=\"ez-toc-section\" id=\"Reunion_con_Putin\"><\/span>Reuni\u00f3n con Putin<span class=\"ez-toc-section-end\"><\/span><\/h2>\n<p>El presidente ruso, Vlad\u00edmir Putin, se re\u00fane con el ministro de Exteriores iran\u00ed, Abbas Araghchi, que lleg\u00f3 a San Petersburgo en visita oficial en medio del estancamiento del proceso de negociaci\u00f3n con EE.UU.<\/p>\n<p>Adem\u00e1s, Putin se\u00f1al\u00f3 que la semana pasada recibi\u00f3 un mensaje del l\u00edder supremo de Ir\u00e1n, Mojtab\u00e1 Jamene\u00ed, y en respuesta le transmiti\u00f3 sus \u00abm\u00e1s sinceras palabras de agradecimiento\u00bb. \u00abRusia, al igual que Ir\u00e1n, tiene la intenci\u00f3n de continuar nuestras relaciones estrat\u00e9gicas\u00bb, asegur\u00f3.<\/p>\n<p><a href=\"https:\/\/noticiasaldiayalahora.co\/wp-content\/uploads\/2026\/04\/Canciller-irani-con-Putin.jpg\" target=\"_blank\" rel=\"noopener\"><img loading=\"lazy\" decoding=\"async\" class=\"alignnone size-large wp-image-584068\" src=\"https:\/\/noticiasaldiayalahora.co\/wp-content\/uploads\/2026\/04\/Canciller-irani-con-Putin-1024x577.jpg\" alt=\"\" width=\"1024\" height=\"577\" srcset=\"https:\/\/noticiasaldiayalahora.co\/wp-content\/uploads\/2026\/04\/Canciller-irani-con-Putin-1024x577.jpg 1024w, https:\/\/noticiasaldiayalahora.co\/wp-content\/uploads\/2026\/04\/Canciller-irani-con-Putin-300x169.jpg 300w, https:\/\/noticiasaldiayalahora.co\/wp-content\/uploads\/2026\/04\/Canciller-irani-con-Putin-768x433.jpg 768w, https:\/\/noticiasaldiayalahora.co\/wp-content\/uploads\/2026\/04\/Canciller-irani-con-Putin-777x437.jpg 777w, https:\/\/noticiasaldiayalahora.co\/wp-content\/uploads\/2026\/04\/Canciller-irani-con-Putin-180x101.jpg 180w, https:\/\/noticiasaldiayalahora.co\/wp-content\/uploads\/2026\/04\/Canciller-irani-con-Putin-260x146.jpg 260w, https:\/\/noticiasaldiayalahora.co\/wp-content\/uploads\/2026\/04\/Canciller-irani-con-Putin-373x210.jpg 373w, https:\/\/noticiasaldiayalahora.co\/wp-content\/uploads\/2026\/04\/Canciller-irani-con-Putin-120x67.jpg 120w, https:\/\/noticiasaldiayalahora.co\/wp-content\/uploads\/2026\/04\/Canciller-irani-con-Putin.jpg 1104w\" sizes=\"auto, (max-width: 1024px) 100vw, 1024px\"\/><\/a><\/p>\n<p>El l\u00edder ruso asever\u00f3 que espera que\u00a0<strong>el pueblo iran\u00ed supere este \u00abperiodo de prueba\u00bb y que llegue la paz<\/strong>, indicando que la Rep\u00fablica Isl\u00e1mica \u00ablucha con valent\u00eda\u00bb por su soberan\u00eda.\u00a0Destac\u00f3\u00a0que Rusia har\u00e1 todo lo que responda con los intereses de Ir\u00e1n y otros pa\u00edses de la regi\u00f3n para lograr que la paz se instale en Oriente Medio lo antes posible.<\/p>\n<h3><span class=\"ez-toc-section\" id=\"%C2%ABUna_asociacion_estrategica_al_mas_alto_nivel%C2%BB\"><\/span><strong>\u00abUna asociaci\u00f3n estrat\u00e9gica al m\u00e1s alto nivel\u00bb<\/strong><span class=\"ez-toc-section-end\"><\/span><\/h3>\n<p>Por su parte, Araghchi agradeci\u00f3 a Putin y a Rusia por su respaldo. \u00ab<strong>Les agradecemos sus posiciones firmes y decididas en apoyo de la Rep\u00fablica Isl\u00e1mica de Ir\u00e1n<\/strong>\u00ab, expres\u00f3.<\/p>\n<p>Al mismo tiempo, asever\u00f3 que en Teher\u00e1n consideran las relaciones entre ambas naciones \u00ab<strong>una asociaci\u00f3n estrat\u00e9gica al m\u00e1s alto nivel<\/strong>\u00ab, a\u00f1adiendo que se seguir\u00e1n consolidando \u00aba pesar de todo lo que est\u00e9 sucediendo\u00bb.<\/p>\n<p>El canciller resalt\u00f3 que \u00abel pueblo iran\u00ed, gracias a su resistencia, su valent\u00eda y su esp\u00edritu, ha librado con \u00e9xito la lucha contra los ataques y la agresi\u00f3n estadounidenses\u00bb. \u00ab<strong>Ir\u00e1n lo ha soportado todo y seguir\u00e1 resistiendo en el futuro<\/strong>\u00ab, sostuvo.<\/p>\n<h3><span class=\"ez-toc-section\" id=\"Visitas\"><\/span><strong>Visitas<\/strong><span class=\"ez-toc-section-end\"><\/span><\/h3>\n<p>Antes de\u00a0llegar\u00a0a Rusia, el ministro visit\u00f3\u00a0Islamabad, donde\u00a0present\u00f3\u00a0la postura de Teher\u00e1n al mediador pakistan\u00ed, y\u00a0Mascate, donde se reuni\u00f3 con varios altos cargos oman\u00edes.<\/p>\n<p>Araghchi\u00a0coment\u00f3\u00a0la finalidad de esos viajes. \u00abEl objetivo de mis visitas es coordinar estrechamente con nuestros socios\u00a0<strong>los asuntos bilaterales<\/strong>\u00a0y consultar sobre los acontecimientos regionales\u00bb, escribi\u00f3 en X el viernes.<\/p>\n<h3><span class=\"ez-toc-section\" id=\"Negociaciones_quedan_en_el_aire\"><\/span>Negociaciones quedan en el aire<span class=\"ez-toc-section-end\"><\/span><\/h3>\n<p>Mientras, el proceso de negociaciones entre Ir\u00e1n y EE.UU. ha quedado en el aire,\u00a0ya que la segunda\u00a0ronda\u00a0entre las delegaciones de ambos pa\u00edses en Islamabad se cancel\u00f3 dos veces.<\/p>\n<p>Primero,\u00a0el encuentro\u00a0del mi\u00e9rcoles pasado fue pospuesto por tiempo indefinido. Posteriormente, el presidente estadounidense, Donald Trump,\u00a0anunci\u00f3\u00a0que hab\u00eda cancelado\u00a0el viaje de Steve Witkoff y Jared Kushner a Pakist\u00e1n, programado para el s\u00e1bado.<\/p>\n<p>\u00abHace poco les dije a mis colaboradores que se estaban preparando para partir: \u2018No, no van a hacer un vuelo de 18 horas para ir all\u00ed. Tenemos la sart\u00e9n por el mango. Pueden llamarnos cuando quieran, pero no van a hacer m\u00e1s vuelos de 18 horas para quedarse sentados hablando de nada&#8217;\u00bb, declar\u00f3 Trump.<\/p>\n<p>Por su parte, Araghchi denunci\u00f3 tras su viaje a Pakist\u00e1n del s\u00e1bado: \u00abA\u00fan no hemos visto si Estados Unidos se toma realmente en serio la diplomacia\u00bb.<\/p>\n<p>Ir\u00e1n tambi\u00e9n afirma que responder\u00e1 con contundencia a cualquier nueva agresi\u00f3n por parte de Washington. \u00abEstados Unidos debe saber que las Fuerzas Armadas de la Rep\u00fablica Isl\u00e1mica de Ir\u00e1n son m\u00e1s poderosas y est\u00e1n mejor preparadas que nunca para defender su soberan\u00eda, territorio e intereses nacionales\u00bb, manifest\u00f3 el Cuartel General Khatam al Anbiya. RT<\/p>\n<\/p><\/div>\n<p><a href=\"https:\/\/noticiasaldiayalahora.co\/internacionales\/canciller-abbas-araghchi-si-trump-esta-ganando-para-que-pide-negociaciones\/\" class=\" target=\" title=\"Si Trump est\u00e1 ganando, \u00bfpara qu\u00e9 pide negociaciones?\" target=\"_blank\" rel=\"noopener\">Ver fuente<\/a><\/p>\n","protected":false},"excerpt":{"rendered":"<p>El ministro de Relaciones Exteriores iran\u00ed, Abbas Araghchi, coment\u00f3 las afirmaciones del presidente de EE.UU., Donald Trump, de que el pa\u00eds norteamericano est\u00e1 ganando la guerra contra Ir\u00e1n. \u00ab\u00bfEntonces por qu\u00e9 pidi\u00f3 entablar negociaciones?\u00bb, respondi\u00f3 al ser preguntado por el tema tras su reuni\u00f3n este lunes en San Petersburgo con el presidente ruso, Vlad\u00edmir Putin. [&hellip;]<\/p>\n","protected":false},"author":2,"featured_media":128798,"comment_status":"open","ping_status":"closed","sticky":false,"template":"","format":"standard","meta":{"footnotes":""},"categories":[6],"tags":[],"class_list":["post-128797","post","type-post","status-publish","format-standard","has-post-thumbnail","hentry","category-internacionales"],"_links":{"self":[{"href":"https:\/\/enfoquenoticioso.com\/index.php?rest_route=\/wp\/v2\/posts\/128797","targetHints":{"allow":["GET"]}}],"collection":[{"href":"https:\/\/enfoquenoticioso.com\/index.php?rest_route=\/wp\/v2\/posts"}],"about":[{"href":"https:\/\/enfoquenoticioso.com\/index.php?rest_route=\/wp\/v2\/types\/post"}],"author":[{"embeddable":true,"href":"https:\/\/enfoquenoticioso.com\/index.php?rest_route=\/wp\/v2\/users\/2"}],"replies":[{"embeddable":true,"href":"https:\/\/enfoquenoticioso.com\/index.php?rest_route=%2Fwp%2Fv2%2Fcomments&post=128797"}],"version-history":[{"count":0,"href":"https:\/\/enfoquenoticioso.com\/index.php?rest_route=\/wp\/v2\/posts\/128797\/revisions"}],"wp:featuredmedia":[{"embeddable":true,"href":"https:\/\/enfoquenoticioso.com\/index.php?rest_route=\/wp\/v2\/media\/128798"}],"wp:attachment":[{"href":"https:\/\/enfoquenoticioso.com\/index.php?rest_route=%2Fwp%2Fv2%2Fmedia&parent=128797"}],"wp:term":[{"taxonomy":"category","embeddable":true,"href":"https:\/\/enfoquenoticioso.com\/index.php?rest_route=%2Fwp%2Fv2%2Fcategories&post=128797"},{"taxonomy":"post_tag","embeddable":true,"href":"https:\/\/enfoquenoticioso.com\/index.php?rest_route=%2Fwp%2Fv2%2Ftags&post=128797"}],"curies":[{"name":"wp","href":"https:\/\/api.w.org\/{rel}","templated":true}]}}