{"id":128801,"date":"2026-04-27T21:00:14","date_gmt":"2026-04-27T21:00:14","guid":{"rendered":"https:\/\/enfoquenoticioso.com\/?p=128801"},"modified":"2026-04-27T21:00:14","modified_gmt":"2026-04-27T21:00:14","slug":"omailyn-alcala-se-corono-campeona-mundial-en-brasil","status":"publish","type":"post","link":"https:\/\/enfoquenoticioso.com\/?p=128801","title":{"rendered":"Omailyn Alcal\u00e1 se coron\u00f3 campeona mundial en Brasil"},"content":{"rendered":"<div data-td-block-uid=\"tdi_72\">\n<div class=\"tdb-block-inner td-fix-index\">\n<p>La boxeadora venezolana, Omailyn Alcal\u00e1, demostr\u00f3 el gran nivel que posee al conquistar la Copa del Mundo que se realiz\u00f3 en Paran\u00e1, Brasil, espec\u00edficamente en la categor\u00eda de los 57 kilogramos.<\/p>\n<p>La criolla se convirti\u00f3 en la primera mujer venezolana en conseguir esta haza\u00f1a dentro de una Copa del Mundo, en la que logr\u00f3 dominar desde su primera actuaci\u00f3n del certamen.<\/p>\n<p>Alcal\u00e1 logr\u00f3 esta impresionante gesta con un total de cuatro combates en los que logr\u00f3 sobreponerse por superioridad num\u00e9rica 5:0, lo que la llev\u00f3 hasta la gran final.<\/p>\n<p><strong>Lee tambi\u00e9n: <a href=\"https:\/\/www.liderendeportes.com\/wp-admin\/post.php?post=2321407&amp;action=edit\" target=\"_blank\" rel=\"noopener\">Delegaci\u00f3n suramericana juvenil recibida por todo lo alto<\/a><\/strong><\/p>\n<p>En esta competencia logr\u00f3 vencer a la dominicana G\u00e9nesis de la Rosa e hizo lo propio en el segundo y tercer encuentro ante sus rivales la mexicana Guadalupe Torres y a la argentina Delfina.<\/p>\n<p>El \u00faltimo enfrentamiento fue contra la h\u00fangara Kukhta Vladislavam, a quien domin\u00f3 con un 77% de efectividad en sus golpes.<\/p>\n<p>Alcal\u00e1 ven\u00eda de ganar la medalla de bronce en septiembre de 2025, donde logr\u00f3 vencer a la india Jasmine Lamboria, en el marco de la Copa Mundial de Boxeo disputada en China Taip\u00e9i.<\/p>\n<\/div>\n<\/div>\n<p><a href=\"https:\/\/www.liderendeportes.com\/noticias\/mas-deportes\/boxeo\/omailyn-alcala-se-corono-campeona-mundial-en-brasil\/\" class=\" target=\" title=\"Omailyn Alcal\u00e1 se coron\u00f3 campeona mundial en Brasil\" target=\"_blank\" rel=\"noopener\">Ver fuente<\/a><\/p>\n","protected":false},"excerpt":{"rendered":"<p>La boxeadora venezolana, Omailyn Alcal\u00e1, demostr\u00f3 el gran nivel que posee al conquistar la Copa del Mundo que se realiz\u00f3 en Paran\u00e1, Brasil, espec\u00edficamente en la categor\u00eda de los 57 kilogramos. La criolla se convirti\u00f3 en la primera mujer venezolana en conseguir esta haza\u00f1a dentro de una Copa del Mundo, en la que logr\u00f3 dominar [&hellip;]<\/p>\n","protected":false},"author":2,"featured_media":128802,"comment_status":"open","ping_status":"closed","sticky":false,"template":"","format":"standard","meta":{"footnotes":""},"categories":[7],"tags":[],"class_list":["post-128801","post","type-post","status-publish","format-standard","has-post-thumbnail","hentry","category-deporte"],"_links":{"self":[{"href":"https:\/\/enfoquenoticioso.com\/index.php?rest_route=\/wp\/v2\/posts\/128801","targetHints":{"allow":["GET"]}}],"collection":[{"href":"https:\/\/enfoquenoticioso.com\/index.php?rest_route=\/wp\/v2\/posts"}],"about":[{"href":"https:\/\/enfoquenoticioso.com\/index.php?rest_route=\/wp\/v2\/types\/post"}],"author":[{"embeddable":true,"href":"https:\/\/enfoquenoticioso.com\/index.php?rest_route=\/wp\/v2\/users\/2"}],"replies":[{"embeddable":true,"href":"https:\/\/enfoquenoticioso.com\/index.php?rest_route=%2Fwp%2Fv2%2Fcomments&post=128801"}],"version-history":[{"count":0,"href":"https:\/\/enfoquenoticioso.com\/index.php?rest_route=\/wp\/v2\/posts\/128801\/revisions"}],"wp:featuredmedia":[{"embeddable":true,"href":"https:\/\/enfoquenoticioso.com\/index.php?rest_route=\/wp\/v2\/media\/128802"}],"wp:attachment":[{"href":"https:\/\/enfoquenoticioso.com\/index.php?rest_route=%2Fwp%2Fv2%2Fmedia&parent=128801"}],"wp:term":[{"taxonomy":"category","embeddable":true,"href":"https:\/\/enfoquenoticioso.com\/index.php?rest_route=%2Fwp%2Fv2%2Fcategories&post=128801"},{"taxonomy":"post_tag","embeddable":true,"href":"https:\/\/enfoquenoticioso.com\/index.php?rest_route=%2Fwp%2Fv2%2Ftags&post=128801"}],"curies":[{"name":"wp","href":"https:\/\/api.w.org\/{rel}","templated":true}]}}