{"id":128807,"date":"2026-04-27T22:02:11","date_gmt":"2026-04-27T22:02:11","guid":{"rendered":"https:\/\/enfoquenoticioso.com\/?p=128807"},"modified":"2026-04-27T22:02:11","modified_gmt":"2026-04-27T22:02:11","slug":"modric-sufre-una-fractura-que-preocupa-a-croacia","status":"publish","type":"post","link":"https:\/\/enfoquenoticioso.com\/?p=128807","title":{"rendered":"Modric sufre una fractura que preocupa a Croacia"},"content":{"rendered":"<div data-td-block-uid=\"tdi_72\">\n<div class=\"tdb-block-inner td-fix-index\">\n<p>El f\u00fatbol europeo sigue llen\u00e1ndose de jugadores lesionados a falta de menos de 45 d\u00edas para iniciar la Copa del Mundo de la FIFA y el nuevo caso es el capit\u00e1n de Croacia, Luka Modric.<\/p>\n<p>El mediocampista tiene una fractura en el p\u00f3mulo que sufri\u00f3 en los minutos finales del cl\u00e1sico del domingo que termin\u00f3 en empate sin goles (0-0) entre el AC Milan, su club, y la Juventus. Esto pareci\u00f3 poner fin a su temporada con el \u00abrossoneri\u00bb y prendi\u00f3 las alarmas en el seleccionado balc\u00e1nico.<\/p>\n<p><strong>Lee tambi\u00e9n: <a href=\"https:\/\/www.liderendeportes.com\/noticias\/futbol\/futbol-europeo\/mbappe-se-lesiona-a-nada-del-clasico-en-barcelona\/\" target=\"_blank\" rel=\"noopener\">Mbapp\u00e9 se lesiona a nada del Cl\u00e1sico en Barcelona<\/a><\/strong><\/p>\n<p>Modric disput\u00f3 un bal\u00f3n a\u00e9reo contra Manuel Locatelli (mediocampista de la Juve). Su club inform\u00f3 que las pruebas realizadas el lunes revelaron una fractura en su p\u00f3mulo izquierdo y que el jugador de 40 a\u00f1os pasar\u00e1 por el quir\u00f3fano en las pr\u00f3ximas horas.<\/p>\n<p>El Milan, tercero en la Serie A sin posibilidad de luchar por el t\u00edtulo, no especific\u00f3 por cu\u00e1nto tiempo estar\u00e1 de baja el croata, pero solo quedan cuatro fechas por jugar en el torneo italiano, lo \u00fanico que le queda al club por disputar.<\/p>\n<p>Croacia dar\u00e1 comienzo a su andadura en el Mundial contra Inglaterra dentro de siete semanas, el 17 de junio. Tambi\u00e9n jugar\u00e1 contra Panam\u00e1 y Ghana en\u00a0el\u00a0Grupo L.<\/p>\n<p>Modric tambi\u00e9n se encuentra en los \u00faltimos meses de su contrato con el Milan, tras haber\u00a0firmado un acuerdo de un a\u00f1o\u00a0el verano pasado despu\u00e9s de\u00a013 temporadas repletas de t\u00edtulos\u00a0en el Real Madrid. Tiene la opci\u00f3n de extender el contrato por un a\u00f1o m\u00e1s.<\/p>\n<\/div>\n<\/div>\n<p><a href=\"https:\/\/www.liderendeportes.com\/noticias\/futbol\/futbol-europeo\/modric-sufre-una-fractura-que-preocupa-a-croacia\/\" class=\" target=\" title=\"Modric sufre una fractura que preocupa a Croacia\" target=\"_blank\" rel=\"noopener\">Ver fuente<\/a><\/p>\n","protected":false},"excerpt":{"rendered":"<p>El f\u00fatbol europeo sigue llen\u00e1ndose de jugadores lesionados a falta de menos de 45 d\u00edas para iniciar la Copa del Mundo de la FIFA y el nuevo caso es el capit\u00e1n de Croacia, Luka Modric. El mediocampista tiene una fractura en el p\u00f3mulo que sufri\u00f3 en los minutos finales del cl\u00e1sico del domingo que termin\u00f3 [&hellip;]<\/p>\n","protected":false},"author":2,"featured_media":128808,"comment_status":"open","ping_status":"closed","sticky":false,"template":"","format":"standard","meta":{"footnotes":""},"categories":[7],"tags":[],"class_list":["post-128807","post","type-post","status-publish","format-standard","has-post-thumbnail","hentry","category-deporte"],"_links":{"self":[{"href":"https:\/\/enfoquenoticioso.com\/index.php?rest_route=\/wp\/v2\/posts\/128807","targetHints":{"allow":["GET"]}}],"collection":[{"href":"https:\/\/enfoquenoticioso.com\/index.php?rest_route=\/wp\/v2\/posts"}],"about":[{"href":"https:\/\/enfoquenoticioso.com\/index.php?rest_route=\/wp\/v2\/types\/post"}],"author":[{"embeddable":true,"href":"https:\/\/enfoquenoticioso.com\/index.php?rest_route=\/wp\/v2\/users\/2"}],"replies":[{"embeddable":true,"href":"https:\/\/enfoquenoticioso.com\/index.php?rest_route=%2Fwp%2Fv2%2Fcomments&post=128807"}],"version-history":[{"count":0,"href":"https:\/\/enfoquenoticioso.com\/index.php?rest_route=\/wp\/v2\/posts\/128807\/revisions"}],"wp:featuredmedia":[{"embeddable":true,"href":"https:\/\/enfoquenoticioso.com\/index.php?rest_route=\/wp\/v2\/media\/128808"}],"wp:attachment":[{"href":"https:\/\/enfoquenoticioso.com\/index.php?rest_route=%2Fwp%2Fv2%2Fmedia&parent=128807"}],"wp:term":[{"taxonomy":"category","embeddable":true,"href":"https:\/\/enfoquenoticioso.com\/index.php?rest_route=%2Fwp%2Fv2%2Fcategories&post=128807"},{"taxonomy":"post_tag","embeddable":true,"href":"https:\/\/enfoquenoticioso.com\/index.php?rest_route=%2Fwp%2Fv2%2Ftags&post=128807"}],"curies":[{"name":"wp","href":"https:\/\/api.w.org\/{rel}","templated":true}]}}