{"id":128825,"date":"2026-04-28T00:37:06","date_gmt":"2026-04-28T00:37:06","guid":{"rendered":"https:\/\/enfoquenoticioso.com\/?p=128825"},"modified":"2026-04-28T00:37:06","modified_gmt":"2026-04-28T00:37:06","slug":"ildemaro-vargas-es-el-mvp-de-la-semana","status":"publish","type":"post","link":"https:\/\/enfoquenoticioso.com\/?p=128825","title":{"rendered":"Ildemaro Vargas es el &#8216;MVP&#8217; de la semana"},"content":{"rendered":"<div data-td-block-uid=\"tdi_72\">\n<div class=\"tdb-block-inner td-fix-index\">\n<p>No era de sorprender, pero s\u00ed de esperarse, pues con sus actuaciones desde hace varios juegos, que intensific\u00f3 la semana anterior, le valieron a Ildemaro Vargas llevarse la distinci\u00f3n como el \u2018MVP\u2019 de la semana en la Liga Nacional.<\/p>\n<p>En el periodo comprendido del 20 al 26 de abril, el <a href=\"https:\/\/www.mlb.com\/es\/player\/ildemaro-vargas-545121?stats=gamelogs-r-hitting-mlb&amp;year=2026\" target=\"_blank\" rel=\"noopener\">criollo <\/a>-que gan\u00f3 su primer reconocimiento semanal en 10 a\u00f1os de carrera en MLB- present\u00f3 promedio de .364 tras terminar de 22-8, con cuatro jonrones, 12 carreras impulsadas y una seguidilla de 23 juegos con al menos un hit, 20 de ellos en este 2026 para igualar el mejor arranque de un criollo en Grandes Ligas que ten\u00eda en solitario Pablo Sandoval en 2012.<\/p>\n<figure class=\"wp-block-embed is-type-rich is-provider-twitter wp-block-embed-twitter\"\/>\n<p>En la fecha mencionada, Ildemaro Vargas se midi\u00f3 tres veces a los Medias Blancas de Chicago, terminando de 13-4 con tres anotadas, tres vuelacercas, ocho remolcadas y solo ponche. Adem\u00e1s, tuvo par de encuentros el fin de semana contra los Padres de San Diego, finalizando de 9-4 con cuatro anotadas, un doble, un triple, un cuadrangular, cuatro fletadas y solo un ponche.<\/p>\n<p><strong>Lee tambi\u00e9n: <a href=\"https:\/\/www.liderendeportes.com\/noticias\/venezolanos-mlb\/ildemaro-vargas-empato-marca-de-pablo-sandoval\/\" target=\"_blank\" rel=\"noopener\">Ildemaro Vargas empat\u00f3 marca de Pablo Sandoval<\/a><\/strong><\/p>\n<p>Por otro lado, en la Liga Americana, la distinci\u00f3n se la llev\u00f3 el jardinero de los Atl\u00e9ticos, <a href=\"https:\/\/www.mlb.com\/es\/player\/carlos-cortes-666126?stats=gamelogs-r-hitting-mlb&amp;year=2026\" target=\"_blank\" rel=\"noopener\">Carlos Cort\u00e9s<\/a>, al culminar de 24-13 para promedio de .542 con 3 bambinazos y 7 carreras empujadas, en tres partidos contra los Marineros de Seattle y otro tres ante los Rangers de Texas, todos como visitante.<\/p>\n<p>Adem\u00e1s, la Jugada de la Semana la hizo Nico Hoerner, jugador de la semana anterior en la Nacional, al hacer una gran acrobacia contra los Dodgers de Los \u00c1ngeles.<\/p>\n<figure class=\"wp-block-embed is-type-rich is-provider-twitter wp-block-embed-twitter\"\/><\/div>\n<\/div>\n<p><a href=\"https:\/\/www.liderendeportes.com\/noticias\/venezolanos-mlb\/ildemaro-vargas-es-el-mvp-de-la-semana\/\" class=\" target=\" title=\"Ildemaro Vargas es el &#039;MVP&#039; de la semana\" target=\"_blank\" rel=\"noopener\">Ver fuente<\/a><\/p>\n","protected":false},"excerpt":{"rendered":"<p>No era de sorprender, pero s\u00ed de esperarse, pues con sus actuaciones desde hace varios juegos, que intensific\u00f3 la semana anterior, le valieron a Ildemaro Vargas llevarse la distinci\u00f3n como el \u2018MVP\u2019 de la semana en la Liga Nacional. En el periodo comprendido del 20 al 26 de abril, el criollo -que gan\u00f3 su primer [&hellip;]<\/p>\n","protected":false},"author":2,"featured_media":128826,"comment_status":"open","ping_status":"closed","sticky":false,"template":"","format":"standard","meta":{"footnotes":""},"categories":[7],"tags":[],"class_list":["post-128825","post","type-post","status-publish","format-standard","has-post-thumbnail","hentry","category-deporte"],"_links":{"self":[{"href":"https:\/\/enfoquenoticioso.com\/index.php?rest_route=\/wp\/v2\/posts\/128825","targetHints":{"allow":["GET"]}}],"collection":[{"href":"https:\/\/enfoquenoticioso.com\/index.php?rest_route=\/wp\/v2\/posts"}],"about":[{"href":"https:\/\/enfoquenoticioso.com\/index.php?rest_route=\/wp\/v2\/types\/post"}],"author":[{"embeddable":true,"href":"https:\/\/enfoquenoticioso.com\/index.php?rest_route=\/wp\/v2\/users\/2"}],"replies":[{"embeddable":true,"href":"https:\/\/enfoquenoticioso.com\/index.php?rest_route=%2Fwp%2Fv2%2Fcomments&post=128825"}],"version-history":[{"count":0,"href":"https:\/\/enfoquenoticioso.com\/index.php?rest_route=\/wp\/v2\/posts\/128825\/revisions"}],"wp:featuredmedia":[{"embeddable":true,"href":"https:\/\/enfoquenoticioso.com\/index.php?rest_route=\/wp\/v2\/media\/128826"}],"wp:attachment":[{"href":"https:\/\/enfoquenoticioso.com\/index.php?rest_route=%2Fwp%2Fv2%2Fmedia&parent=128825"}],"wp:term":[{"taxonomy":"category","embeddable":true,"href":"https:\/\/enfoquenoticioso.com\/index.php?rest_route=%2Fwp%2Fv2%2Fcategories&post=128825"},{"taxonomy":"post_tag","embeddable":true,"href":"https:\/\/enfoquenoticioso.com\/index.php?rest_route=%2Fwp%2Fv2%2Ftags&post=128825"}],"curies":[{"name":"wp","href":"https:\/\/api.w.org\/{rel}","templated":true}]}}