{"id":128827,"date":"2026-04-28T01:08:37","date_gmt":"2026-04-28T01:08:37","guid":{"rendered":"https:\/\/enfoquenoticioso.com\/?p=128827"},"modified":"2026-04-28T01:08:37","modified_gmt":"2026-04-28T01:08:37","slug":"venezuela-brillo-en-el-mundial-de-kempo","status":"publish","type":"post","link":"https:\/\/enfoquenoticioso.com\/?p=128827","title":{"rendered":"Venezuela brill\u00f3 en el Mundial de Kempo"},"content":{"rendered":"<div data-td-block-uid=\"tdi_72\">\n<div class=\"tdb-block-inner td-fix-index\">\n<p><strong>La delegaci\u00f3n venezolana de Kempo dej\u00f3 en alto el nombre del pa\u00eds al participar en el Campeonato Mundial\u00a0<\/strong>, celebrado en la ciudad de Antalya, Turqu\u00eda, donde cosech\u00f3 dos doradas, una plata y once de bronce.<\/p>\n<p>El certamen, que se desarroll\u00f3 del 20 al 26 de abril de 2026 en la categor\u00eda Adultos,\u00a0<strong>cont\u00f3 con la participaci\u00f3n de atletas de \u00e9lite de todo el mundo, donde los criollos cosecharon 11 preseas<\/strong>\u00a0<strong>las dos modalidades de la competencia.<\/strong><\/p>\n<p><strong>Leer tambi\u00e9n: <a href=\"https:\/\/www.liderendeportes.com\/noticias\/mas-deportes\/boxeo\/omailyn-alcala-se-corono-campeona-mundial-en-brasil\/\" target=\"_blank\" rel=\"noopener\">Omailyn Alcal\u00e1 se coron\u00f3 campeona mundial en Brasil<\/a><\/strong><\/p>\n<div id=\"ez-toc-container\" class=\"ez-toc-v2_0_81 counter-hierarchy ez-toc-counter ez-toc-grey ez-toc-container-direction\">\n<div class=\"ez-toc-title-container\">\n<p class=\"ez-toc-title\" style=\"cursor:inherit\">Tabla de Contenido<\/p>\n<span class=\"ez-toc-title-toggle\"><a href=\"#\" class=\"ez-toc-pull-right ez-toc-btn ez-toc-btn-xs ez-toc-btn-default ez-toc-toggle\" aria-label=\"Alternar tabla de contenidos\"><span class=\"ez-toc-js-icon-con\"><span class=\"\"><span class=\"eztoc-hide\" style=\"display:none;\">Toggle<\/span><span class=\"ez-toc-icon-toggle-span\"><svg style=\"fill: #999;color:#999\" xmlns=\"http:\/\/www.w3.org\/2000\/svg\" class=\"list-377408\" width=\"20px\" height=\"20px\" viewBox=\"0 0 24 24\" fill=\"none\"><path d=\"M6 6H4v2h2V6zm14 0H8v2h12V6zM4 11h2v2H4v-2zm16 0H8v2h12v-2zM4 16h2v2H4v-2zm16 0H8v2h12v-2z\" fill=\"currentColor\"><\/path><\/svg><svg style=\"fill: #999;color:#999\" class=\"arrow-unsorted-368013\" xmlns=\"http:\/\/www.w3.org\/2000\/svg\" width=\"10px\" height=\"10px\" viewBox=\"0 0 24 24\" version=\"1.2\" baseProfile=\"tiny\"><path d=\"M18.2 9.3l-6.2-6.3-6.2 6.3c-.2.2-.3.4-.3.7s.1.5.3.7c.2.2.4.3.7.3h11c.3 0 .5-.1.7-.3.2-.2.3-.5.3-.7s-.1-.5-.3-.7zM5.8 14.7l6.2 6.3 6.2-6.3c.2-.2.3-.5.3-.7s-.1-.5-.3-.7c-.2-.2-.4-.3-.7-.3h-11c-.3 0-.5.1-.7.3-.2.2-.3.5-.3.7s.1.5.3.7z\"\/><\/svg><\/span><\/span><\/span><\/a><\/span><\/div>\n<nav><ul class='ez-toc-list ez-toc-list-level-1 ' ><li class='ez-toc-page-1 ez-toc-heading-level-2'><a class=\"ez-toc-link ez-toc-heading-1\" href=\"https:\/\/enfoquenoticioso.com\/?p=128827\/#Arma_dorada\" >Arma dorada<\/a><\/li><li class='ez-toc-page-1 ez-toc-heading-level-2'><a class=\"ez-toc-link ez-toc-heading-2\" href=\"https:\/\/enfoquenoticioso.com\/?p=128827\/#Defensa_efectiva\" >Defensa efectiva<\/a><\/li><\/ul><\/nav><\/div>\n<h2 class=\"wp-block-heading\" id=\"arma-dorada\"><span class=\"ez-toc-section\" id=\"Arma_dorada\"><\/span>Arma dorada<span class=\"ez-toc-section-end\"><\/span><\/h2>\n<p><strong>G\u00e9nesis Castro<\/strong>\u00a0se coron\u00f3 en la modalidad de forma con armas en la categor\u00eda senior, adem\u00e1s de sumar dos medallas de bronce en forma manos libres senior (Kata) y en combate semikenpo -55kg.<\/p>\n<p>Por su parte,\u00a0<strong>Carlos \u00c1vila\u00a0<\/strong>se apoder\u00f3 de la medalla el oro en la categor\u00eda combate semikenpo -85kg, mientras que Danyimar Albarrac\u00edn de gan\u00f3 una medalla de plata en combate semikenpo -60kg.<\/p>\n<p>Asimismo,\u00a0<strong>Francoise P\u00e9rez\u00a0<\/strong>logr\u00f3 tres medallas de bronce en las disciplina de formas con armas senior, forma manos libres senior (Kata) y combate semikenpo -95kg.<\/p>\n<h2 class=\"wp-block-heading\" id=\"defensa-efectiva\"><span class=\"ez-toc-section\" id=\"Defensa_efectiva\"><\/span>Defensa efectiva<span class=\"ez-toc-section-end\"><\/span><\/h2>\n<p><strong>En la modalidad de defensa personal los criollos\u00a0<\/strong>tambi\u00e9n lograron subir al podio para reclamar medallas.<\/p>\n<p><strong>En la categor\u00eda 1vs1 femenino, el binomio de G\u00e9nesis Castro y Danyimar Albarrac\u00edn<\/strong>\u00a0consigui\u00f3 el tercer lugar, al igual que el equipo Carlos \u00c1vila y Danyimar Albarrac\u00edn en la rama mixta.<\/p>\n<p>Finalmente,\u00a0<strong>el cuarteto conformado por G\u00e9nesis Castro, Carlos \u00c1vila, Danyimar Albarrac\u00edn y Fran\u00e7oise P\u00e9rez<\/strong>\u00a0se colg\u00f3 la medalla de bronce en la modalidad de defensa personal por equipo.<\/p>\n<p><strong>Felipe Ramirez \/ Prensa Mindeporte<\/strong><\/p>\n<\/div>\n<\/div>\n<p><a href=\"https:\/\/www.liderendeportes.com\/noticias\/mas-deportes\/venezuela-brillo-en-el-mundial-de-kempo\/\" class=\" target=\" title=\"Venezuela brill\u00f3 en el Mundial de Kempo\" target=\"_blank\" rel=\"noopener\">Ver fuente<\/a><\/p>\n","protected":false},"excerpt":{"rendered":"<p>La delegaci\u00f3n venezolana de Kempo dej\u00f3 en alto el nombre del pa\u00eds al participar en el Campeonato Mundial\u00a0, celebrado en la ciudad de Antalya, Turqu\u00eda, donde cosech\u00f3 dos doradas, una plata y once de bronce. El certamen, que se desarroll\u00f3 del 20 al 26 de abril de 2026 en la categor\u00eda Adultos,\u00a0cont\u00f3 con la participaci\u00f3n [&hellip;]<\/p>\n","protected":false},"author":2,"featured_media":128828,"comment_status":"open","ping_status":"closed","sticky":false,"template":"","format":"standard","meta":{"footnotes":""},"categories":[7],"tags":[],"class_list":["post-128827","post","type-post","status-publish","format-standard","has-post-thumbnail","hentry","category-deporte"],"_links":{"self":[{"href":"https:\/\/enfoquenoticioso.com\/index.php?rest_route=\/wp\/v2\/posts\/128827","targetHints":{"allow":["GET"]}}],"collection":[{"href":"https:\/\/enfoquenoticioso.com\/index.php?rest_route=\/wp\/v2\/posts"}],"about":[{"href":"https:\/\/enfoquenoticioso.com\/index.php?rest_route=\/wp\/v2\/types\/post"}],"author":[{"embeddable":true,"href":"https:\/\/enfoquenoticioso.com\/index.php?rest_route=\/wp\/v2\/users\/2"}],"replies":[{"embeddable":true,"href":"https:\/\/enfoquenoticioso.com\/index.php?rest_route=%2Fwp%2Fv2%2Fcomments&post=128827"}],"version-history":[{"count":0,"href":"https:\/\/enfoquenoticioso.com\/index.php?rest_route=\/wp\/v2\/posts\/128827\/revisions"}],"wp:featuredmedia":[{"embeddable":true,"href":"https:\/\/enfoquenoticioso.com\/index.php?rest_route=\/wp\/v2\/media\/128828"}],"wp:attachment":[{"href":"https:\/\/enfoquenoticioso.com\/index.php?rest_route=%2Fwp%2Fv2%2Fmedia&parent=128827"}],"wp:term":[{"taxonomy":"category","embeddable":true,"href":"https:\/\/enfoquenoticioso.com\/index.php?rest_route=%2Fwp%2Fv2%2Fcategories&post=128827"},{"taxonomy":"post_tag","embeddable":true,"href":"https:\/\/enfoquenoticioso.com\/index.php?rest_route=%2Fwp%2Fv2%2Ftags&post=128827"}],"curies":[{"name":"wp","href":"https:\/\/api.w.org\/{rel}","templated":true}]}}