{"id":128831,"date":"2026-04-28T02:10:12","date_gmt":"2026-04-28T02:10:12","guid":{"rendered":"https:\/\/enfoquenoticioso.com\/?p=128831"},"modified":"2026-04-28T02:10:12","modified_gmt":"2026-04-28T02:10:12","slug":"rashford-se-bajaria-el-sueldo-para-poder-quedarse-en-el-barcelona","status":"publish","type":"post","link":"https:\/\/enfoquenoticioso.com\/?p=128831","title":{"rendered":"Rashford se bajar\u00eda el sueldo para poder quedarse en el Barcelona"},"content":{"rendered":"<div data-td-block-uid=\"tdi_72\">\n<div class=\"tdb-block-inner td-fix-index\">\n<p>Marcus Rashford, de 28 a\u00f1os, est\u00e1 decidido a seguir en el FC Barcelona. Para lograrlo, el ingl\u00e9s aceptar\u00eda cobrar menos y as\u00ed destrabar una operaci\u00f3n que econ\u00f3micamente \u00abno invita al optimismo\u00bb para las arcas del club azulgrana actualmente.<\/p>\n<p>Adicional a esto, el Manchester United pide 30 millones de euros por el delantero, una cifra que el Bar\u00e7a intenta renegociar. La ficha de Rashford asciende a 300.000 libras semanales, una cantidad destacable que el jugador est\u00e1 dispuesto a reducir dr\u00e1sticamente para poder seguir vistiendo los colores del blaugrana.<\/p>\n<p>Aunque ha sido suplente, Rashford suma 13 goles y ocho asistencias en 45 partidos esta temporada. Pese a estas cifras, el club catal\u00e1n duda debido al alto desembolso que supone un futbolista que no ha logrado la titularidad indiscutible.<\/p>\n<p><strong>Leer tambi\u00e9n: <a href=\"https:\/\/www.liderendeportes.com\/noticias\/futbol\/suramericano\/ucv-a-pelear-por-el-triunfo-en-casa-ante-rosario-central\/\" target=\"_blank\" rel=\"noopener\">UCV a pelear por el triunfo en casa ante Rosario Central<\/a><\/strong><\/p>\n<p>Los \u00abRed Devils\u00bb tambi\u00e9n quieren desprenderse de \u00e9l para reinvertir su salario antes de la nueva zafra. Rashford no planea volver a Old Trafford, ignorando incluso el regreso de su equipo de origen a la Champions League.<\/p>\n<p>Aunque el Tottenham aparece como interesado, el delantero prefiere mantenerse en Espa\u00f1a. Su futuro sigue en el aire mientras el Barcelona intenta negociar una rebaja en su cl\u00e1usula de compra para asegurar su continuidad por varios a\u00f1os m\u00e1s.<\/p>\n<\/div>\n<\/div>\n<p><a href=\"https:\/\/www.liderendeportes.com\/noticias\/futbol\/futbol-europeo\/rashford-se-bajaria-el-sueldo-para-poder-quedarse-en-el-barcelona\/\" class=\" target=\" title=\"Rashford se bajar\u00eda el sueldo para poder quedarse en el Barcelona\" target=\"_blank\" rel=\"noopener\">Ver fuente<\/a><\/p>\n","protected":false},"excerpt":{"rendered":"<p>Marcus Rashford, de 28 a\u00f1os, est\u00e1 decidido a seguir en el FC Barcelona. Para lograrlo, el ingl\u00e9s aceptar\u00eda cobrar menos y as\u00ed destrabar una operaci\u00f3n que econ\u00f3micamente \u00abno invita al optimismo\u00bb para las arcas del club azulgrana actualmente. Adicional a esto, el Manchester United pide 30 millones de euros por el delantero, una cifra que [&hellip;]<\/p>\n","protected":false},"author":2,"featured_media":128832,"comment_status":"open","ping_status":"closed","sticky":false,"template":"","format":"standard","meta":{"footnotes":""},"categories":[7],"tags":[],"class_list":["post-128831","post","type-post","status-publish","format-standard","has-post-thumbnail","hentry","category-deporte"],"_links":{"self":[{"href":"https:\/\/enfoquenoticioso.com\/index.php?rest_route=\/wp\/v2\/posts\/128831","targetHints":{"allow":["GET"]}}],"collection":[{"href":"https:\/\/enfoquenoticioso.com\/index.php?rest_route=\/wp\/v2\/posts"}],"about":[{"href":"https:\/\/enfoquenoticioso.com\/index.php?rest_route=\/wp\/v2\/types\/post"}],"author":[{"embeddable":true,"href":"https:\/\/enfoquenoticioso.com\/index.php?rest_route=\/wp\/v2\/users\/2"}],"replies":[{"embeddable":true,"href":"https:\/\/enfoquenoticioso.com\/index.php?rest_route=%2Fwp%2Fv2%2Fcomments&post=128831"}],"version-history":[{"count":0,"href":"https:\/\/enfoquenoticioso.com\/index.php?rest_route=\/wp\/v2\/posts\/128831\/revisions"}],"wp:featuredmedia":[{"embeddable":true,"href":"https:\/\/enfoquenoticioso.com\/index.php?rest_route=\/wp\/v2\/media\/128832"}],"wp:attachment":[{"href":"https:\/\/enfoquenoticioso.com\/index.php?rest_route=%2Fwp%2Fv2%2Fmedia&parent=128831"}],"wp:term":[{"taxonomy":"category","embeddable":true,"href":"https:\/\/enfoquenoticioso.com\/index.php?rest_route=%2Fwp%2Fv2%2Fcategories&post=128831"},{"taxonomy":"post_tag","embeddable":true,"href":"https:\/\/enfoquenoticioso.com\/index.php?rest_route=%2Fwp%2Fv2%2Ftags&post=128831"}],"curies":[{"name":"wp","href":"https:\/\/api.w.org\/{rel}","templated":true}]}}