{"id":128837,"date":"2026-04-28T03:12:26","date_gmt":"2026-04-28T03:12:26","guid":{"rendered":"https:\/\/enfoquenoticioso.com\/?p=128837"},"modified":"2026-04-28T03:12:26","modified_gmt":"2026-04-28T03:12:26","slug":"ansu-fati-confia-en-poder-quedarse-en-el-monaco","status":"publish","type":"post","link":"https:\/\/enfoquenoticioso.com\/?p=128837","title":{"rendered":"Ansu Fati conf\u00eda en poder quedarse en el M\u00f3naco"},"content":{"rendered":"<div data-td-block-uid=\"tdi_72\">\n<div class=\"tdb-block-inner td-fix-index\">\n<p>Aunque se hizo conocido en e FC Barcelona por su car\u00e1cter de futura estrella, el atacante Ansu Fati tiene serias intenciones de quedarse en el M\u00f3naco, equipo en el que ha recuperado notoriedad y donde se le ha visto seguro y vertical.<\/p>\n<p>Seg\u00fan, su padre, Bori, Fati quiere hacer que su condici\u00f3n de cedido se convierta en un fichaje definitivo, de modo de continuar disputando la Ligue One para la pr\u00f3xima temporada.<\/p>\n<p>\u00abNos gustar\u00eda que Fati se quedara en el Monaco. Est\u00e1 feliz all\u00ed\u00bb afirm\u00f3, \u00abSigue teniendo contrato con el Bar\u00e7a hasta junio de 2028, as\u00ed que veremos qu\u00e9 pasa\u00bb<\/p>\n<p><strong>Leer tambi\u00e9n: <a href=\"https:\/\/www.liderendeportes.com\/noticias\/futbol\/futbol-europeo\/rashford-se-bajaria-el-sueldo-para-poder-quedarse-en-el-barcelona\/\" target=\"_blank\" rel=\"noopener\">Rashford se bajar\u00eda el sueldo para poder quedarse en el Barcelona<\/a><\/strong><\/p>\n<p>Aunque no dio certezas con relaci\u00f3n al caso, la verdad es que ya existe una intenci\u00f3n consistente de parte del jugador de ya no estar al frente del club blaugrana, y ha demostrado que su momento est\u00e1 fuera de Espa\u00f1a.<\/p>\n<p>Asimismo, Ansu Fati lleva 9 dianas en 22 encuentros ligueros, una de sus mejores campa\u00f1as hasta ahora. Sabiendo este registro, el M\u00f3naco podr\u00eda intentar apelar a su opci\u00f3n a comprar por 11 millones de euros.<\/p>\n<\/div>\n<\/div>\n<p><a href=\"https:\/\/www.liderendeportes.com\/noticias\/futbol\/futbol-europeo\/ansu-fati-confia-en-poder-quedarse-en-el-monaco\/\" class=\" target=\" title=\"Ansu Fati conf\u00eda en poder quedarse en el M\u00f3naco\" target=\"_blank\" rel=\"noopener\">Ver fuente<\/a><\/p>\n","protected":false},"excerpt":{"rendered":"<p>Aunque se hizo conocido en e FC Barcelona por su car\u00e1cter de futura estrella, el atacante Ansu Fati tiene serias intenciones de quedarse en el M\u00f3naco, equipo en el que ha recuperado notoriedad y donde se le ha visto seguro y vertical. Seg\u00fan, su padre, Bori, Fati quiere hacer que su condici\u00f3n de cedido se [&hellip;]<\/p>\n","protected":false},"author":2,"featured_media":128838,"comment_status":"open","ping_status":"closed","sticky":false,"template":"","format":"standard","meta":{"footnotes":""},"categories":[7],"tags":[],"class_list":["post-128837","post","type-post","status-publish","format-standard","has-post-thumbnail","hentry","category-deporte"],"_links":{"self":[{"href":"https:\/\/enfoquenoticioso.com\/index.php?rest_route=\/wp\/v2\/posts\/128837","targetHints":{"allow":["GET"]}}],"collection":[{"href":"https:\/\/enfoquenoticioso.com\/index.php?rest_route=\/wp\/v2\/posts"}],"about":[{"href":"https:\/\/enfoquenoticioso.com\/index.php?rest_route=\/wp\/v2\/types\/post"}],"author":[{"embeddable":true,"href":"https:\/\/enfoquenoticioso.com\/index.php?rest_route=\/wp\/v2\/users\/2"}],"replies":[{"embeddable":true,"href":"https:\/\/enfoquenoticioso.com\/index.php?rest_route=%2Fwp%2Fv2%2Fcomments&post=128837"}],"version-history":[{"count":0,"href":"https:\/\/enfoquenoticioso.com\/index.php?rest_route=\/wp\/v2\/posts\/128837\/revisions"}],"wp:featuredmedia":[{"embeddable":true,"href":"https:\/\/enfoquenoticioso.com\/index.php?rest_route=\/wp\/v2\/media\/128838"}],"wp:attachment":[{"href":"https:\/\/enfoquenoticioso.com\/index.php?rest_route=%2Fwp%2Fv2%2Fmedia&parent=128837"}],"wp:term":[{"taxonomy":"category","embeddable":true,"href":"https:\/\/enfoquenoticioso.com\/index.php?rest_route=%2Fwp%2Fv2%2Fcategories&post=128837"},{"taxonomy":"post_tag","embeddable":true,"href":"https:\/\/enfoquenoticioso.com\/index.php?rest_route=%2Fwp%2Fv2%2Ftags&post=128837"}],"curies":[{"name":"wp","href":"https:\/\/api.w.org\/{rel}","templated":true}]}}