{"id":128855,"date":"2026-04-28T09:46:03","date_gmt":"2026-04-28T09:46:03","guid":{"rendered":"https:\/\/enfoquenoticioso.com\/?p=128855"},"modified":"2026-04-28T09:46:03","modified_gmt":"2026-04-28T09:46:03","slug":"por-que-no-se-incluyeron-las-acusaciones-de-delitos-de-michael-jackson-en-la-pelicula","status":"publish","type":"post","link":"https:\/\/enfoquenoticioso.com\/?p=128855","title":{"rendered":"\u00bfPor qu\u00e9 no se incluyeron las acusaciones de delitos de Michael Jackson en la pel\u00edcula?"},"content":{"rendered":"<figure><img loading=\"lazy\" decoding=\"async\" width=\"1024\" height=\"614\" src=\"https:\/\/i0.wp.com\/imgs.hipertextual.com\/wp-content\/uploads\/2026\/04\/Michael-taquilla.jpg?fit=1024%2C614&amp;quality=70&amp;strip=all&amp;ssl=1\" class=\"attachment-rss-image-size size-rss-image-size wp-post-image\" alt=\"Michael taquilla\" \/><\/figure>\n<p><em><a href=\"https:\/\/hipertextual.com\/cine-television\/michael-critica-retrato-edulcorado-de-la-estrella-para-los-fans-mas-complacientes\/\" target=\"_blank\" rel=\"noopener\">Michael<\/a><\/em> de Antoine Fuqua se estren\u00f3 y, como era de esperarse, caus\u00f3 revuelo. Tanto, como para, con apenas una semana de estreno, <a href=\"https:\/\/hipertextual.com\/cine-television\/michael-hace-historia-en-taquilla-destrozando-los-records-de-cualquier-otro-biopic\/\" target=\"_blank\" rel=\"noopener\">convertirse en el <em>biopic<\/em> musical m\u00e1s exitoso de todos los tiempos<\/a>, por encima del ic\u00f3nico <em>Bohemian Rhapsody<\/em>. Pero <a href=\"https:\/\/hipertextual.com\/cine-television\/las-5-polemicas-con-las-que-tendra-que-lidiar-michael-el-biopic-de-michael-jackson\/\" target=\"_blank\" rel=\"noopener\">a pesar de eso, la cinta no est\u00e1 exenta de pol\u00e9mica<\/a> y, de hecho, desde el primer d\u00eda de su llegada a las salas del mundo, la producci\u00f3n estuvo rodeada de controversia. Por un lado, <a href=\"https:\/\/hipertextual.com\/cine-television\/7-puntos-clave-que-michael-deberia-tocar-para-ser-un-buen-biopic\/\" target=\"_blank\" rel=\"noopener\">por tomarse libertades considerables<\/a> al contar la historia del artista. <strong>Algo que incluye ignorar la existencia de varios de sus hermanos y hasta de Diana Ross en su vida.<\/strong><\/p>\n<p>Por el otro lado y m\u00e1s grave todav\u00eda, por simplificar la vida de Michael Jackson hasta convertirla en una versi\u00f3n edulcorada de la realidad. La trama, que sigue al cantante desde su infancia en Gary, Indiana, hasta llegar a su \u00e9xito en Los \u00c1ngeles, evita cuidadosamente cualquier controversia. Por lo que hay escasas menciones a la rivalidad <strong>entre los hermanos Jackson, la tensa relaci\u00f3n con las disqueras y hasta sus problemas de acn\u00e9.&nbsp;<\/strong><\/p>\n<p>No obstante, el punto m\u00e1s delicado de los olvidos selectivos de la pel\u00edcula va m\u00e1s all\u00e1 de la mera an\u00e9cdota. <em>Michael<\/em> termina en pleno concierto de apertura de la gira BAD del cantante, por lo que no avanza hacia las acusaciones de abuso sexual que marcaron su vida. M\u00e1s complicado todav\u00eda, el mismo director y los actores del reparto <a href=\"https:\/\/deadline.com\/2026\/04\/michael-biopic-doesnt-include-child-abuse-allegations-1236868509\/\" target=\"_blank\" rel=\"noopener\">han dejado entrever su escepticismo sobre los grav\u00edsimos se\u00f1alamientos<\/a>. <\/p>\n<p>Por lo que no es probable que una futura y muy probable secuela a\u00f1ada la informaci\u00f3n o, al menos, de manera neutral. Un giro de los acontecimientos que empa\u00f1a el \u00e9xito al plantear dudas razonables sobre su exactitud y el objetivo de la pel\u00edcula como producci\u00f3n. <strong>Pero adem\u00e1s, hay una raz\u00f3n muy concreta para la controversial decisi\u00f3n de guion.\u00a0<\/strong><\/p>\n<div id=\"ez-toc-container\" class=\"ez-toc-v2_0_81 counter-hierarchy ez-toc-counter ez-toc-grey ez-toc-container-direction\">\n<div class=\"ez-toc-title-container\">\n<p class=\"ez-toc-title\" style=\"cursor:inherit\">Tabla de Contenido<\/p>\n<span class=\"ez-toc-title-toggle\"><a href=\"#\" class=\"ez-toc-pull-right ez-toc-btn ez-toc-btn-xs ez-toc-btn-default ez-toc-toggle\" aria-label=\"Alternar tabla de contenidos\"><span class=\"ez-toc-js-icon-con\"><span class=\"\"><span class=\"eztoc-hide\" style=\"display:none;\">Toggle<\/span><span class=\"ez-toc-icon-toggle-span\"><svg style=\"fill: #999;color:#999\" xmlns=\"http:\/\/www.w3.org\/2000\/svg\" class=\"list-377408\" width=\"20px\" height=\"20px\" viewBox=\"0 0 24 24\" fill=\"none\"><path d=\"M6 6H4v2h2V6zm14 0H8v2h12V6zM4 11h2v2H4v-2zm16 0H8v2h12v-2zM4 16h2v2H4v-2zm16 0H8v2h12v-2z\" fill=\"currentColor\"><\/path><\/svg><svg style=\"fill: #999;color:#999\" class=\"arrow-unsorted-368013\" xmlns=\"http:\/\/www.w3.org\/2000\/svg\" width=\"10px\" height=\"10px\" viewBox=\"0 0 24 24\" version=\"1.2\" baseProfile=\"tiny\"><path d=\"M18.2 9.3l-6.2-6.3-6.2 6.3c-.2.2-.3.4-.3.7s.1.5.3.7c.2.2.4.3.7.3h11c.3 0 .5-.1.7-.3.2-.2.3-.5.3-.7s-.1-.5-.3-.7zM5.8 14.7l6.2 6.3 6.2-6.3c.2-.2.3-.5.3-.7s-.1-.5-.3-.7c-.2-.2-.4-.3-.7-.3h-11c-.3 0-.5.1-.7.3-.2.2-.3.5-.3.7s.1.5.3.7z\"\/><\/svg><\/span><\/span><\/span><\/a><\/span><\/div>\n<nav><ul class='ez-toc-list ez-toc-list-level-1 ' ><li class='ez-toc-page-1 ez-toc-heading-level-2'><a class=\"ez-toc-link ez-toc-heading-1\" href=\"https:\/\/enfoquenoticioso.com\/?p=128855\/#%C2%BFPor_que_no_se_incluye_ninguna_mencion_a_las_polemicas_de_Michael_Jackson_en_el_biopic\" >\u00bfPor qu\u00e9 no se incluye ninguna menci\u00f3n a las pol\u00e9micas de Michael Jackson en el biopic?<\/a><\/li><li class='ez-toc-page-1 ez-toc-heading-level-2'><a class=\"ez-toc-link ez-toc-heading-2\" href=\"https:\/\/enfoquenoticioso.com\/?p=128855\/#Un_acuerdo_legal_complicado\" >Un acuerdo legal complicado<\/a><\/li><li class='ez-toc-page-1 ez-toc-heading-level-2'><a class=\"ez-toc-link ez-toc-heading-3\" href=\"https:\/\/enfoquenoticioso.com\/?p=128855\/#Una_filmacion_que_debio_comenzar_de_nuevo\" >Una filmaci\u00f3n que debi\u00f3 comenzar de nuevo<\/a><\/li><\/ul><\/nav><\/div>\n<h2 class=\"wp-block-heading\" id=\"h-por-que-no-se-incluye-ninguna-mencion-a-las-polemicas-de-michael-jackson-en-el-nbsp-biopic-nbsp\"><span class=\"ez-toc-section\" id=\"%C2%BFPor_que_no_se_incluye_ninguna_mencion_a_las_polemicas_de_Michael_Jackson_en_el_biopic\"><\/span>\u00bfPor qu\u00e9 no se incluye ninguna menci\u00f3n a las pol\u00e9micas de Michael Jackson en el biopic? <span class=\"ez-toc-section-end\"><\/span><\/h2>\n<figure class=\"wp-block-image alignwide size-large\"><img loading=\"lazy\" decoding=\"async\" data-recalc-dims=\"1\" width=\"780\" height=\"471\" src=\"https:\/\/i0.wp.com\/imgs.hipertextual.com\/wp-content\/uploads\/2026\/04\/michael-jackson-michael-movie-tgj-1500x906.jpg?resize=780%2C471&#038;quality=70&#038;strip=all&#038;ssl=1\" alt=\"\" class=\"wp-image-1882012\" \/><\/figure>\n<p>En realidad, se trata de una serie de situaciones que provocaron que la pel\u00edcula debiera pr\u00e1cticamente filmarse de nuevo. Una situaci\u00f3n que incluy\u00f3 replantear el punto focal del argumento en el guion de John Logan. <a href=\"https:\/\/variety.com\/2026\/film\/news\/michael-movie-reshoots-removing-child-abuse-allegations-1236710221\/\" target=\"_blank\" rel=\"noopener\">Todo debido a que el primer borrador de la pel\u00edcula<\/a> estaba centrado en las acusaciones presentadas por Jordan Chandler, de 13 a\u00f1os. Sin embargo, el punto de vista debi\u00f3 ser descartado cuando se descubri\u00f3 que <strong>la decisi\u00f3n violaba los estrictos t\u00e9rminos de un acuerdo legal. Una mala noticia para la producci\u00f3n entera.&nbsp;<\/strong><\/p>\n<p>Mucho m\u00e1s, porque se trataba <a href=\"https:\/\/people.com\/why-isnt-michael-jackson-1993-lawsuit-in-michael-biopic-11957205\" target=\"_blank\" rel=\"noopener\">de una disposici\u00f3n judicial<\/a> que pod\u00eda poner en riesgo un punto de esencial inter\u00e9s entre los sonados juicios contra Michael Jackson. A saber, el acuerdo entre el cantante y la familia de Jordan Chandler se firm\u00f3 en enero de 1994 en medio del momento m\u00e1s duro de las acusaciones. Lo que puso fin a una demanda civil por negligencia y da\u00f1os personales. <strong>El monto total del pago ha sido reportado hist\u00f3ricamente entre los 22 y 25 millones de d\u00f3lares.<\/strong>&nbsp;<\/p>\n<h2 class=\"wp-block-heading\" id=\"h-un-acuerdo-legal-complicado-nbsp\"><span class=\"ez-toc-section\" id=\"Un_acuerdo_legal_complicado\"><\/span>Un acuerdo legal complicado <span class=\"ez-toc-section-end\"><\/span><\/h2>\n<figure class=\"wp-block-image alignwide size-large\"><img loading=\"lazy\" decoding=\"async\" data-recalc-dims=\"1\" width=\"780\" height=\"496\" src=\"https:\/\/i0.wp.com\/imgs.hipertextual.com\/wp-content\/uploads\/2026\/04\/michael_film_poster-1500x953.jpg?resize=780%2C496&#038;quality=70&#038;strip=all&#038;ssl=1\" alt=\"\" class=\"wp-image-1882008\" \/><\/figure>\n<p>De esta cifra, aproximadamente 15 millones de d\u00f3lares fueron destinados a un fideicomiso para Jordan, el cual estar\u00eda disponible para \u00e9l al cumplir 18 a\u00f1os. El resto se distribuy\u00f3 entre sus padres y los equipos legales. Pero el acuerdo, cuyos elementos m\u00e1s importantes contin\u00faan en secreto, tiene un aspecto fundamental: la cl\u00e1usula de no admisi\u00f3n de culpabilidad. En el texto. Eso, debido a que Jackson neg\u00f3 expl\u00edcitamente cualquier acto il\u00edcito o conducta inapropiada. Por lo que afirm\u00f3 que el pago se realizaba \u00fanicamente para evitar el impacto negativo que <strong>un litigio prolongado tendr\u00eda en su carrera y capacidad de generar ingresos.&nbsp;<\/strong><\/p>\n<p>Aunque el acuerdo no imped\u00eda legalmente que la familia testificara en un proceso penal, tras recibir el dinero, los Chandler dejaron de cooperar con las autoridades, lo que llev\u00f3 al cierre de la investigaci\u00f3n criminal por falta de pruebas y testimonios en septiembre de 1994. Pero adem\u00e1s, el acuerdo incluye especificaciones de confidencialidad que proh\u00edben expl\u00edcitamente una exigencia que cambi\u00f3 el futuro de <em>Michael<\/em>. <\/p>\n<p>Todo debido a que proh\u00edbe la dramatizaci\u00f3n de Jordan Chandler o su familia en producciones comerciales o pel\u00edculas. Adem\u00e1s de la confidencialidad, el pacto estipulaba que ninguna de las partes podr\u00eda hacer comentarios p\u00fablicos sobre los hechos, <strong>obligaci\u00f3n que persiste incluso tras el fallecimiento de los involucrados.<\/strong><\/p>\n<h2 class=\"wp-block-heading\" id=\"h-una-filmacion-que-debio-comenzar-de-nbsp-nuevo\"><span class=\"ez-toc-section\" id=\"Una_filmacion_que_debio_comenzar_de_nuevo\"><\/span>Una filmaci\u00f3n que debi\u00f3 comenzar de nuevo<span class=\"ez-toc-section-end\"><\/span><\/h2>\n<figure class=\"wp-block-image alignwide size-large\"><img decoding=\"async\" data-recalc-dims=\"1\" loading=\"lazy\" width=\"780\" height=\"439\" src=\"https:\/\/i0.wp.com\/imgs.hipertextual.com\/wp-content\/uploads\/2026\/04\/Michael-1500x844.jpg?resize=780%2C439&#038;quality=70&#038;strip=all&#038;ssl=1\" alt=\"\" class=\"wp-image-1882010\" \/><\/figure>\n<p>Por lo que el rodaje de <em>Michael<\/em> enfrent\u00f3 una reestructuraci\u00f3n significativa que retras\u00f3 su estreno de 2025 a abril de 2026. Este proceso incluy\u00f3 22 d\u00edas de retomas en junio de 2025. Algo que incluy\u00f3 rehacer el tercer acto original, que abordaba detalladamente las acusaciones de abuso infantil de 1993 y que tuvo que ser descartado casi por completo. <strong>Una situaci\u00f3n complicada que elev\u00f3 el presupuesto total a cerca de 200 millones de d\u00f3lares.&nbsp;<\/strong><\/p>\n<p>Estas retomas transformaron dr\u00e1sticamente el tono y el cierre de la cinta, que ahora concluye en la cima de la carrera del artista durante la gira <em>BAD<\/em> a finales de los a\u00f1os 80. Por lo que omite las controversias legales de d\u00e9cadas posteriores. El patrimonio de Jackson asumi\u00f3 los costos adicionales de <strong>estas nuevas grabaciones, estimados entre 10 y 50 millones de d\u00f3lares.&nbsp;<\/strong><\/p>\n<p>Tambi\u00e9n, asegurando una trama, prioriza su legado musical y su relaci\u00f3n con su padre, Joseph Jackson (Colman Domingo). Debido al gran volumen de material filmado y descartado, estudios como Lionsgate y Universal ya consideran dividir la historia en dos partes o lanzar secuelas en el futuro. Como de hecho podr\u00eda ser el pr\u00f3ximo plan tanto <strong>de Antoine Fuqua como de Lionsgate luego del resonante \u00e9xito de la producci\u00f3n en su estreno.\u00a0<\/strong><\/p>\n<p>Seguir leyendo: <a href=\"https:\/\/hipertextual.com\/cine-television\/por-que-no-se-incluyeron-las-acusaciones-de-delitos-de-michael-jackson-en-la-pelicula-te-lo-explicamos-a-continuacion\/\" target=\"_blank\" rel=\"noopener\">\u00bfPor qu\u00e9 no se incluyeron las acusaciones de delitos de Michael Jackson en la pel\u00edcula?<\/a><\/p>\n<p><a href=\"https:\/\/hipertextual.com\/cine-television\/por-que-no-se-incluyeron-las-acusaciones-de-delitos-de-michael-jackson-en-la-pelicula-te-lo-explicamos-a-continuacion\/\" class=\" target=\" title=\"\u00bfPor qu\u00e9 no se incluyeron las acusaciones de delitos de Michael Jackson en la pel\u00edcula?\" target=\"_blank\" rel=\"noopener\">Ver fuente<\/a><\/p>\n","protected":false},"excerpt":{"rendered":"<p>Michael de Antoine Fuqua se estren\u00f3 y, como era de esperarse, caus\u00f3 revuelo. Tanto, como para, con apenas una semana de estreno, convertirse en el biopic musical m\u00e1s exitoso de todos los tiempos, por encima del ic\u00f3nico Bohemian Rhapsody. Pero a pesar de eso, la cinta no est\u00e1 exenta de pol\u00e9mica y, de hecho, desde [&hellip;]<\/p>\n","protected":false},"author":2,"featured_media":128856,"comment_status":"open","ping_status":"closed","sticky":false,"template":"","format":"standard","meta":{"footnotes":""},"categories":[9],"tags":[],"class_list":["post-128855","post","type-post","status-publish","format-standard","has-post-thumbnail","hentry","category-tecnologia"],"_links":{"self":[{"href":"https:\/\/enfoquenoticioso.com\/index.php?rest_route=\/wp\/v2\/posts\/128855","targetHints":{"allow":["GET"]}}],"collection":[{"href":"https:\/\/enfoquenoticioso.com\/index.php?rest_route=\/wp\/v2\/posts"}],"about":[{"href":"https:\/\/enfoquenoticioso.com\/index.php?rest_route=\/wp\/v2\/types\/post"}],"author":[{"embeddable":true,"href":"https:\/\/enfoquenoticioso.com\/index.php?rest_route=\/wp\/v2\/users\/2"}],"replies":[{"embeddable":true,"href":"https:\/\/enfoquenoticioso.com\/index.php?rest_route=%2Fwp%2Fv2%2Fcomments&post=128855"}],"version-history":[{"count":0,"href":"https:\/\/enfoquenoticioso.com\/index.php?rest_route=\/wp\/v2\/posts\/128855\/revisions"}],"wp:featuredmedia":[{"embeddable":true,"href":"https:\/\/enfoquenoticioso.com\/index.php?rest_route=\/wp\/v2\/media\/128856"}],"wp:attachment":[{"href":"https:\/\/enfoquenoticioso.com\/index.php?rest_route=%2Fwp%2Fv2%2Fmedia&parent=128855"}],"wp:term":[{"taxonomy":"category","embeddable":true,"href":"https:\/\/enfoquenoticioso.com\/index.php?rest_route=%2Fwp%2Fv2%2Fcategories&post=128855"},{"taxonomy":"post_tag","embeddable":true,"href":"https:\/\/enfoquenoticioso.com\/index.php?rest_route=%2Fwp%2Fv2%2Ftags&post=128855"}],"curies":[{"name":"wp","href":"https:\/\/api.w.org\/{rel}","templated":true}]}}