{"id":128863,"date":"2026-04-28T10:56:34","date_gmt":"2026-04-28T10:56:34","guid":{"rendered":"https:\/\/enfoquenoticioso.com\/?p=128863"},"modified":"2026-04-28T10:56:34","modified_gmt":"2026-04-28T10:56:34","slug":"la-web-de-soy-de-cine-cierra-sus-puertas","status":"publish","type":"post","link":"https:\/\/enfoquenoticioso.com\/?p=128863","title":{"rendered":"La web de Soy de cine cierra sus puertas"},"content":{"rendered":"<div id=\"mvp-content-main\">\n<p><strong>Querido lector:<\/strong><\/p>\n<p>Tras m\u00e1s de seis a\u00f1os de pasi\u00f3n por el cine y las series, y de un esfuerzo colectivo tan intenso como dif\u00edcil de medir, la p\u00e1gina web de <em>Soy de cine<\/em> cerrar\u00e1 sus puertas al p\u00fablico en los pr\u00f3ximos meses. A partir de ahora, el contenido del site dejar\u00e1 de actualizarse para poder centrar todos nuestros esfuerzos en <strong><a href=\"https:\/\/www.ivoox.com\/podcast-soy-de-cine_sq_f11138228_1.html\" target=\"_blank\" rel=\"noopener\">nuestro programa semanal en iVoox<\/a><\/strong>, <strong><a href=\"https:\/\/www.youtube.com\/@cine\" target=\"_blank\" rel=\"noopener\">nuestro canal de YouTube<\/a><\/strong> y nuestras redes sociales (<a href=\"https:\/\/www.instagram.com\/yosoydecine\/\" target=\"_blank\" rel=\"noopener\">Instagram<\/a>, <a href=\"https:\/\/www.facebook.com\/yosoydecine\" target=\"_blank\" rel=\"noopener\">Facebook <\/a>y <a href=\"https:\/\/www.tiktok.com\/@yosoydecine?lang=es\" target=\"_blank\" rel=\"noopener\">TikTok<\/a>). Te animamos a acompa\u00f1arnos ah\u00ed para seguir disfrutando de lo que hacemos por estos lares.<\/p>\n<p>En lo personal, he meditado much\u00edsimo sobre el cierre definitivo del portal. Es una decisi\u00f3n que he debatido largo y tendido con los miembros del equipo, y que tomamos con enorme pesar. Han sido a\u00f1os de trabajo ininterrumpido, la mayor\u00eda de ellos sin recibir nada a cambio, siendo de los pocos medios donde el usuario pod\u00eda navegar sin ser asediado por publicidad intrusiva. Pero, siendo realistas, <strong>esta es una batalla que ya no podemos ganar<\/strong>.<\/p>\n<p>Las grandes marcas y distribuidoras han cambiado sus formas de colaborar \u2014ahora apuestan por <em>influencers <\/em>y grandes medios\u2014 y, por mucho que lo hemos intentado, hoy por hoy no formamos parte de ese grupo. Y, adem\u00e1s, las b\u00fasquedas que antes llegaban a p\u00e1ginas como la nuestra han sido sustituidas por consultas r\u00e1pidas en herramientas de inteligencia artificial como ChatGPT, que parad\u00f3jicamente tambi\u00e9n genera gran parte del contenido que los usuarios consumen. La pescadilla que se muerde la cola.<\/p>\n<p><strong>Sigo hablando en lo personal, que quede claro\u2026<\/strong><\/p>\n<p>En 2023, nuestro mejor a\u00f1o en cuanto a alcance, comenzamos a cerrar acuerdos comerciales con empresas interesadas en colaborar con nosotros. Pero una actualizaci\u00f3n del algoritmo de Google, ese mismo verano, desplom\u00f3 el tr\u00e1fico de cientos de miles de medios como el nuestro: <strong>pasamos de medio mill\u00f3n de visitas mensuales a pr\u00e1cticamente nada<\/strong>. Luchamos sin descanso desde entonces: <strong>cambiamos de dominio, adaptamos el contenido, intentamos ofrecer art\u00edculos de calidad constantes<\/strong>\u2026 pero ya no me quedan fuerzas para seguir peleando esta guerra.<\/p>\n<p>Esta decisi\u00f3n tambi\u00e9n nace del deseo de redirigir mis energ\u00edas hacia otros proyectos, lejos del mundo del Posicionamiento Web, que tantos a\u00f1os de vida parece haberme quitado. La frustraci\u00f3n continuada no puede ser sana, y creo que este paso, aunque doloroso, har\u00e1 que tanto mi equipo (altamente desmotivado) como yo ganemos en salud.<\/p>\n<p>Cuando se lo cont\u00e9 a mi compa\u00f1ero Iv\u00e1n utilic\u00e9 un s\u00edmil que me parece muy acertado: <em>esto es como acompa\u00f1ar a un familiar muy cercano con un c\u00e1ncer terminal, conectado a un respirador artificial, sobreviviendo a duras penas, dando sus \u00faltimos suspiros\u2026 y yo, por puro apego, sigo intentando prolongar algo que sabemos que es inevitable<\/em>. <em>No es justo para nosotros, pero tampoco para este proyecto tan bonito.<\/em><\/p>\n<p>Quiero agradecer a todas las compa\u00f1\u00edas que han colaborado con nosotros durante estos a\u00f1os: desde grandes distribuidoras de cine comercial hasta las de cine independiente, las primeras que confiaron en nosotros cuando no \u00e9ramos nadie. Tambi\u00e9n a las plataformas de streaming que nos cedieron contenido anticipado para informar sobre sus producciones, a editoriales como Grupo Planeta y a empresas de videojuegos.<\/p>\n<p><strong>Gracias a los lectores que dedicaron su tiempo a leer nuestros contenidos, trabajados siempre con todo el cari\u00f1o del mundo.<\/strong><\/p>\n<p>Pero, sobre todo, gracias a quienes hab\u00e9is formado parte del equipo editorial de <em>Soy de cine<\/em>: redactores excepcionales que hab\u00e9is dejado un pedazo de vuestro arte y talento en estas p\u00e1ginas; alumnos en pr\u00e1cticas de universidades incre\u00edbles; y compa\u00f1eros que llegaron hace a\u00f1os y decidieron quedarse hasta el final. <\/p>\n<p>Pod\u00e9is seguirnos en nuestro canal de YouTube, en nuestras redes sociales y, por supuesto, en el programa de iVoox. Si os gusta nuestro trabajo y quer\u00e9is apoyarnos, pod\u00e9is hacerlo desde <strong><a href=\"https:\/\/www.ivoox.com\/support\/1138228\" target=\"_blank\" rel=\"noopener\">el apartado para fans de la plataforma<\/a><\/strong>, participando en sorteos semanales y otros incentivos que comentamos cada semana.<\/p>\n<p><strong>Gracias a todos por estos a\u00f1os. Ha sido una experiencia llena de aprendizaje, ilusi\u00f3n y un camino de cine realmente maravilloso.<\/strong><\/p>\n<p><strong>Lionel Marrero \u2013 Director de Soydecine.com<\/strong><\/p>\n<p><em><strong>Posdata:<\/strong> Qu\u00e9 bien sienta escribir un art\u00edculo para el lector sin preocuparme si pasa el filtro SEO de Google.<\/em><\/p>\n<\/p><\/div>\n<p><script async src=\"\/\/www.instagram.com\/embed.js\"><\/script><script async src=\"\/\/www.tiktok.com\/embed.js\"><\/script><br \/>\n<br \/><a href=\"https:\/\/somosdecine.com\/la-web-de-soy-de-cine-cierra-sus-puertas\/\" class=\" target=\" title=\"La web de Soy de cine cierra sus puertas\" target=\"_blank\" rel=\"noopener\">Ver fuente<\/a><\/p>\n","protected":false},"excerpt":{"rendered":"<p>Querido lector: Tras m\u00e1s de seis a\u00f1os de pasi\u00f3n por el cine y las series, y de un esfuerzo colectivo tan intenso como dif\u00edcil de medir, la p\u00e1gina web de Soy de cine cerrar\u00e1 sus puertas al p\u00fablico en los pr\u00f3ximos meses. A partir de ahora, el contenido del site dejar\u00e1 de actualizarse para poder [&hellip;]<\/p>\n","protected":false},"author":2,"featured_media":128864,"comment_status":"open","ping_status":"closed","sticky":false,"template":"","format":"standard","meta":{"footnotes":""},"categories":[8],"tags":[],"class_list":["post-128863","post","type-post","status-publish","format-standard","has-post-thumbnail","hentry","category-entretenimiento"],"_links":{"self":[{"href":"https:\/\/enfoquenoticioso.com\/index.php?rest_route=\/wp\/v2\/posts\/128863","targetHints":{"allow":["GET"]}}],"collection":[{"href":"https:\/\/enfoquenoticioso.com\/index.php?rest_route=\/wp\/v2\/posts"}],"about":[{"href":"https:\/\/enfoquenoticioso.com\/index.php?rest_route=\/wp\/v2\/types\/post"}],"author":[{"embeddable":true,"href":"https:\/\/enfoquenoticioso.com\/index.php?rest_route=\/wp\/v2\/users\/2"}],"replies":[{"embeddable":true,"href":"https:\/\/enfoquenoticioso.com\/index.php?rest_route=%2Fwp%2Fv2%2Fcomments&post=128863"}],"version-history":[{"count":0,"href":"https:\/\/enfoquenoticioso.com\/index.php?rest_route=\/wp\/v2\/posts\/128863\/revisions"}],"wp:featuredmedia":[{"embeddable":true,"href":"https:\/\/enfoquenoticioso.com\/index.php?rest_route=\/wp\/v2\/media\/128864"}],"wp:attachment":[{"href":"https:\/\/enfoquenoticioso.com\/index.php?rest_route=%2Fwp%2Fv2%2Fmedia&parent=128863"}],"wp:term":[{"taxonomy":"category","embeddable":true,"href":"https:\/\/enfoquenoticioso.com\/index.php?rest_route=%2Fwp%2Fv2%2Fcategories&post=128863"},{"taxonomy":"post_tag","embeddable":true,"href":"https:\/\/enfoquenoticioso.com\/index.php?rest_route=%2Fwp%2Fv2%2Ftags&post=128863"}],"curies":[{"name":"wp","href":"https:\/\/api.w.org\/{rel}","templated":true}]}}