{"id":128865,"date":"2026-04-28T10:59:55","date_gmt":"2026-04-28T10:59:55","guid":{"rendered":"https:\/\/enfoquenoticioso.com\/?p=128865"},"modified":"2026-04-28T10:59:55","modified_gmt":"2026-04-28T10:59:55","slug":"donald-trump-pide-a-abc-despedir-a-jimmy-kimmel-tras-polemico-chiste-sobre-la-primera-dama","status":"publish","type":"post","link":"https:\/\/enfoquenoticioso.com\/?p=128865","title":{"rendered":"Donald Trump pide a ABC despedir a Jimmy Kimmel tras pol\u00e9mico chiste sobre la primera dama"},"content":{"rendered":"<div>\n<p>El presidente de Estados Unidos, Donald Trump, y la primera dama, Melania Trump, solicitaron a la cadena ABC que despida al presentador Jimmy Kimmel, luego de un comentario humor\u00edstico que gener\u00f3 controversia.<\/p>\n<p>La reacci\u00f3n se produjo tras un chiste emitido la semana pasada en el programa Jimmy Kimmel Live!, en el que el comediante describi\u00f3 a la primera dama como alguien con \u201cel brillo de una viuda en expectativa\u201d. La broma form\u00f3 parte de una rutina en la que Kimmel simulaba participar en la cena de la Asociaci\u00f3n de Corresponsales de la Casa Blanca.<\/p>\n<p>Dos d\u00edas despu\u00e9s de ese segmento, un hombre armado con armas de fuego y cuchillos intent\u00f3 ingresar al evento en Washington, donde se encontraban los Trump y parte del liderazgo pol\u00edtico del pa\u00eds. El incidente increment\u00f3 la sensibilidad en torno al contenido del mon\u00f3logo.<\/p>\n<p>En un mensaje difundido en redes sociales, Melania Trump afirm\u00f3 que \u201cpersonas como Kimmel no deber\u00edan tener la oportunidad de entrar en nuestros hogares cada noche para difundir odio\u201d, declaraci\u00f3n que fue respaldada por el mandatario.<\/p>\n<p>Por su parte, Kimmel respondi\u00f3 durante su programa del lunes, asegurando que su comentario fue \u201cun roast ligero\u201d sobre la diferencia de edad entre la pareja presidencial y \u201cno, bajo ninguna circunstancia, un llamado a la violencia\u201d. Adem\u00e1s, expres\u00f3 su pesar por la experiencia \u201ctraum\u00e1tica y aterradora\u201d vivida durante el incidente en el evento.<\/p>\n<p>El presentador tambi\u00e9n se\u00f1al\u00f3 que coincide en la necesidad de rechazar el discurso violento, pero sugiri\u00f3 que ese debate deber\u00eda comenzar dentro del propio entorno del presidente.<\/p>\n<p>Hasta el momento, la cadena ABC no ha emitido comentarios sobre la controversia.<\/p>\n<p>Kimmel ha sido un cr\u00edtico frecuente de Trump en sus rutinas. En el pasado, el presentador fue suspendido temporalmente tras comentarios relacionados con el asesinato del l\u00edder conservador Charlie Kirk, decisi\u00f3n que luego fue revertida por la cadena y sus afiliadas.<\/p>\n<\/p><\/div>\n<p><a href=\"https:\/\/noticiasaldiayalahora.co\/internacionales\/donald-trump-pide-a-abc-despedir-a-jimmy-kimmel-tras-polemico-chiste-sobre-la-primera-dama\/\" class=\" target=\" title=\"Donald Trump pide a ABC despedir a Jimmy Kimmel tras pol\u00e9mico chiste sobre la primera dama\" target=\"_blank\" rel=\"noopener\">Ver fuente<\/a><\/p>\n","protected":false},"excerpt":{"rendered":"<p>El presidente de Estados Unidos, Donald Trump, y la primera dama, Melania Trump, solicitaron a la cadena ABC que despida al presentador Jimmy Kimmel, luego de un comentario humor\u00edstico que gener\u00f3 controversia. La reacci\u00f3n se produjo tras un chiste emitido la semana pasada en el programa Jimmy Kimmel Live!, en el que el comediante describi\u00f3 [&hellip;]<\/p>\n","protected":false},"author":2,"featured_media":128866,"comment_status":"open","ping_status":"closed","sticky":false,"template":"","format":"standard","meta":{"footnotes":""},"categories":[6],"tags":[],"class_list":["post-128865","post","type-post","status-publish","format-standard","has-post-thumbnail","hentry","category-internacionales"],"_links":{"self":[{"href":"https:\/\/enfoquenoticioso.com\/index.php?rest_route=\/wp\/v2\/posts\/128865","targetHints":{"allow":["GET"]}}],"collection":[{"href":"https:\/\/enfoquenoticioso.com\/index.php?rest_route=\/wp\/v2\/posts"}],"about":[{"href":"https:\/\/enfoquenoticioso.com\/index.php?rest_route=\/wp\/v2\/types\/post"}],"author":[{"embeddable":true,"href":"https:\/\/enfoquenoticioso.com\/index.php?rest_route=\/wp\/v2\/users\/2"}],"replies":[{"embeddable":true,"href":"https:\/\/enfoquenoticioso.com\/index.php?rest_route=%2Fwp%2Fv2%2Fcomments&post=128865"}],"version-history":[{"count":0,"href":"https:\/\/enfoquenoticioso.com\/index.php?rest_route=\/wp\/v2\/posts\/128865\/revisions"}],"wp:featuredmedia":[{"embeddable":true,"href":"https:\/\/enfoquenoticioso.com\/index.php?rest_route=\/wp\/v2\/media\/128866"}],"wp:attachment":[{"href":"https:\/\/enfoquenoticioso.com\/index.php?rest_route=%2Fwp%2Fv2%2Fmedia&parent=128865"}],"wp:term":[{"taxonomy":"category","embeddable":true,"href":"https:\/\/enfoquenoticioso.com\/index.php?rest_route=%2Fwp%2Fv2%2Fcategories&post=128865"},{"taxonomy":"post_tag","embeddable":true,"href":"https:\/\/enfoquenoticioso.com\/index.php?rest_route=%2Fwp%2Fv2%2Ftags&post=128865"}],"curies":[{"name":"wp","href":"https:\/\/api.w.org\/{rel}","templated":true}]}}