{"id":128871,"date":"2026-04-28T11:50:11","date_gmt":"2026-04-28T11:50:11","guid":{"rendered":"https:\/\/enfoquenoticioso.com\/?p=128871"},"modified":"2026-04-28T11:50:11","modified_gmt":"2026-04-28T11:50:11","slug":"the-mind-guardian-la-iniciativa-de-samsung-para-reducir-el-deterioro-cognitivo-cumple-su-primer-ano-con-mas-5-000-tests-realizados","status":"publish","type":"post","link":"https:\/\/enfoquenoticioso.com\/?p=128871","title":{"rendered":"The Mind Guardian, la iniciativa de Samsung para reducir el deterioro cognitivo, cumple su primer a\u00f1o con m\u00e1s 5.000 tests realizados"},"content":{"rendered":"<figure><img loading=\"lazy\" decoding=\"async\" width=\"1024\" height=\"459\" src=\"https:\/\/i0.wp.com\/imgs.hipertextual.com\/wp-content\/uploads\/2026\/04\/the-mind-guardian-portada.jpg?fit=1024%2C459&amp;quality=70&amp;strip=all&amp;ssl=1\" class=\"attachment-rss-image-size size-rss-image-size wp-post-image\" alt=\"\" \/><\/figure>\n<p><a href=\"https:\/\/hipertextual.com\/tecnologia\/detectar-alzheimer\/\" target=\"_blank\" rel=\"noopener\">El a\u00f1o pasado<\/a> por estas fechas, Samsung presentaba The Mind Guardian, el \u00faltimo proyecto dentro de su iniciativa\u00a0 \u201cTecnolog\u00eda con Prop\u00f3sito\u201d. <strong>Una aplicaci\u00f3n disponible para tablets Samsung y cualquiera que lleve Android<\/strong> (disponible completamente gratis en la Play Store) con apariencia de videojuego y enfocado para personas mayores de 55 a\u00f1os. <strong>A trav\u00e9s de varios escenarios y pruebas de memoria, la aplicaci\u00f3n usa la IA para reconocer algunos patrones <\/strong>que demuestran que esa persona tiene un alto porcentaje de sufrir una enfermedad neuronal.\u00a0<\/p>\n<p>La aplicaci\u00f3n fue desarrollada por Samsung junto al Centro de Investigaci\u00f3n atlanTTic de la Universidade de Vigo y que cuenta con el aval de la Sociedad Espa\u00f1ola de Neurolog\u00eda, de la Sociedad Espa\u00f1ola de Psiquiatr\u00eda y Salud Mental y de la Sociedad Espa\u00f1ola de M\u00e9dicos de Atenci\u00f3n Primaria. El proyecto, resultado de m\u00e1s de una d\u00e9cada de investigaci\u00f3n, ha alcanzado valores de validaci\u00f3n cruzada del 97%.<\/p>\n<figure class=\"wp-block-embed is-type-video is-provider-youtube wp-block-embed-youtube wp-embed-aspect-4-3 wp-has-aspect-ratio\">\n<div class=\"wp-block-embed__wrapper\">\n<\/div>\n<\/figure>\n<p>Los datos sobre enfermedades neuronales son preocupantes. Seg\u00fan la Sociedad Espa\u00f1ola de Neurolog\u00eda, <strong>alrededor de un mill\u00f3n de personas en Espa\u00f1a vive con demencia o deterioro cognitivo grave, siendo el Alzheimer la causa m\u00e1s com\u00fan<\/strong>\u00a0con el 77% de casos y que podr\u00eda duplicarse para 2050. Adem\u00e1s, la propia SEN maneja unos datos donde 800.000 personas en Espa\u00f1a padecen Alzheimer de los cuales, la mitad son casos leves o est\u00e1n todav\u00eda sin diagnosticar.\u00a0<\/p>\n<div id=\"ez-toc-container\" class=\"ez-toc-v2_0_81 counter-hierarchy ez-toc-counter ez-toc-grey ez-toc-container-direction\">\n<div class=\"ez-toc-title-container\">\n<p class=\"ez-toc-title\" style=\"cursor:inherit\">Tabla de Contenido<\/p>\n<span class=\"ez-toc-title-toggle\"><a href=\"#\" class=\"ez-toc-pull-right ez-toc-btn ez-toc-btn-xs ez-toc-btn-default ez-toc-toggle\" aria-label=\"Alternar tabla de contenidos\"><span class=\"ez-toc-js-icon-con\"><span class=\"\"><span class=\"eztoc-hide\" style=\"display:none;\">Toggle<\/span><span class=\"ez-toc-icon-toggle-span\"><svg style=\"fill: #999;color:#999\" xmlns=\"http:\/\/www.w3.org\/2000\/svg\" class=\"list-377408\" width=\"20px\" height=\"20px\" viewBox=\"0 0 24 24\" fill=\"none\"><path d=\"M6 6H4v2h2V6zm14 0H8v2h12V6zM4 11h2v2H4v-2zm16 0H8v2h12v-2zM4 16h2v2H4v-2zm16 0H8v2h12v-2z\" fill=\"currentColor\"><\/path><\/svg><svg style=\"fill: #999;color:#999\" class=\"arrow-unsorted-368013\" xmlns=\"http:\/\/www.w3.org\/2000\/svg\" width=\"10px\" height=\"10px\" viewBox=\"0 0 24 24\" version=\"1.2\" baseProfile=\"tiny\"><path d=\"M18.2 9.3l-6.2-6.3-6.2 6.3c-.2.2-.3.4-.3.7s.1.5.3.7c.2.2.4.3.7.3h11c.3 0 .5-.1.7-.3.2-.2.3-.5.3-.7s-.1-.5-.3-.7zM5.8 14.7l6.2 6.3 6.2-6.3c.2-.2.3-.5.3-.7s-.1-.5-.3-.7c-.2-.2-.4-.3-.7-.3h-11c-.3 0-.5.1-.7.3-.2.2-.3.5-.3.7s.1.5.3.7z\"\/><\/svg><\/span><\/span><\/span><\/a><\/span><\/div>\n<nav><ul class='ez-toc-list ez-toc-list-level-1 ' ><li class='ez-toc-page-1 ez-toc-heading-level-2'><a class=\"ez-toc-link ez-toc-heading-1\" href=\"https:\/\/enfoquenoticioso.com\/?p=128871\/#Un_ano_haciendo_mas_de_5000_tests_y_un_5_de_casos_positivos\" >Un a\u00f1o haciendo m\u00e1s de 5.000 tests y un 5% de casos positivos<\/a><\/li><\/ul><\/nav><\/div>\n<h2 class=\"wp-block-heading has-text-align-center\" id=\"h-un-ano-haciendo-mas-de-5-000-tests-y-un-5-de-casos-positivos\"><span class=\"ez-toc-section\" id=\"Un_ano_haciendo_mas_de_5000_tests_y_un_5_de_casos_positivos\"><\/span>Un a\u00f1o haciendo m\u00e1s de 5.000 tests y un 5% de casos positivos<span class=\"ez-toc-section-end\"><\/span><\/h2>\n<p>Durante este a\u00f1o ha quedado claro que la prevenci\u00f3n es el factor m\u00e1s decisivo. No hay que esperar a sufrir los primeros s\u00edntomas de alerta para hacer algo. Y eso es lo que busca exactamente The Mind Guardian. Seg\u00fan un reciente estudio de la Sociedad Espa\u00f1ola de Neurolog\u00eda (SEN), <strong>m\u00e1s del 50% de los espa\u00f1oles descuida h\u00e1bitos clave para la salud cerebral, como el sue\u00f1o, la dieta o el ejercicio f\u00edsico y mental<\/strong>, y hasta el 40% de los casos de Alzheimer podr\u00edan prevenirse adoptando h\u00e1bitos cerebro-saludables.<\/p>\n<p>Durante estos primeros doce meses en los que la aplicaci\u00f3n ha estado disponible, ha realizado m\u00e1s de cinco mil tests, identificando un 5% de casos con posible riesgo de deterioro cognitivo.&nbsp;<\/p>\n<div class=\"wp-block-image\">\n<figure class=\"aligncenter size-large\"><img decoding=\"async\" data-recalc-dims=\"1\" loading=\"lazy\" width=\"780\" height=\"488\" src=\"https:\/\/i0.wp.com\/imgs.hipertextual.com\/wp-content\/uploads\/2026\/04\/Screenshot_20250114_084822_The-Mind-Guardian-1500x938.jpg?resize=780%2C488&#038;quality=70&#038;strip=all&#038;ssl=1\" alt=\"\" class=\"wp-image-1883330\" \/><\/figure>\n<\/div>\n<p>Hay que tener en cuenta que <strong>The Mind Guardian no diagnostica<\/strong>, eso s\u00f3lo puede hacerlo un m\u00e9dico. Es simplemente una herramienta de orientaci\u00f3n y auto evaluaci\u00f3n de las funciones cognitivas de cada persona y que puede ser el primer paso para buscar ayuda y tratar de frenar el resto de s\u00edntomas de deterioro.\u00a0<\/p>\n<p>Para el doctor Jes\u00fas Porta Etessam, neur\u00f3logo y presidente de la Sociedad Espa\u00f1ola de Neurolog\u00eda, la prevenci\u00f3n y los buenos h\u00e1bitos son clave: \u201cSi m\u00e1s del 90% de los ictus y hasta el 40% de las demencias (incluyendo el Alzheimer) pueden prevenirse con h\u00e1bitos cerebro-saludables, la prevenci\u00f3n deja de ser una recomendaci\u00f3n general y pasa a ser una prioridad sanitaria\u201d.<\/p>\n<p>Seguir leyendo: <a href=\"https:\/\/hipertextual.com\/tecnologia\/the-mind-guardian-samsung\/\" target=\"_blank\" rel=\"noopener\">The Mind Guardian, la iniciativa de Samsung para reducir el deterioro cognitivo, cumple su primer a\u00f1o con m\u00e1s 5.000 tests realizados<\/a><\/p>\n<p><a href=\"https:\/\/hipertextual.com\/tecnologia\/the-mind-guardian-samsung\/\" class=\" target=\" title=\"The Mind Guardian, la iniciativa de Samsung para reducir el deterioro cognitivo, cumple su primer a\u00f1o con m\u00e1s 5.000 tests realizados\" target=\"_blank\" rel=\"noopener\">Ver fuente<\/a><\/p>\n","protected":false},"excerpt":{"rendered":"<p>El a\u00f1o pasado por estas fechas, Samsung presentaba The Mind Guardian, el \u00faltimo proyecto dentro de su iniciativa\u00a0 \u201cTecnolog\u00eda con Prop\u00f3sito\u201d. Una aplicaci\u00f3n disponible para tablets Samsung y cualquiera que lleve Android (disponible completamente gratis en la Play Store) con apariencia de videojuego y enfocado para personas mayores de 55 a\u00f1os. A trav\u00e9s de varios [&hellip;]<\/p>\n","protected":false},"author":2,"featured_media":128872,"comment_status":"open","ping_status":"closed","sticky":false,"template":"","format":"standard","meta":{"footnotes":""},"categories":[9],"tags":[],"class_list":["post-128871","post","type-post","status-publish","format-standard","has-post-thumbnail","hentry","category-tecnologia"],"_links":{"self":[{"href":"https:\/\/enfoquenoticioso.com\/index.php?rest_route=\/wp\/v2\/posts\/128871","targetHints":{"allow":["GET"]}}],"collection":[{"href":"https:\/\/enfoquenoticioso.com\/index.php?rest_route=\/wp\/v2\/posts"}],"about":[{"href":"https:\/\/enfoquenoticioso.com\/index.php?rest_route=\/wp\/v2\/types\/post"}],"author":[{"embeddable":true,"href":"https:\/\/enfoquenoticioso.com\/index.php?rest_route=\/wp\/v2\/users\/2"}],"replies":[{"embeddable":true,"href":"https:\/\/enfoquenoticioso.com\/index.php?rest_route=%2Fwp%2Fv2%2Fcomments&post=128871"}],"version-history":[{"count":0,"href":"https:\/\/enfoquenoticioso.com\/index.php?rest_route=\/wp\/v2\/posts\/128871\/revisions"}],"wp:featuredmedia":[{"embeddable":true,"href":"https:\/\/enfoquenoticioso.com\/index.php?rest_route=\/wp\/v2\/media\/128872"}],"wp:attachment":[{"href":"https:\/\/enfoquenoticioso.com\/index.php?rest_route=%2Fwp%2Fv2%2Fmedia&parent=128871"}],"wp:term":[{"taxonomy":"category","embeddable":true,"href":"https:\/\/enfoquenoticioso.com\/index.php?rest_route=%2Fwp%2Fv2%2Fcategories&post=128871"},{"taxonomy":"post_tag","embeddable":true,"href":"https:\/\/enfoquenoticioso.com\/index.php?rest_route=%2Fwp%2Fv2%2Ftags&post=128871"}],"curies":[{"name":"wp","href":"https:\/\/api.w.org\/{rel}","templated":true}]}}