{"id":128881,"date":"2026-04-28T12:30:02","date_gmt":"2026-04-28T12:30:02","guid":{"rendered":"https:\/\/enfoquenoticioso.com\/?p=128881"},"modified":"2026-04-28T12:30:02","modified_gmt":"2026-04-28T12:30:02","slug":"omailyn-alcala-es-la-primera-venezolana-en-obtener-el-oro-en-la-copa-mundial-de-boxeo","status":"publish","type":"post","link":"https:\/\/enfoquenoticioso.com\/?p=128881","title":{"rendered":"Omailyn Alcal\u00e1 es la primera venezolana en obtener el oro en la Copa Mundial de Boxeo"},"content":{"rendered":"<div id=\"post-584132\">&#13;<br \/>\n\t\t\t&#13;<\/p>\n<div class=\"entry-thumbnail\">\n<img loading=\"lazy\" width=\"774\" height=\"436\" src=\"https:\/\/noticiasaldiayalahora.co\/wp-content\/uploads\/2026\/04\/Omailyn-Alcala.png\" class=\"attachment-content-single size-content-single wp-post-image\" alt=\"\" decoding=\"async\" srcset=\"https:\/\/noticiasaldiayalahora.co\/wp-content\/uploads\/2026\/04\/Omailyn-Alcala.png 774w, https:\/\/noticiasaldiayalahora.co\/wp-content\/uploads\/2026\/04\/Omailyn-Alcala-300x169.png 300w, https:\/\/noticiasaldiayalahora.co\/wp-content\/uploads\/2026\/04\/Omailyn-Alcala-768x433.png 768w, https:\/\/noticiasaldiayalahora.co\/wp-content\/uploads\/2026\/04\/Omailyn-Alcala-180x101.png 180w, https:\/\/noticiasaldiayalahora.co\/wp-content\/uploads\/2026\/04\/Omailyn-Alcala-260x146.png 260w, https:\/\/noticiasaldiayalahora.co\/wp-content\/uploads\/2026\/04\/Omailyn-Alcala-373x210.png 373w, https:\/\/noticiasaldiayalahora.co\/wp-content\/uploads\/2026\/04\/Omailyn-Alcala-120x67.png 120w\" sizes=\"auto, (max-width: 774px) 100vw, 774px\"\/><\/div>\n<p>\t&#13;<\/p>\n<div class=\"advertisement\">\n<div class=\"sb-widget post-ad\">\n<p style=\"font-size: 10px; color: #999; margin: 0 0 10px 0; text-transform: uppercase; font-family: sans-serif;\">Publicidad \/ Contenido Patrocinado<\/p>\n<\/div><\/div>\n<p>&#13;<\/p>\n<p class=\"entry-meta\">\n<span class=\"entry-meta-author vcard author\">Por: <a class=\"fn\" href=\"https:\/\/noticiasaldiayalahora.co\/author\/redaccion\/\" target=\"_blank\" rel=\"noopener\">Redacci\u00f3n Noticias al Dia y a la Hora<\/a><\/span><br \/>\n<span class=\"entry-meta-date updated\">28 abril, 2026<\/span>\n<\/p>\n<p>\t&#13;<\/p>\n<div class=\"entry-content clearfix\">\n<p>El deporte nacional se encuentra en j\u00fabilo por la\u00a0<strong>victoria de Omailyn Alcal\u00e1 en la Copa Mundial de Boxeo, diputada en Brasil<\/strong>. Se trata de la\u00a0<strong>primera venezolana<\/strong> que obtiene el primer lugar en esta prestigiosa competencia del cuadril\u00e1tero internacional.<\/p>\n<p>Alcal\u00e1 puso su nombre en la historia del deporte venezolano en la noche del domingo, 26 de abril. Participando en la\u00a0<strong>categor\u00eda de 57 kilogramos<\/strong>, disput\u00f3 la final en el hotel Rafain, en Foz de Iguaz\u00fa.<\/p>\n<p>\u00abNuestra guerrera Omailyn Alcal\u00e1 se ha consagrado como la primera mujer venezolana en ganar una medalla de oro en una Copa del Mundo de Boxeo\u00bb, indic\u00f3 el Ministerio del Deporte en sus redes sociales.<\/p>\n<p>Con esta victoria, Venezuela recopil\u00f3 su\u00a0<strong>primera presea dorada en el boxeo femenino en la Copa Mundial<\/strong>. Asimismo, Alcal\u00e1 no solo obtuvo el oro, sino que se ratific\u00f3 como la primera del mundo en su categor\u00eda<\/p>\n<div id=\"ez-toc-container\" class=\"ez-toc-v2_0_81 counter-hierarchy ez-toc-counter ez-toc-grey ez-toc-container-direction\">\n<div class=\"ez-toc-title-container\">\n<p class=\"ez-toc-title\" style=\"cursor:inherit\">Tabla de Contenido<\/p>\n<span class=\"ez-toc-title-toggle\"><a href=\"#\" class=\"ez-toc-pull-right ez-toc-btn ez-toc-btn-xs ez-toc-btn-default ez-toc-toggle\" aria-label=\"Alternar tabla de contenidos\"><span class=\"ez-toc-js-icon-con\"><span class=\"\"><span class=\"eztoc-hide\" style=\"display:none;\">Toggle<\/span><span class=\"ez-toc-icon-toggle-span\"><svg style=\"fill: #999;color:#999\" xmlns=\"http:\/\/www.w3.org\/2000\/svg\" class=\"list-377408\" width=\"20px\" height=\"20px\" viewBox=\"0 0 24 24\" fill=\"none\"><path d=\"M6 6H4v2h2V6zm14 0H8v2h12V6zM4 11h2v2H4v-2zm16 0H8v2h12v-2zM4 16h2v2H4v-2zm16 0H8v2h12v-2z\" fill=\"currentColor\"><\/path><\/svg><svg style=\"fill: #999;color:#999\" class=\"arrow-unsorted-368013\" xmlns=\"http:\/\/www.w3.org\/2000\/svg\" width=\"10px\" height=\"10px\" viewBox=\"0 0 24 24\" version=\"1.2\" baseProfile=\"tiny\"><path d=\"M18.2 9.3l-6.2-6.3-6.2 6.3c-.2.2-.3.4-.3.7s.1.5.3.7c.2.2.4.3.7.3h11c.3 0 .5-.1.7-.3.2-.2.3-.5.3-.7s-.1-.5-.3-.7zM5.8 14.7l6.2 6.3 6.2-6.3c.2-.2.3-.5.3-.7s-.1-.5-.3-.7c-.2-.2-.4-.3-.7-.3h-11c-.3 0-.5.1-.7.3-.2.2-.3.5-.3.7s.1.5.3.7z\"\/><\/svg><\/span><\/span><\/span><\/a><\/span><\/div>\n<nav><ul class='ez-toc-list ez-toc-list-level-1 ' ><li class='ez-toc-page-1 ez-toc-heading-level-3'><a class=\"ez-toc-link ez-toc-heading-1\" href=\"https:\/\/enfoquenoticioso.com\/?p=128881\/#EL_RECORRIDO_DE_ALCALA\" >EL RECORRIDO DE ALCAL\u00c1<\/a><\/li><\/ul><\/nav><\/div>\n<h3 id=\"el-recorrido-de-alcala\" class=\"rb-heading-index-0-285139\"><span class=\"ez-toc-section\" id=\"EL_RECORRIDO_DE_ALCALA\"><\/span><strong>EL RECORRIDO DE ALCAL\u00c1<\/strong><span class=\"ez-toc-section-end\"><\/span><\/h3>\n<p>Alcal\u00e1 se enfrent\u00f3 en la gran final contra la\u00a0<strong>h\u00fangara Kukhta Vladislava<\/strong>\u00a0y gan\u00f3 por decisi\u00f3n un\u00e1nime. \u00abEn un combate magistral durante la sesi\u00f3n vespertina, Omailyn domin\u00f3 el ring de principio a fin\u00bb, detall\u00f3 el Ministerio.<\/p>\n<p>Kukhta Vladislava obtuvo la medalla de plata, mientras que la argentina Delfina Arencibia y la taiwanesa Shih Yi Wu se llevaron. Venezuela fue el\u00a0<strong>\u00fanico pa\u00eds hispanohablante en obtener una presea de oro<\/strong>\u00a0en la competencia.<\/p>\n<p>La venezolana ratific\u00f3 que se mantiene en un gran ascenso deportivo luego de\u00a0<strong>llevarse la medalla de bronce en el Mundial de 2025<\/strong>. Previamente, Alcal\u00e1 obtuvo el tercer lugar en los Juegos Panamericanos de 2023 y particip\u00f3 en los Juegos Ol\u00edmpicos de Par\u00eds.<\/p>\n<\/p><\/div>\n<p>\t&#13;<br \/>\n&#13;<br \/>\n\t<!-- Taboola Below Article con Etiqueta -->&#13;<\/p>\n<div style=\"margin-top: 20px;\">\n<p style=\"font-size: 10px; color: #999; margin: 0 0 5px 0; text-transform: uppercase; font-family: sans-serif;\">Contenido Patrocinado \/ Recomendado para ti<\/p>\n<\/p><\/div>\n<p>&#13;<br \/>\n&#13;<br \/>\n\t\t&#13;\n<\/p><\/div>\n<p><a href=\"https:\/\/noticiasaldiayalahora.co\/deportes\/omailyn-alcala-es-la-primera-venezolana-en-obtener-el-oro-en-la-copa-mundial-de-boxeo\/\" class=\" target=\" title=\"Omailyn Alcal\u00e1 es la primera venezolana en obtener el oro en la Copa Mundial de Boxeo\" target=\"_blank\" rel=\"noopener\">Ver fuente<\/a><\/p>\n","protected":false},"excerpt":{"rendered":"<p>&#13; &#13; &#13; Publicidad \/ Contenido Patrocinado &#13; Por: Redacci\u00f3n Noticias al Dia y a la Hora 28 abril, 2026 &#13; El deporte nacional se encuentra en j\u00fabilo por la\u00a0victoria de Omailyn Alcal\u00e1 en la Copa Mundial de Boxeo, diputada en Brasil. Se trata de la\u00a0primera venezolana que obtiene el primer lugar en esta prestigiosa [&hellip;]<\/p>\n","protected":false},"author":2,"featured_media":128882,"comment_status":"open","ping_status":"closed","sticky":false,"template":"","format":"standard","meta":{"footnotes":""},"categories":[7],"tags":[],"class_list":["post-128881","post","type-post","status-publish","format-standard","has-post-thumbnail","hentry","category-deporte"],"_links":{"self":[{"href":"https:\/\/enfoquenoticioso.com\/index.php?rest_route=\/wp\/v2\/posts\/128881","targetHints":{"allow":["GET"]}}],"collection":[{"href":"https:\/\/enfoquenoticioso.com\/index.php?rest_route=\/wp\/v2\/posts"}],"about":[{"href":"https:\/\/enfoquenoticioso.com\/index.php?rest_route=\/wp\/v2\/types\/post"}],"author":[{"embeddable":true,"href":"https:\/\/enfoquenoticioso.com\/index.php?rest_route=\/wp\/v2\/users\/2"}],"replies":[{"embeddable":true,"href":"https:\/\/enfoquenoticioso.com\/index.php?rest_route=%2Fwp%2Fv2%2Fcomments&post=128881"}],"version-history":[{"count":0,"href":"https:\/\/enfoquenoticioso.com\/index.php?rest_route=\/wp\/v2\/posts\/128881\/revisions"}],"wp:featuredmedia":[{"embeddable":true,"href":"https:\/\/enfoquenoticioso.com\/index.php?rest_route=\/wp\/v2\/media\/128882"}],"wp:attachment":[{"href":"https:\/\/enfoquenoticioso.com\/index.php?rest_route=%2Fwp%2Fv2%2Fmedia&parent=128881"}],"wp:term":[{"taxonomy":"category","embeddable":true,"href":"https:\/\/enfoquenoticioso.com\/index.php?rest_route=%2Fwp%2Fv2%2Fcategories&post=128881"},{"taxonomy":"post_tag","embeddable":true,"href":"https:\/\/enfoquenoticioso.com\/index.php?rest_route=%2Fwp%2Fv2%2Ftags&post=128881"}],"curies":[{"name":"wp","href":"https:\/\/api.w.org\/{rel}","templated":true}]}}