{"id":128885,"date":"2026-04-28T12:52:07","date_gmt":"2026-04-28T12:52:07","guid":{"rendered":"https:\/\/enfoquenoticioso.com\/?p=128885"},"modified":"2026-04-28T12:52:07","modified_gmt":"2026-04-28T12:52:07","slug":"james-gunn-actualiza-el-estado-de-la-precuela-de-wonder-woman-y-otra-gran-serie-del-universo-dc","status":"publish","type":"post","link":"https:\/\/enfoquenoticioso.com\/?p=128885","title":{"rendered":"James Gunn actualiza el estado de la precuela de \u2018Wonder Woman\u2019 y otra gran serie del \u2018Universo DC\u2019"},"content":{"rendered":"<figure><img loading=\"lazy\" decoding=\"async\" width=\"1024\" height=\"614\" src=\"https:\/\/i0.wp.com\/imgs.hipertextual.com\/wp-content\/uploads\/2026\/04\/Universo-DC.jpg?fit=1024%2C614&amp;quality=70&amp;strip=all&amp;ssl=1\" class=\"attachment-rss-image-size size-rss-image-size wp-post-image\" alt=\"Universo DC\" \/><\/figure>\n<p>El <a href=\"https:\/\/hipertextual.com\/cine-television\/james-gunn-gran-cambio-universo-dc-respecto-marvel\/\" target=\"_blank\" rel=\"noopener\"><em><strong>Universo DC<\/strong><\/em> de <strong>James Gunn<\/strong> y <strong>Peter Safran<\/strong><\/a> sufre cambios constantemente que obligan a reconfigurar el calendario una y otra vez. La noticia m\u00e1s reciente fue la <a href=\"https:\/\/hipertextual.com\/cine-television\/james-gunn-confirma-cancelacion-pelicula-universo-dc-no-iba-a-funcionar\/\" target=\"_blank\" rel=\"noopener\">cancelaci\u00f3n de <em>The Authority<\/em><\/a>, una de las pel\u00edculas m\u00e1s esperadas por los fans desde que se anunciara en los planes originales de la saga hace m\u00e1s de 3 a\u00f1os. Ahora, el propio <strong>Gunn<\/strong> tambi\u00e9n ha actualizado el estado de dos series que levantaron muchas expectativas en su d\u00eda.<\/p>\n<p>Concretamente hablamos de <a href=\"https:\/\/hipertextual.com\/cine-television\/james-gunn-da-pistas-del-regreso-de-wonder-woman-al-universo-dc\/\" target=\"_blank\" rel=\"noopener\"><em><strong>Paradise Lost<\/strong><\/em>, una precuela de <em>Wonder Woman<\/em><\/a> centrada en las guerreras Amazonas; y <em><strong><a href=\"https:\/\/hipertextual.com\/cine-television\/universo-dc-james-gunn-anuncia-nuevos-estrenos-novedades\/\" target=\"_blank\" rel=\"noopener\">Booster Gold<\/a><\/strong><\/em>, un superh\u00e9roe fanfarr\u00f3n que debut\u00f3 en los c\u00f3mics all\u00e1 por finales de los a\u00f1os 80. Ambas series se anunciaron como parte del calendario previsto inicialmente para el <em>Universo DC<\/em>. Pero el tiempo ha pasado y pocas noticias hay sobre ellas. Por eso, <strong>James Gunn<\/strong> ha salido a dar la cara.<\/p>\n<p>A trav\u00e9s de la red social <em><a href=\"https:\/\/www.threads.com\/@jamesgunn\/post\/DXovBYPkYoG\" target=\"_blank\" rel=\"noreferrer noopener\">Threads<\/a><\/em>, el cineasta y co-CEO de DC Studios ha actualizado el estado de ambos proyectos. \u00ab<em>Booster Gold<\/em> est\u00e1 en desarrollo. <em>Paradise Lost<\/em> est\u00e1 en desarrollo extremo\u00bb, asegura. Con estas palabras, <strong>James Gunn<\/strong> confirma que no hay de qu\u00e9 preocuparse, ambas series siguen en marcha. De hecho, la precuela de <em>Wonder Woman<\/em> parece haberse convertido en una gran prioridad para la compa\u00f1\u00eda.<\/p>\n<p>Adem\u00e1s, el ejecutivo y creativo tambi\u00e9n respondi\u00f3 a otra pregunta sobre <em>Booster Gold<\/em> en la que se le remit\u00edan los rumores sobre que \u00e9l mismo estaba escribiendo la serie, as\u00ed como la temporada 2 de <em><a href=\"https:\/\/hipertextual.com\/cine-television\/creature-commandos-critica-debut-salvaje-universo-dc-james-gunn\/\" target=\"_blank\" rel=\"noopener\">Creature Commandos<\/a><\/em>. En este caso, la respuesta de <strong>Gunn<\/strong> es totalmente negativa, prometiendo que no se est\u00e1 encargando de ninguna de las dos series del <em>Universo DC<\/em>.<\/p>\n<figure class=\"wp-block-image alignwide size-large\"><img decoding=\"async\" data-recalc-dims=\"1\" loading=\"lazy\" width=\"780\" height=\"390\" src=\"https:\/\/i0.wp.com\/imgs.hipertextual.com\/wp-content\/uploads\/2023\/02\/Booster-Gold-un-nuevo-personaje-en-el-Universo-Extendido-de-DC-1500x750.jpg?resize=780%2C390&#038;quality=70&#038;strip=all&#038;ssl=1\" alt=\"Booster Gold, un nuevo personaje en el Universo Extendido de DC\" class=\"wp-image-1715439\" \/><\/figure>\n<div id=\"ez-toc-container\" class=\"ez-toc-v2_0_81 counter-hierarchy ez-toc-counter ez-toc-grey ez-toc-container-direction\">\n<div class=\"ez-toc-title-container\">\n<p class=\"ez-toc-title\" style=\"cursor:inherit\">Tabla de Contenido<\/p>\n<span class=\"ez-toc-title-toggle\"><a href=\"#\" class=\"ez-toc-pull-right ez-toc-btn ez-toc-btn-xs ez-toc-btn-default ez-toc-toggle\" aria-label=\"Alternar tabla de contenidos\"><span class=\"ez-toc-js-icon-con\"><span class=\"\"><span class=\"eztoc-hide\" style=\"display:none;\">Toggle<\/span><span class=\"ez-toc-icon-toggle-span\"><svg style=\"fill: #999;color:#999\" xmlns=\"http:\/\/www.w3.org\/2000\/svg\" class=\"list-377408\" width=\"20px\" height=\"20px\" viewBox=\"0 0 24 24\" fill=\"none\"><path d=\"M6 6H4v2h2V6zm14 0H8v2h12V6zM4 11h2v2H4v-2zm16 0H8v2h12v-2zM4 16h2v2H4v-2zm16 0H8v2h12v-2z\" fill=\"currentColor\"><\/path><\/svg><svg style=\"fill: #999;color:#999\" class=\"arrow-unsorted-368013\" xmlns=\"http:\/\/www.w3.org\/2000\/svg\" width=\"10px\" height=\"10px\" viewBox=\"0 0 24 24\" version=\"1.2\" baseProfile=\"tiny\"><path d=\"M18.2 9.3l-6.2-6.3-6.2 6.3c-.2.2-.3.4-.3.7s.1.5.3.7c.2.2.4.3.7.3h11c.3 0 .5-.1.7-.3.2-.2.3-.5.3-.7s-.1-.5-.3-.7zM5.8 14.7l6.2 6.3 6.2-6.3c.2-.2.3-.5.3-.7s-.1-.5-.3-.7c-.2-.2-.4-.3-.7-.3h-11c-.3 0-.5.1-.7.3-.2.2-.3.5-.3.7s.1.5.3.7z\"\/><\/svg><\/span><\/span><\/span><\/a><\/span><\/div>\n<nav><ul class='ez-toc-list ez-toc-list-level-1 ' ><li class='ez-toc-page-1 ez-toc-heading-level-2'><a class=\"ez-toc-link ez-toc-heading-1\" href=\"https:\/\/enfoquenoticioso.com\/?p=128885\/#Que_sabemos_de_Paradise_Lost_y_Booster_Gold\" >Qu\u00e9 sabemos de Paradise Lost y Booster Gold<\/a><\/li><\/ul><\/nav><\/div>\n<h2 class=\"wp-block-heading\" id=\"h-que-sabemos-de-paradise-lost-y-booster-gold\"><span class=\"ez-toc-section\" id=\"Que_sabemos_de_Paradise_Lost_y_Booster_Gold\"><\/span>Qu\u00e9 sabemos de <em>Paradise Lost<\/em> y <em>Booster Gold<\/em><span class=\"ez-toc-section-end\"><\/span><\/h2>\n<p>La trama de <em>Paradise Lost<\/em> ser\u00e1 una precuela de <a href=\"https:\/\/hipertextual.com\/cine-television\/nueva-wonder-woman-esta-actriz-seria-la-favorita-de-james-gunn\/\" target=\"_blank\" rel=\"noopener\">la historia de <strong>Wonder Woman<\/strong><\/a> en el <em>Universo DC<\/em>. Y es que la serie se centrar\u00eda en las Amazonas a\u00f1os antes de que Diana nazca. Seg\u00fan la describi\u00f3 <strong>James Gunn<\/strong> en su momento, ser\u00e1 una historia que indague en los conflictos y relaciones pol\u00edticas de esta sociedad de guerreras. De hecho, el ejecutivo apunt\u00f3 a que el tono se parecer\u00e1 a <em>Juego de Tronos<\/em>.<\/p>\n<p>El hecho de que <em>Paradise Lost<\/em> est\u00e9 en \u00abextremo desarrollo\u00bb sugiere que el lado de <strong>Wonder Woman<\/strong> en el <em>Universo DC<\/em> se ha convertido en una de las pr\u00f3ximas metas de la compa\u00f1\u00eda. Hace unos meses, <strong>Gunn<\/strong> asegur\u00f3 que <a href=\"https:\/\/hipertextual.com\/cine-television\/adria-arjona-se-suma-a-superman-man-of-tomorrow\/\" target=\"_blank\" rel=\"noopener\">la superhero\u00edna tendr\u00e1 su pel\u00edcula propia<\/a>, escrita por la guionista <strong>Ana Nogueira<\/strong>, responsable de la inminente <em>Supergirl<\/em>. El rodaje comenzar\u00e1 en cuanto el guion est\u00e9 terminado.<\/p>\n<figure class=\"wp-block-image alignwide size-large\"><img decoding=\"async\" data-recalc-dims=\"1\" loading=\"lazy\" width=\"780\" height=\"439\" src=\"https:\/\/i0.wp.com\/imgs.hipertextual.com\/wp-content\/uploads\/2026\/04\/Paradise-Lost-Universo-DC-James-Gunn-1500x844.jpg?resize=780%2C439&#038;quality=70&#038;strip=all&#038;ssl=1\" alt=\"Paradise Lost Universo DC James Gunn\" class=\"wp-image-1883329\" \/><\/figure>\n<p>En lo referido a <em>Booster Gold<\/em>, hay menos detalles al respecto. Algunos rumores apuntan a que el actor <strong>Kumail Nanjiani<\/strong> (Eternals) dar\u00e1 el salto de Marvel al universo DC para protagonizarla. Y es que se le ha visto ya en varios actos tanto con <strong>James Gunn<\/strong> como con <strong>Peter Safran<\/strong>. Sin embargo, no hay nada oficial y, dado que la serie sigue en fases tempranas de desarrollo, muchas cosas podr\u00edan cambiar.<\/p>\n<p>Seguir leyendo: <a href=\"https:\/\/hipertextual.com\/cine-television\/james-gunn-confirma-estado-universo-dc-precuela-wonder-woman-paradise-lost-booster-gold\/\" target=\"_blank\" rel=\"noopener\">James Gunn actualiza el estado de la precuela de &#8216;Wonder Woman&#8217; y otra gran serie del &#8216;Universo DC&#8217;<\/a><\/p>\n<p><a href=\"https:\/\/hipertextual.com\/cine-television\/james-gunn-confirma-estado-universo-dc-precuela-wonder-woman-paradise-lost-booster-gold\/\" class=\" target=\" title=\"James Gunn actualiza el estado de la precuela de \u2018Wonder Woman\u2019 y otra gran serie del \u2018Universo DC\u2019\" target=\"_blank\" rel=\"noopener\">Ver fuente<\/a><\/p>\n","protected":false},"excerpt":{"rendered":"<p>El Universo DC de James Gunn y Peter Safran sufre cambios constantemente que obligan a reconfigurar el calendario una y otra vez. La noticia m\u00e1s reciente fue la cancelaci\u00f3n de The Authority, una de las pel\u00edculas m\u00e1s esperadas por los fans desde que se anunciara en los planes originales de la saga hace m\u00e1s de [&hellip;]<\/p>\n","protected":false},"author":2,"featured_media":128886,"comment_status":"open","ping_status":"closed","sticky":false,"template":"","format":"standard","meta":{"footnotes":""},"categories":[9],"tags":[],"class_list":["post-128885","post","type-post","status-publish","format-standard","has-post-thumbnail","hentry","category-tecnologia"],"_links":{"self":[{"href":"https:\/\/enfoquenoticioso.com\/index.php?rest_route=\/wp\/v2\/posts\/128885","targetHints":{"allow":["GET"]}}],"collection":[{"href":"https:\/\/enfoquenoticioso.com\/index.php?rest_route=\/wp\/v2\/posts"}],"about":[{"href":"https:\/\/enfoquenoticioso.com\/index.php?rest_route=\/wp\/v2\/types\/post"}],"author":[{"embeddable":true,"href":"https:\/\/enfoquenoticioso.com\/index.php?rest_route=\/wp\/v2\/users\/2"}],"replies":[{"embeddable":true,"href":"https:\/\/enfoquenoticioso.com\/index.php?rest_route=%2Fwp%2Fv2%2Fcomments&post=128885"}],"version-history":[{"count":0,"href":"https:\/\/enfoquenoticioso.com\/index.php?rest_route=\/wp\/v2\/posts\/128885\/revisions"}],"wp:featuredmedia":[{"embeddable":true,"href":"https:\/\/enfoquenoticioso.com\/index.php?rest_route=\/wp\/v2\/media\/128886"}],"wp:attachment":[{"href":"https:\/\/enfoquenoticioso.com\/index.php?rest_route=%2Fwp%2Fv2%2Fmedia&parent=128885"}],"wp:term":[{"taxonomy":"category","embeddable":true,"href":"https:\/\/enfoquenoticioso.com\/index.php?rest_route=%2Fwp%2Fv2%2Fcategories&post=128885"},{"taxonomy":"post_tag","embeddable":true,"href":"https:\/\/enfoquenoticioso.com\/index.php?rest_route=%2Fwp%2Fv2%2Ftags&post=128885"}],"curies":[{"name":"wp","href":"https:\/\/api.w.org\/{rel}","templated":true}]}}