{"id":128887,"date":"2026-04-28T12:58:43","date_gmt":"2026-04-28T12:58:43","guid":{"rendered":"https:\/\/enfoquenoticioso.com\/?p=128887"},"modified":"2026-04-28T12:58:43","modified_gmt":"2026-04-28T12:58:43","slug":"confirmaron-12-fallecidos-y-3-heridos-tras-concluir-labores-de-busqueda-en-barranco-donde-cayo-autobus","status":"publish","type":"post","link":"https:\/\/enfoquenoticioso.com\/?p=128887","title":{"rendered":"Confirmaron 12 fallecidos y 3 heridos tras concluir labores de b\u00fasqueda en barranco donde cay\u00f3 autob\u00fas"},"content":{"rendered":"<div>\n<p>Los organismos de emergencias concluyeron este lunes las operaciones de b\u00fasqueda tras el accidente de un autob\u00fas en el municipio Cardenal Quintero, estado M\u00e9rida. El saldo de v\u00edctimas fue de\u00a0<strong>12 muertos y tres heridos<\/strong>.<\/p>\n<p>Luego de que el autob\u00fas cay\u00f3 por un barranco en el sector La Campana, los organismos de emergencias ubicaron 12 cad\u00e1veres. En las \u00faltimas horas,\u00a0<strong>recuperaron los dos \u00faltimos cuerpos<\/strong>\u00a0y concluyeron las b\u00fasquedas.<\/p>\n<p>Las v\u00edctimas fueron identificadas como Germ\u00e1n Altuve (conductor), Yosman Toro, Rafael Saavedra, Gioria Rojas, C\u00e9sar Rangel, Pedro Valango, Clever Contreras, Yasmin D\u00edaz, Edilia Rinc\u00f3n, Liz Cuellar y Gerardo Toro.<\/p>\n<p>Las autoridades tienen en su poder el\u00a0<strong>cuerpo de la duod\u00e9cima v\u00edctima mortal<\/strong>. Sin embargo, hasta el momento de la publicaci\u00f3n de esta nota, no ha sido identificada.<\/p>\n<p>Las autoridades informaron sobre el rescate de tres pasajeros con vida del barranco. Entre ellos se encuentran Yasmira Garc\u00eda Perozo y Luis Beltr\u00e1n Pe\u00f1a D\u00e1vila, a quienes trasladaron hasta el hospital de M\u00e9rida, y Orlando Jos\u00e9 Paredes, a quien llevaron hasta el hospital Luis Razetti de Barinas.<\/p>\n<div id=\"ez-toc-container\" class=\"ez-toc-v2_0_81 counter-hierarchy ez-toc-counter ez-toc-grey ez-toc-container-direction\">\n<div class=\"ez-toc-title-container\">\n<p class=\"ez-toc-title\" style=\"cursor:inherit\">Tabla de Contenido<\/p>\n<span class=\"ez-toc-title-toggle\"><a href=\"#\" class=\"ez-toc-pull-right ez-toc-btn ez-toc-btn-xs ez-toc-btn-default ez-toc-toggle\" aria-label=\"Alternar tabla de contenidos\"><span class=\"ez-toc-js-icon-con\"><span class=\"\"><span class=\"eztoc-hide\" style=\"display:none;\">Toggle<\/span><span class=\"ez-toc-icon-toggle-span\"><svg style=\"fill: #999;color:#999\" xmlns=\"http:\/\/www.w3.org\/2000\/svg\" class=\"list-377408\" width=\"20px\" height=\"20px\" viewBox=\"0 0 24 24\" fill=\"none\"><path d=\"M6 6H4v2h2V6zm14 0H8v2h12V6zM4 11h2v2H4v-2zm16 0H8v2h12v-2zM4 16h2v2H4v-2zm16 0H8v2h12v-2z\" fill=\"currentColor\"><\/path><\/svg><svg style=\"fill: #999;color:#999\" class=\"arrow-unsorted-368013\" xmlns=\"http:\/\/www.w3.org\/2000\/svg\" width=\"10px\" height=\"10px\" viewBox=\"0 0 24 24\" version=\"1.2\" baseProfile=\"tiny\"><path d=\"M18.2 9.3l-6.2-6.3-6.2 6.3c-.2.2-.3.4-.3.7s.1.5.3.7c.2.2.4.3.7.3h11c.3 0 .5-.1.7-.3.2-.2.3-.5.3-.7s-.1-.5-.3-.7zM5.8 14.7l6.2 6.3 6.2-6.3c.2-.2.3-.5.3-.7s-.1-.5-.3-.7c-.2-.2-.4-.3-.7-.3h-11c-.3 0-.5.1-.7.3-.2.2-.3.5-.3.7s.1.5.3.7z\"\/><\/svg><\/span><\/span><\/span><\/a><\/span><\/div>\n<nav><ul class='ez-toc-list ez-toc-list-level-1 ' ><li class='ez-toc-page-1 ez-toc-heading-level-3'><a class=\"ez-toc-link ez-toc-heading-1\" href=\"https:\/\/enfoquenoticioso.com\/?p=128887\/#DETALLES_DEL_ACCIDENTE\" >DETALLES DEL ACCIDENTE<\/a><\/li><\/ul><\/nav><\/div>\n<h3 id=\"detalles-del-accidente\" class=\"rb-heading-index-0-285012\"><span class=\"ez-toc-section\" id=\"DETALLES_DEL_ACCIDENTE\"><\/span><strong>DETALLES DEL ACCIDENTE<\/strong><span class=\"ez-toc-section-end\"><\/span><\/h3>\n<p>El veh\u00edculo de transporte pertenec\u00eda a la\u00a0<strong>l\u00ednea Uni\u00f3n T\u00e1chira que cubr\u00eda la ruta Barinas\u2013M\u00e9rida<\/strong>. Hasta el momento se desconoce qu\u00e9 llev\u00f3 al conductor a perder el control de la unidad.<\/p>\n<p>Tras el incidente ocurrido en horas de la tarde del s\u00e1bado, vecinos de la zona dieron aviso a las autoridades. Sin embargo, la operaci\u00f3n de rescate se vio retrasada debido a las\u00a0<strong>condiciones del terreno y clim\u00e1ticas<\/strong>.<\/p>\n<p>Hasta el momento se desconoce el n\u00famero de pasajeros que iban a bordo. Trascendi\u00f3 que el autob\u00fas parti\u00f3 del terminal con 13 pasajeros, pero durante el camino recogi\u00f3 a otros m\u00e1s.<\/p>\n<\/p><\/div>\n<p><a href=\"https:\/\/noticiasaldiayalahora.co\/sucesos\/merida-confirmaron-12-fallecidos-y-3-heridos-tras-concluir-labores-de-busqueda-en-barranco-donde-cayo-autobus\/\" class=\" target=\" title=\"Confirmaron 12 fallecidos y 3 heridos tras concluir labores de b\u00fasqueda en barranco donde cay\u00f3 autob\u00fas\" target=\"_blank\" rel=\"noopener\">Ver fuente<\/a><\/p>\n","protected":false},"excerpt":{"rendered":"<p>Los organismos de emergencias concluyeron este lunes las operaciones de b\u00fasqueda tras el accidente de un autob\u00fas en el municipio Cardenal Quintero, estado M\u00e9rida. El saldo de v\u00edctimas fue de\u00a012 muertos y tres heridos. Luego de que el autob\u00fas cay\u00f3 por un barranco en el sector La Campana, los organismos de emergencias ubicaron 12 cad\u00e1veres. [&hellip;]<\/p>\n","protected":false},"author":2,"featured_media":128888,"comment_status":"open","ping_status":"closed","sticky":false,"template":"","format":"standard","meta":{"footnotes":""},"categories":[5],"tags":[],"class_list":["post-128887","post","type-post","status-publish","format-standard","has-post-thumbnail","hentry","category-sucesos"],"_links":{"self":[{"href":"https:\/\/enfoquenoticioso.com\/index.php?rest_route=\/wp\/v2\/posts\/128887","targetHints":{"allow":["GET"]}}],"collection":[{"href":"https:\/\/enfoquenoticioso.com\/index.php?rest_route=\/wp\/v2\/posts"}],"about":[{"href":"https:\/\/enfoquenoticioso.com\/index.php?rest_route=\/wp\/v2\/types\/post"}],"author":[{"embeddable":true,"href":"https:\/\/enfoquenoticioso.com\/index.php?rest_route=\/wp\/v2\/users\/2"}],"replies":[{"embeddable":true,"href":"https:\/\/enfoquenoticioso.com\/index.php?rest_route=%2Fwp%2Fv2%2Fcomments&post=128887"}],"version-history":[{"count":0,"href":"https:\/\/enfoquenoticioso.com\/index.php?rest_route=\/wp\/v2\/posts\/128887\/revisions"}],"wp:featuredmedia":[{"embeddable":true,"href":"https:\/\/enfoquenoticioso.com\/index.php?rest_route=\/wp\/v2\/media\/128888"}],"wp:attachment":[{"href":"https:\/\/enfoquenoticioso.com\/index.php?rest_route=%2Fwp%2Fv2%2Fmedia&parent=128887"}],"wp:term":[{"taxonomy":"category","embeddable":true,"href":"https:\/\/enfoquenoticioso.com\/index.php?rest_route=%2Fwp%2Fv2%2Fcategories&post=128887"},{"taxonomy":"post_tag","embeddable":true,"href":"https:\/\/enfoquenoticioso.com\/index.php?rest_route=%2Fwp%2Fv2%2Ftags&post=128887"}],"curies":[{"name":"wp","href":"https:\/\/api.w.org\/{rel}","templated":true}]}}