{"id":128903,"date":"2026-04-28T14:25:47","date_gmt":"2026-04-28T14:25:47","guid":{"rendered":"https:\/\/enfoquenoticioso.com\/?p=128903"},"modified":"2026-04-28T14:25:47","modified_gmt":"2026-04-28T14:25:47","slug":"nuevo-dji-mic-mini-2-el-microfono-estrella-para-creadores-de-contenido-se-vuelve-mas-colorido","status":"publish","type":"post","link":"https:\/\/enfoquenoticioso.com\/?p=128903","title":{"rendered":"Nuevo DJI Mic Mini 2: el micr\u00f3fono estrella para creadores de contenido se vuelve m\u00e1s colorido"},"content":{"rendered":"<figure><img loading=\"lazy\" decoding=\"async\" width=\"1024\" height=\"576\" src=\"https:\/\/i0.wp.com\/imgs.hipertextual.com\/wp-content\/uploads\/2026\/04\/Mic-mini-2.jpg?fit=1024%2C576&amp;quality=70&amp;strip=all&amp;ssl=1\" class=\"attachment-rss-image-size size-rss-image-size wp-post-image\" alt=\"\" \/><\/figure>\n<p><strong>DJI<\/strong> acaba de <a href=\"https:\/\/www.mynewsdesk.com\/uk\/dji\/pressreleases\/sound-and-style-combined-dji-mic-mini-2-delivers-upleveled-audio-and-all-in-one-storage-3445227\" target=\"_blank\" rel=\"noopener\">actualizar<\/a> su micr\u00f3fono estrella para creadores de contenido con el debut del nuevo <strong>Mic Mini 2<\/strong>. Se trata de la nueva generaci\u00f3n del <a href=\"https:\/\/hipertextual.com\/tecnologia\/dji-mic-mini-nuevo-microfono-compacto-y-barato\/\" target=\"_blank\" rel=\"noopener\">modelo compacto<\/a>, que no solo llega con mejoras interesantes desde lo estrictamente t\u00e9cnico, sino tambi\u00e9n en el apartado est\u00e9tico, incorporando nuevas <strong>cubiertas de colores<\/strong>.<\/p>\n<p>De la mano de las cubiertas de colores, que se adhieren al dispositivo <strong>de forma magn\u00e9tica<\/strong>, el DJI Mic Mini 2 se adapta a todos los atuendos y escenarios de uso. Es un detalle que a primera vista puede parecer menor, pero que ayuda a que la ubicaci\u00f3n o apariencia del micr\u00f3fono no se vuelva una distracci\u00f3n.<\/p>\n<p>DJI incluso se ha aliado con el ilustrador Victo Ngai para ofrecer una serie especial de cubiertas magn\u00e9ticas que mezclan diferentes colores, para quienes busquen opciones m\u00e1s vibrantes y que hagan destacar al Mic Mini 2. Vale destacar que el micr\u00f3fono llega con las cubiertas negras y blancas de stock, mientras que las opciones de colores se venden por separado.<\/p>\n<p>En lo que respecta a la captura de sonido, <strong>el Mic Mini 2 destaca por ofrecer la calidad ya tradicional en los equipos de DJI<\/strong>. El micr\u00f3fono es capaz de grabar audio de alta fidelidad de 48 kHz y 24 bits, y cuenta con cancelaci\u00f3n de ruido de dos niveles. Otras opciones integradas son el limitador autom\u00e1tico para evitar la distorsi\u00f3n o <em>clipping<\/em>, la grabaci\u00f3n en dos pistas (requiere la app DJI Mimo) y el ajuste de ganancia de 5 niveles. Asimismo, incorpora tres ajustes predeterminados de voz.<\/p>\n<figure class=\"wp-block-image alignwide size-large\"><img decoding=\"async\" data-recalc-dims=\"1\" loading=\"lazy\" width=\"780\" height=\"390\" src=\"https:\/\/i0.wp.com\/imgs.hipertextual.com\/wp-content\/uploads\/2026\/04\/DJI-Mic-Mini-2-1-1500x750.jpg?resize=780%2C390&#038;quality=70&#038;strip=all&#038;ssl=1\" alt=\"El DJI Mic Mini 2 destaca por su alcance y autonom\u00eda\" class=\"wp-image-1883351\" \/><\/figure>\n<div id=\"ez-toc-container\" class=\"ez-toc-v2_0_81 counter-hierarchy ez-toc-counter ez-toc-grey ez-toc-container-direction\">\n<div class=\"ez-toc-title-container\">\n<p class=\"ez-toc-title\" style=\"cursor:inherit\">Tabla de Contenido<\/p>\n<span class=\"ez-toc-title-toggle\"><a href=\"#\" class=\"ez-toc-pull-right ez-toc-btn ez-toc-btn-xs ez-toc-btn-default ez-toc-toggle\" aria-label=\"Alternar tabla de contenidos\"><span class=\"ez-toc-js-icon-con\"><span class=\"\"><span class=\"eztoc-hide\" style=\"display:none;\">Toggle<\/span><span class=\"ez-toc-icon-toggle-span\"><svg style=\"fill: #999;color:#999\" xmlns=\"http:\/\/www.w3.org\/2000\/svg\" class=\"list-377408\" width=\"20px\" height=\"20px\" viewBox=\"0 0 24 24\" fill=\"none\"><path d=\"M6 6H4v2h2V6zm14 0H8v2h12V6zM4 11h2v2H4v-2zm16 0H8v2h12v-2zM4 16h2v2H4v-2zm16 0H8v2h12v-2z\" fill=\"currentColor\"><\/path><\/svg><svg style=\"fill: #999;color:#999\" class=\"arrow-unsorted-368013\" xmlns=\"http:\/\/www.w3.org\/2000\/svg\" width=\"10px\" height=\"10px\" viewBox=\"0 0 24 24\" version=\"1.2\" baseProfile=\"tiny\"><path d=\"M18.2 9.3l-6.2-6.3-6.2 6.3c-.2.2-.3.4-.3.7s.1.5.3.7c.2.2.4.3.7.3h11c.3 0 .5-.1.7-.3.2-.2.3-.5.3-.7s-.1-.5-.3-.7zM5.8 14.7l6.2 6.3 6.2-6.3c.2-.2.3-.5.3-.7s-.1-.5-.3-.7c-.2-.2-.4-.3-.7-.3h-11c-.3 0-.5.1-.7.3-.2.2-.3.5-.3.7s.1.5.3.7z\"\/><\/svg><\/span><\/span><\/span><\/a><\/span><\/div>\n<nav><ul class='ez-toc-list ez-toc-list-level-1 ' ><li class='ez-toc-page-1 ez-toc-heading-level-2'><a class=\"ez-toc-link ez-toc-heading-1\" href=\"https:\/\/enfoquenoticioso.com\/?p=128903\/#El_DJI_Mic_Mini_2_destaca_por_su_alcance_y_autonomia\" >El DJI Mic Mini 2 destaca por su alcance y autonom\u00eda<\/a><\/li><\/ul><\/nav><\/div>\n<h2 class=\"wp-block-heading\" id=\"h-el-dji-mic-mini-2-destaca-por-su-alcance-y-autonomia\"><span class=\"ez-toc-section\" id=\"El_DJI_Mic_Mini_2_destaca_por_su_alcance_y_autonomia\"><\/span>El DJI Mic Mini 2 destaca por su alcance y autonom\u00eda<span class=\"ez-toc-section-end\"><\/span><\/h2>\n<p>Tal y como sucedi\u00f3 con su predecesor, el DJI Mic Mini 2 tiene un alcance de <strong>hasta 400 metros<\/strong> y su autonom\u00eda puede alcanzar <strong>las 48 horas<\/strong> gracias a su estuche de carga. Este \u00faltimo se ha optimizado para brindar una soluci\u00f3n todo en uno de primer nivel, permitiendo almacenar no solo el transmisor y el receptor, sino tambi\u00e9n diferentes accesorios. Como alternativa, el micr\u00f3fono tambi\u00e9n se puede usar con la versi\u00f3n m\u00f3vil del estuche de carga.<\/p>\n<p>Como no pod\u00eda ser de otra manera, el DJI Mic Mini 2 es compatible con <strong>una amplia variedad de dispositivos del ecosistema Osmo<\/strong>. Adem\u00e1s, se puede emparejar de forma sencilla con todo tipo de dispositivos de captura multimedia como m\u00f3viles, c\u00e1maras, tablets y ordenadores.<\/p>\n<figure class=\"wp-block-image alignwide size-large\"><img decoding=\"async\" data-recalc-dims=\"1\" loading=\"lazy\" width=\"780\" height=\"390\" src=\"https:\/\/i0.wp.com\/imgs.hipertextual.com\/wp-content\/uploads\/2026\/04\/DJI-mic-mini-2-1500x750.jpg?resize=780%2C390&#038;quality=70&#038;strip=all&#038;ssl=1\" alt=\"\" class=\"wp-image-1883352\" \/><\/figure>\n<p>Quienes deseen comprar el DJI Mic Mini 2 tendr\u00e1n dos opciones a disposici\u00f3n. Por un lado, podr\u00e1n optar por la versi\u00f3n con un transmisor, un receptor m\u00f3vil, el estuche de carga y m\u00faltiples accesorios (las cubiertas magn\u00e9ticas en blanco y negro entre ellos), a cambio de <strong>54 euros<\/strong>. Por el otro, una variante m\u00e1s completa con dos transmisores, un receptor y el estuche de carga, con sus respectivos accesorios, se consigue por <strong>89 euros<\/strong>.<\/p>\n<p>De esta manera, DJI expande sus opciones para los creadores de contenido ofreciendo m\u00e1s alternativas para la captura de audio de primera calidad. Pero el Mic Mini 2 no es la \u00fanica novedad que la compa\u00f1\u00eda tiene en carpeta para este a\u00f1o, pues en el transcurso del verano se lanzar\u00e1 el <strong>DJI Mic Mini 2S<\/strong>, del cual pronto conoceremos m\u00e1s.<\/p>\n<p>Seguir leyendo: <a href=\"https:\/\/hipertextual.com\/tecnologia\/nuevo-dji-mic-mini-2\/\" target=\"_blank\" rel=\"noopener\">Nuevo DJI Mic Mini 2: el micr\u00f3fono estrella para creadores de contenido se vuelve m\u00e1s colorido<\/a><\/p>\n<p><a href=\"https:\/\/hipertextual.com\/tecnologia\/nuevo-dji-mic-mini-2\/\" class=\" target=\" title=\"Nuevo DJI Mic Mini 2: el micr\u00f3fono estrella para creadores de contenido se vuelve m\u00e1s colorido\" target=\"_blank\" rel=\"noopener\">Ver fuente<\/a><\/p>\n","protected":false},"excerpt":{"rendered":"<p>DJI acaba de actualizar su micr\u00f3fono estrella para creadores de contenido con el debut del nuevo Mic Mini 2. Se trata de la nueva generaci\u00f3n del modelo compacto, que no solo llega con mejoras interesantes desde lo estrictamente t\u00e9cnico, sino tambi\u00e9n en el apartado est\u00e9tico, incorporando nuevas cubiertas de colores. De la mano de las [&hellip;]<\/p>\n","protected":false},"author":2,"featured_media":128904,"comment_status":"open","ping_status":"closed","sticky":false,"template":"","format":"standard","meta":{"footnotes":""},"categories":[9],"tags":[],"class_list":["post-128903","post","type-post","status-publish","format-standard","has-post-thumbnail","hentry","category-tecnologia"],"_links":{"self":[{"href":"https:\/\/enfoquenoticioso.com\/index.php?rest_route=\/wp\/v2\/posts\/128903","targetHints":{"allow":["GET"]}}],"collection":[{"href":"https:\/\/enfoquenoticioso.com\/index.php?rest_route=\/wp\/v2\/posts"}],"about":[{"href":"https:\/\/enfoquenoticioso.com\/index.php?rest_route=\/wp\/v2\/types\/post"}],"author":[{"embeddable":true,"href":"https:\/\/enfoquenoticioso.com\/index.php?rest_route=\/wp\/v2\/users\/2"}],"replies":[{"embeddable":true,"href":"https:\/\/enfoquenoticioso.com\/index.php?rest_route=%2Fwp%2Fv2%2Fcomments&post=128903"}],"version-history":[{"count":0,"href":"https:\/\/enfoquenoticioso.com\/index.php?rest_route=\/wp\/v2\/posts\/128903\/revisions"}],"wp:featuredmedia":[{"embeddable":true,"href":"https:\/\/enfoquenoticioso.com\/index.php?rest_route=\/wp\/v2\/media\/128904"}],"wp:attachment":[{"href":"https:\/\/enfoquenoticioso.com\/index.php?rest_route=%2Fwp%2Fv2%2Fmedia&parent=128903"}],"wp:term":[{"taxonomy":"category","embeddable":true,"href":"https:\/\/enfoquenoticioso.com\/index.php?rest_route=%2Fwp%2Fv2%2Fcategories&post=128903"},{"taxonomy":"post_tag","embeddable":true,"href":"https:\/\/enfoquenoticioso.com\/index.php?rest_route=%2Fwp%2Fv2%2Ftags&post=128903"}],"curies":[{"name":"wp","href":"https:\/\/api.w.org\/{rel}","templated":true}]}}