{"id":128907,"date":"2026-04-28T14:56:28","date_gmt":"2026-04-28T14:56:28","guid":{"rendered":"https:\/\/enfoquenoticioso.com\/?p=128907"},"modified":"2026-04-28T14:56:28","modified_gmt":"2026-04-28T14:56:28","slug":"el-mg4-urban-ev-va-a-ser-un-bombazo-16-000-euros-y-mas-de-400-km-de-autonomia","status":"publish","type":"post","link":"https:\/\/enfoquenoticioso.com\/?p=128907","title":{"rendered":"El MG4 Urban EV va a ser un bombazo: 16.000 euros y m\u00e1s de 400 km de autonom\u00eda"},"content":{"rendered":"<figure><img loading=\"lazy\" decoding=\"async\" width=\"1024\" height=\"576\" src=\"https:\/\/i0.wp.com\/imgs.hipertextual.com\/wp-content\/uploads\/2026\/04\/MG4-Urban-EV1.jpeg?fit=1024%2C576&amp;quality=70&amp;strip=all&amp;ssl=1\" class=\"attachment-rss-image-size size-rss-image-size wp-post-image\" alt=\"\" \/><\/figure>\n<p>MG es uno de los fabricantes m\u00e1s populares de los \u00faltimos a\u00f1os. Tanto que es casi imposible no cruzarse con algunos de sus modelos por cualquier calle de Espa\u00f1a. Ahora la compa\u00f1\u00eda se prepara para <strong>el desembarco de su nuevo 100% el\u00e9ctrico, el MG4 Urban EV<\/strong>, que va a sorprender a muchos por su precio y autonom\u00eda.<\/p>\n<p>En este sentido, ante el lanzamiento inminente del MG4 Urban EV en Espa\u00f1a, el fabricante <strong>ha anunciado <a href=\"https:\/\/www.motor.es\/noticias\/precio-mg4-urban-ev-2026113863.html\" target=\"_blank\" rel=\"noopener\">los precios <\/a>con los que se lanzar\u00e1 al mercado<\/strong>, cada vez m\u00e1s competitivo, y que viene para servir como un aut\u00e9ntico terremoto en el sector por ofrecer un precio de partida ajustad\u00edsimo para unas especificaciones bastante notables.<\/p>\n<p>Y va a ser un terremoto porque este MG4 Urban EV es el \u00fanico coche el\u00e9ctrico de mercado <strong>homologado para 5 plazas<\/strong> que llega a los concesionarios por menos de 18.000 euros. Aunque, como siempre, hay asteriscos. <\/p>\n<div id=\"ez-toc-container\" class=\"ez-toc-v2_0_81 counter-hierarchy ez-toc-counter ez-toc-grey ez-toc-container-direction\">\n<div class=\"ez-toc-title-container\">\n<p class=\"ez-toc-title\" style=\"cursor:inherit\">Tabla de Contenido<\/p>\n<span class=\"ez-toc-title-toggle\"><a href=\"#\" class=\"ez-toc-pull-right ez-toc-btn ez-toc-btn-xs ez-toc-btn-default ez-toc-toggle\" aria-label=\"Alternar tabla de contenidos\"><span class=\"ez-toc-js-icon-con\"><span class=\"\"><span class=\"eztoc-hide\" style=\"display:none;\">Toggle<\/span><span class=\"ez-toc-icon-toggle-span\"><svg style=\"fill: #999;color:#999\" xmlns=\"http:\/\/www.w3.org\/2000\/svg\" class=\"list-377408\" width=\"20px\" height=\"20px\" viewBox=\"0 0 24 24\" fill=\"none\"><path d=\"M6 6H4v2h2V6zm14 0H8v2h12V6zM4 11h2v2H4v-2zm16 0H8v2h12v-2zM4 16h2v2H4v-2zm16 0H8v2h12v-2z\" fill=\"currentColor\"><\/path><\/svg><svg style=\"fill: #999;color:#999\" class=\"arrow-unsorted-368013\" xmlns=\"http:\/\/www.w3.org\/2000\/svg\" width=\"10px\" height=\"10px\" viewBox=\"0 0 24 24\" version=\"1.2\" baseProfile=\"tiny\"><path d=\"M18.2 9.3l-6.2-6.3-6.2 6.3c-.2.2-.3.4-.3.7s.1.5.3.7c.2.2.4.3.7.3h11c.3 0 .5-.1.7-.3.2-.2.3-.5.3-.7s-.1-.5-.3-.7zM5.8 14.7l6.2 6.3 6.2-6.3c.2-.2.3-.5.3-.7s-.1-.5-.3-.7c-.2-.2-.4-.3-.7-.3h-11c-.3 0-.5.1-.7.3-.2.2-.3.5-.3.7s.1.5.3.7z\"\/><\/svg><\/span><\/span><\/span><\/a><\/span><\/div>\n<nav><ul class='ez-toc-list ez-toc-list-level-1 ' ><li class='ez-toc-page-1 ez-toc-heading-level-2'><a class=\"ez-toc-link ez-toc-heading-1\" href=\"https:\/\/enfoquenoticioso.com\/?p=128907\/#MG4_Urban_EV_el_unico_electrico_de_5_plazas_y_esta_autonomia_por_menos_de_18000_euros\" >MG4 Urban EV: el \u00fanico el\u00e9ctrico de 5 plazas y esta autonom\u00eda por menos de 18.000 euros<\/a><\/li><\/ul><\/nav><\/div>\n<h2 class=\"wp-block-heading\" id=\"h-mg4-urban-ev-el-unico-electrico-de-5-plazas-y-esta-autonomia-por-menos-de-18-000-euros\"><span class=\"ez-toc-section\" id=\"MG4_Urban_EV_el_unico_electrico_de_5_plazas_y_esta_autonomia_por_menos_de_18000_euros\"><\/span>MG4 Urban EV: el \u00fanico el\u00e9ctrico de 5 plazas y esta autonom\u00eda por menos de 18.000 euros<span class=\"ez-toc-section-end\"><\/span><\/h2>\n<figure class=\"wp-block-image size-full\"><img decoding=\"async\" data-recalc-dims=\"1\" loading=\"lazy\" width=\"780\" height=\"439\" src=\"https:\/\/i0.wp.com\/imgs.hipertextual.com\/wp-content\/uploads\/2026\/04\/MG4-Urban-EV2.jpeg?resize=780%2C439&#038;quality=70&#038;strip=all&#038;ssl=1\" alt=\"\" class=\"wp-image-1883359\" \/><\/figure>\n<p>El <strong>precio de lanzamiento de 16.800 \u20ac<\/strong> no es el precio real del coche, es el que te queda con ayudas y descuentos, puesto que el coche tiene un precio mayor en su PVP oficial. Con todo, los descuentos lo hacen como uno de los m\u00e1s atractivos si tenemos en cuenta sus 5 plazas y, sobre todo, sus m\u00e1s de 400 km de autonom\u00eda el\u00e9ctrica gracias a sus bater\u00edas de estado semis\u00f3lido.<\/p>\n<p>MG4 Urban EV estar\u00e1 disponible en Espa\u00f1a con los dos niveles de acabado:\u00a0versi\u00f3n Comfort y Premium. Aunque, como suele ser habitual, el modelo Premium ser\u00e1 el m\u00e1s completo de todos, el Comfort no llegar\u00e1 con equipamiento excelente. Las diferentes fundamentales est\u00e1n en las llantas de aleaci\u00f3n de 17 pulgadas, asientos calefactables, c\u00e1mara de visi\u00f3n 360\u00ba, volante multifunci\u00f3n y otras mejoras en el interior del coche que quedan limitadas a la versi\u00f3n Premium, algo m\u00e1s cara que la versi\u00f3n base del coche.<\/p>\n<figure class=\"wp-block-image alignwide size-full\"><img decoding=\"async\" data-recalc-dims=\"1\" loading=\"lazy\" width=\"780\" height=\"439\" src=\"https:\/\/i0.wp.com\/imgs.hipertextual.com\/wp-content\/uploads\/2026\/04\/mg4.jpeg?resize=780%2C439&#038;quality=70&#038;strip=all&#038;ssl=1\" alt=\"\" class=\"wp-image-1883362\" \/><\/figure>\n<p>En cuanto al precio sin ayudas y descuentos, el MG4 Urban EV estar\u00e1 disponible en dos motorizaciones y autonom\u00edas: uno con <strong>bater\u00eda LFP de 42,8 kWh y motor de 110 kW (149 CV) por 25.490 \u20ac <\/strong>y autonom\u00eda de 325 kil\u00f3metros, solo disponible en la modalidad Comfort, y otra con bater\u00eda LFP de 53,9 kWh y motor de 118 kW (160 CV) y autonom\u00eda de 418 km por 27.900 \u20ac en la versi\u00f3n Comfort y 30.900 \u20ac en la Premium, ambas m\u00e9tricas bajo el est\u00e1ndar WLTP.<\/p>\n<p>No obstante, gracias a las ayudas y a los descuentos de la marca, <strong>el modelo est\u00e1ndar del coche queda, como decimos, por menos de 18.000 \u20ac, <\/strong>que, teniendo en cuenta su autonom\u00eda y equipamiento, y sobre todo su homologaci\u00f3n a 5 plazas, lo dejan como una de las opciones m\u00e1s atractivas del mercado.<\/p>\n<\/p>\n<p>Seguir leyendo: <a href=\"https:\/\/hipertextual.com\/movilidad\/el-mg4-urban-ev-va-a-ser-un-bombazo-16-000-euros-y-mas-de-400-km-de-autonomia\/\" target=\"_blank\" rel=\"noopener\">El MG4 Urban EV va a ser un bombazo: 16.000 euros y m\u00e1s de 400 km de autonom\u00eda<\/a><\/p>\n<p><a href=\"https:\/\/hipertextual.com\/movilidad\/el-mg4-urban-ev-va-a-ser-un-bombazo-16-000-euros-y-mas-de-400-km-de-autonomia\/\" class=\" target=\" title=\"El MG4 Urban EV va a ser un bombazo: 16.000 euros y m\u00e1s de 400 km de autonom\u00eda\" target=\"_blank\" rel=\"noopener\">Ver fuente<\/a><\/p>\n","protected":false},"excerpt":{"rendered":"<p>MG es uno de los fabricantes m\u00e1s populares de los \u00faltimos a\u00f1os. Tanto que es casi imposible no cruzarse con algunos de sus modelos por cualquier calle de Espa\u00f1a. Ahora la compa\u00f1\u00eda se prepara para el desembarco de su nuevo 100% el\u00e9ctrico, el MG4 Urban EV, que va a sorprender a muchos por su precio [&hellip;]<\/p>\n","protected":false},"author":2,"featured_media":128908,"comment_status":"open","ping_status":"closed","sticky":false,"template":"","format":"standard","meta":{"footnotes":""},"categories":[9],"tags":[],"class_list":["post-128907","post","type-post","status-publish","format-standard","has-post-thumbnail","hentry","category-tecnologia"],"_links":{"self":[{"href":"https:\/\/enfoquenoticioso.com\/index.php?rest_route=\/wp\/v2\/posts\/128907","targetHints":{"allow":["GET"]}}],"collection":[{"href":"https:\/\/enfoquenoticioso.com\/index.php?rest_route=\/wp\/v2\/posts"}],"about":[{"href":"https:\/\/enfoquenoticioso.com\/index.php?rest_route=\/wp\/v2\/types\/post"}],"author":[{"embeddable":true,"href":"https:\/\/enfoquenoticioso.com\/index.php?rest_route=\/wp\/v2\/users\/2"}],"replies":[{"embeddable":true,"href":"https:\/\/enfoquenoticioso.com\/index.php?rest_route=%2Fwp%2Fv2%2Fcomments&post=128907"}],"version-history":[{"count":0,"href":"https:\/\/enfoquenoticioso.com\/index.php?rest_route=\/wp\/v2\/posts\/128907\/revisions"}],"wp:featuredmedia":[{"embeddable":true,"href":"https:\/\/enfoquenoticioso.com\/index.php?rest_route=\/wp\/v2\/media\/128908"}],"wp:attachment":[{"href":"https:\/\/enfoquenoticioso.com\/index.php?rest_route=%2Fwp%2Fv2%2Fmedia&parent=128907"}],"wp:term":[{"taxonomy":"category","embeddable":true,"href":"https:\/\/enfoquenoticioso.com\/index.php?rest_route=%2Fwp%2Fv2%2Fcategories&post=128907"},{"taxonomy":"post_tag","embeddable":true,"href":"https:\/\/enfoquenoticioso.com\/index.php?rest_route=%2Fwp%2Fv2%2Ftags&post=128907"}],"curies":[{"name":"wp","href":"https:\/\/api.w.org\/{rel}","templated":true}]}}