{"id":128915,"date":"2026-04-28T15:36:59","date_gmt":"2026-04-28T15:36:59","guid":{"rendered":"https:\/\/enfoquenoticioso.com\/?p=128915"},"modified":"2026-04-28T15:36:59","modified_gmt":"2026-04-28T15:36:59","slug":"rosa-rodriguez-proyecta-podio-en-martillo","status":"publish","type":"post","link":"https:\/\/enfoquenoticioso.com\/?p=128915","title":{"rendered":"Rosa Rodr\u00edguez proyecta podio en martillo\u00a0"},"content":{"rendered":"<div>\n<p>Dominadora absoluta del martillo nacional desde poco m\u00e1s de dos d\u00e9cadas, la diploma ol\u00edmpico en Par\u00eds 2024, Rosa Rodr\u00edguez, sostuvo su vigencia y supremac\u00eda al coronarse en la especialidad, en el marco de la tercera parada de la Liga Nacional de Atletismo y Campeonato Nacional de especialidades realizado el fin de semana pasado el Polideportivo M\u00e1ximo Viloria de Barquisimeto.<\/p>\n<p><strong>Lee tambi\u00e9n: <a href=\"http:\/\/Venezuela brill\u00f3 en el Mundial de Kempo\">Venezuela brill\u00f3 en el Mundial de Kempo<\/a><\/strong><\/p>\n<p>La m\u00e1xima referente nacional obtuvo un \u00fanico intento fallido al comienzo de la prueba y dej\u00f3 una serie de lanzamientos efectivos de 58.46 y 68.75.<\/p>\n<div id=\"ez-toc-container\" class=\"ez-toc-v2_0_81 counter-hierarchy ez-toc-counter ez-toc-grey ez-toc-container-direction\">\n<div class=\"ez-toc-title-container\">\n<p class=\"ez-toc-title\" style=\"cursor:inherit\">Tabla de Contenido<\/p>\n<span class=\"ez-toc-title-toggle\"><a href=\"#\" class=\"ez-toc-pull-right ez-toc-btn ez-toc-btn-xs ez-toc-btn-default ez-toc-toggle\" aria-label=\"Alternar tabla de contenidos\"><span class=\"ez-toc-js-icon-con\"><span class=\"\"><span class=\"eztoc-hide\" style=\"display:none;\">Toggle<\/span><span class=\"ez-toc-icon-toggle-span\"><svg style=\"fill: #999;color:#999\" xmlns=\"http:\/\/www.w3.org\/2000\/svg\" class=\"list-377408\" width=\"20px\" height=\"20px\" viewBox=\"0 0 24 24\" fill=\"none\"><path d=\"M6 6H4v2h2V6zm14 0H8v2h12V6zM4 11h2v2H4v-2zm16 0H8v2h12v-2zM4 16h2v2H4v-2zm16 0H8v2h12v-2z\" fill=\"currentColor\"><\/path><\/svg><svg style=\"fill: #999;color:#999\" class=\"arrow-unsorted-368013\" xmlns=\"http:\/\/www.w3.org\/2000\/svg\" width=\"10px\" height=\"10px\" viewBox=\"0 0 24 24\" version=\"1.2\" baseProfile=\"tiny\"><path d=\"M18.2 9.3l-6.2-6.3-6.2 6.3c-.2.2-.3.4-.3.7s.1.5.3.7c.2.2.4.3.7.3h11c.3 0 .5-.1.7-.3.2-.2.3-.5.3-.7s-.1-.5-.3-.7zM5.8 14.7l6.2 6.3 6.2-6.3c.2-.2.3-.5.3-.7s-.1-.5-.3-.7c-.2-.2-.4-.3-.7-.3h-11c-.3 0-.5.1-.7.3-.2.2-.3.5-.3.7s.1.5.3.7z\"\/><\/svg><\/span><\/span><\/span><\/a><\/span><\/div>\n<nav><ul class='ez-toc-list ez-toc-list-level-1 ' ><li class='ez-toc-page-1 ez-toc-heading-level-2'><a class=\"ez-toc-link ez-toc-heading-1\" href=\"https:\/\/enfoquenoticioso.com\/?p=128915\/#Panorama_favorable\" >Panorama favorable<\/a><ul class='ez-toc-list-level-3' ><li class='ez-toc-heading-level-3'><a class=\"ez-toc-link ez-toc-heading-2\" href=\"https:\/\/enfoquenoticioso.com\/?p=128915\/#Presente_en_disco\" >Presente en disco<\/a><\/li><li class='ez-toc-page-1 ez-toc-heading-level-3'><a class=\"ez-toc-link ez-toc-heading-3\" href=\"https:\/\/enfoquenoticioso.com\/?p=128915\/#Presencia_internacional\" >Presencia internacional<\/a><\/li><li class='ez-toc-page-1 ez-toc-heading-level-3'><a class=\"ez-toc-link ez-toc-heading-4\" href=\"https:\/\/enfoquenoticioso.com\/?p=128915\/#Doble_corona\" >Doble corona<\/a><\/li><\/ul><\/li><\/ul><\/nav><\/div>\n<h2 id=\"panorama-favorable\" class=\"wp-block-heading\"><span class=\"ez-toc-section\" id=\"Panorama_favorable\"><\/span>Panorama favorable<span class=\"ez-toc-section-end\"><\/span><\/h2>\n<p>Con este resultado y con miras a los venideros compromisos internacionales, entre ellos los Juegos Centroamericanos y del Caribe Santo Domingo 2026, la martillera larense se perfila en la segunda posici\u00f3n del ranking centroamericano de World Athletics, superada solo por la jamaicana Nayoka Clunis quien posee mejor marca de 72.03 metros.<\/p>\n<p>En hombres el t\u00edtulo qued\u00f3 en casa con el larense Danyer Colmen\u00e1rez quien se impuso con 41.52 metros.<\/p>\n<h3 id=\"presente-en-disco\" class=\"wp-block-heading\"><span class=\"ez-toc-section\" id=\"Presente_en_disco\"><\/span>Presente en disco<span class=\"ez-toc-section-end\"><\/span><\/h3>\n<p>La subcampeona panamericana junior en Asunci\u00f3n 2025, Ottaynis Febres, sum\u00f3 un nuevo t\u00edtulo de la liga a su palmar\u00e9s que la mantiene invicta.<\/p>\n<p>La disc\u00f3bola monaguense marc\u00f3 como mejor distancia 49.53 metros para quedarse con el oro. En hombres hizo lo propio el cojede\u00f1o Daniel Tovar con 41.02.<\/p>\n<p>Asimismo, en el lanzamiento de jabalina, con la ausencia del l\u00edder nacional de la modalidad el mirandino Orlando Fern\u00e1ndez, quien comanda el escalaf\u00f3n nacional con 73.56 metros, el triunfo en la ciudad crepuscular fue para el anzoatiguense Jheicor Valor con un mejor lanzamiento de 68.60.<\/p>\n<p>Finalmente, en el impulso de la bala la mirandina Ahymara Espinoza comand\u00f3 la modalidad con una distancia de 16.11 metros, mientras que en hombres el liderazgo lo reclam\u00f3 el zuliano Mario Gonz\u00e1lez con 16.26 metros.<\/p>\n<h3 id=\"presencia-internacional\" class=\"wp-block-heading\"><span class=\"ez-toc-section\" id=\"Presencia_internacional\"><\/span>Presencia internacional<span class=\"ez-toc-section-end\"><\/span><\/h3>\n<p>En las pruebas de pista el nivel se elev\u00f3 con la presencia del fondista colombiano Dylan Carrasco quien encabez\u00f3 la clasificaci\u00f3n de los 1.500 metros con 3:51.08, le escolt\u00f3 el venezolano Jos\u00e9 Gonz\u00e1lez con 4:02.67.<\/p>\n<p>Carrasc\u00f3 duplic\u00f3 su triunfo al ganar la final de los 5.000 metros con registro de 14:44.81, seguido en el segundo puesto por el carabobe\u00f1o Jos\u00e9 Moreno con 15:08.28.<\/p>\n<h3 id=\"doble-corona\" class=\"wp-block-heading\"><span class=\"ez-toc-section\" id=\"Doble_corona\"><\/span>Doble corona<span class=\"ez-toc-section-end\"><\/span><\/h3>\n<p>En damas fue la tachirense Juliana de los \u00c1ngeles Ramones quien obtuvo dos victorias, en los 1.500 con 5:50.76 y en 5.000 metros con 20:03.63.<\/p>\n<p>De igual forma, en 3.000 metros con obst\u00e1culos lider\u00f3 en damas la mirandina Valery Parra con 13:18.46 y en hombres el carabobe\u00f1o Jos\u00e9 Moreno con 9:10.93.<\/p>\n<\/div>\n<p><a href=\"https:\/\/www.liderendeportes.com\/noticias\/sin-categoria\/rosa-rodriguez-proyecta-podio-en-martillo\/\" class=\" target=\" title=\"Rosa Rodr\u00edguez proyecta podio en martillo\u00a0\" target=\"_blank\" rel=\"noopener\">Ver fuente<\/a><\/p>\n","protected":false},"excerpt":{"rendered":"<p>Dominadora absoluta del martillo nacional desde poco m\u00e1s de dos d\u00e9cadas, la diploma ol\u00edmpico en Par\u00eds 2024, Rosa Rodr\u00edguez, sostuvo su vigencia y supremac\u00eda al coronarse en la especialidad, en el marco de la tercera parada de la Liga Nacional de Atletismo y Campeonato Nacional de especialidades realizado el fin de semana pasado el Polideportivo [&hellip;]<\/p>\n","protected":false},"author":2,"featured_media":128916,"comment_status":"open","ping_status":"closed","sticky":false,"template":"","format":"standard","meta":{"footnotes":""},"categories":[7],"tags":[],"class_list":["post-128915","post","type-post","status-publish","format-standard","has-post-thumbnail","hentry","category-deporte"],"_links":{"self":[{"href":"https:\/\/enfoquenoticioso.com\/index.php?rest_route=\/wp\/v2\/posts\/128915","targetHints":{"allow":["GET"]}}],"collection":[{"href":"https:\/\/enfoquenoticioso.com\/index.php?rest_route=\/wp\/v2\/posts"}],"about":[{"href":"https:\/\/enfoquenoticioso.com\/index.php?rest_route=\/wp\/v2\/types\/post"}],"author":[{"embeddable":true,"href":"https:\/\/enfoquenoticioso.com\/index.php?rest_route=\/wp\/v2\/users\/2"}],"replies":[{"embeddable":true,"href":"https:\/\/enfoquenoticioso.com\/index.php?rest_route=%2Fwp%2Fv2%2Fcomments&post=128915"}],"version-history":[{"count":0,"href":"https:\/\/enfoquenoticioso.com\/index.php?rest_route=\/wp\/v2\/posts\/128915\/revisions"}],"wp:featuredmedia":[{"embeddable":true,"href":"https:\/\/enfoquenoticioso.com\/index.php?rest_route=\/wp\/v2\/media\/128916"}],"wp:attachment":[{"href":"https:\/\/enfoquenoticioso.com\/index.php?rest_route=%2Fwp%2Fv2%2Fmedia&parent=128915"}],"wp:term":[{"taxonomy":"category","embeddable":true,"href":"https:\/\/enfoquenoticioso.com\/index.php?rest_route=%2Fwp%2Fv2%2Fcategories&post=128915"},{"taxonomy":"post_tag","embeddable":true,"href":"https:\/\/enfoquenoticioso.com\/index.php?rest_route=%2Fwp%2Fv2%2Ftags&post=128915"}],"curies":[{"name":"wp","href":"https:\/\/api.w.org\/{rel}","templated":true}]}}