{"id":128917,"date":"2026-04-28T15:58:20","date_gmt":"2026-04-28T15:58:20","guid":{"rendered":"https:\/\/enfoquenoticioso.com\/?p=128917"},"modified":"2026-04-28T15:58:20","modified_gmt":"2026-04-28T15:58:20","slug":"mira-el-genial-trailer-de-ted-lasso-temporada-4-que-anuncia-su-fecha-de-estreno","status":"publish","type":"post","link":"https:\/\/enfoquenoticioso.com\/?p=128917","title":{"rendered":"Mira el genial tr\u00e1iler de \u2018Ted Lasso\u2019 temporada 4, que anuncia su fecha de estreno"},"content":{"rendered":"<figure><img loading=\"lazy\" decoding=\"async\" width=\"1024\" height=\"614\" src=\"https:\/\/i0.wp.com\/imgs.hipertextual.com\/wp-content\/uploads\/2026\/04\/Ted-Lasso.jpg?fit=1024%2C614&amp;quality=70&amp;strip=all&amp;ssl=1\" class=\"attachment-rss-image-size size-rss-image-size wp-post-image\" alt=\"Ted Lasso\" \/><\/figure>\n<p><a href=\"https:\/\/hipertextual.com\/cine-television\/ted-lasso-temporada-4-primeras-imagenes-fecha-detalles-apple\/\" target=\"_blank\" rel=\"noopener\"><em><strong>Ted Lasso<\/strong><\/em> est\u00e1 de vuelta con su temporada 4<\/a>, que acaba de lanzar tr\u00e1iler y fecha de estreno. El gran \u00e9xito de Apple TV resucita a\u00f1os despu\u00e9s de la que se supon\u00eda que iba a ser su tercera y \u00faltima entrega. La presi\u00f3n de los fans y del propio equipo llevaron a <a href=\"https:\/\/hipertextual.com\/tecnologia\/apple-quiere-una-cuarta-temporada-de-ted-lasso\/\" target=\"_blank\" rel=\"noopener\">buscar la manera de darle continuidad<\/a> y, finalmente, lo han conseguido. Ahora, las expectativas por descubrir esta nueva etapa en la vida de los protagonistas son alt\u00edsimas. Es, sin duda, una de las series m\u00e1s esperadas del a\u00f1o.<\/p>\n<p>En esta temporada 4 de <em>Ted Lasso<\/em>, como vemos en el tr\u00e1iler, <strong>Ted<\/strong> regresa a Richmond. pero en lugar de hacerse cargo de su viejo equipo, asumir\u00e1 una labor diferente. <strong>Rebecca<\/strong> ha abierto <a href=\"https:\/\/hipertextual.com\/cine-television\/ted-lasso-temporada-4-oficial-en-apple-tv\/\" target=\"_blank\" rel=\"noopener\">un nuevo equipo femenino<\/a> que se encuentra en segunda divisi\u00f3n, y el divertido protagonista se convertir\u00e1 en su entrenador.<\/p>\n<p>\u00abA lo largo de la temporada, <strong>Ted<\/strong> y el equipo aprenden a lanzarse de lleno sin pens\u00e1rselo dos veces, arriesg\u00e1ndose como nunca hubieran imaginado\u00bb, reza la sinopsis oficial de Apple TV. Eso s\u00ed, como muestra el tr\u00e1iler, <em>Ted Lasso<\/em> no estar\u00e1 solo en esta temporada 4. Su inseparable <strong>Beard<\/strong>\u00a0(Brendan Hunt) volver\u00e1 a estar junto a \u00e9l en el banquillo como su asistente. Adem\u00e1s, se les une al equipo t\u00e9cnico un nuevo personaje interpretado por la actriz\u00a0<strong>Tanya Reynolds<\/strong>.<\/p>\n<div id=\"ez-toc-container\" class=\"ez-toc-v2_0_81 counter-hierarchy ez-toc-counter ez-toc-grey ez-toc-container-direction\">\n<div class=\"ez-toc-title-container\">\n<p class=\"ez-toc-title\" style=\"cursor:inherit\">Tabla de Contenido<\/p>\n<span class=\"ez-toc-title-toggle\"><a href=\"#\" class=\"ez-toc-pull-right ez-toc-btn ez-toc-btn-xs ez-toc-btn-default ez-toc-toggle\" aria-label=\"Alternar tabla de contenidos\"><span class=\"ez-toc-js-icon-con\"><span class=\"\"><span class=\"eztoc-hide\" style=\"display:none;\">Toggle<\/span><span class=\"ez-toc-icon-toggle-span\"><svg style=\"fill: #999;color:#999\" xmlns=\"http:\/\/www.w3.org\/2000\/svg\" class=\"list-377408\" width=\"20px\" height=\"20px\" viewBox=\"0 0 24 24\" fill=\"none\"><path d=\"M6 6H4v2h2V6zm14 0H8v2h12V6zM4 11h2v2H4v-2zm16 0H8v2h12v-2zM4 16h2v2H4v-2zm16 0H8v2h12v-2z\" fill=\"currentColor\"><\/path><\/svg><svg style=\"fill: #999;color:#999\" class=\"arrow-unsorted-368013\" xmlns=\"http:\/\/www.w3.org\/2000\/svg\" width=\"10px\" height=\"10px\" viewBox=\"0 0 24 24\" version=\"1.2\" baseProfile=\"tiny\"><path d=\"M18.2 9.3l-6.2-6.3-6.2 6.3c-.2.2-.3.4-.3.7s.1.5.3.7c.2.2.4.3.7.3h11c.3 0 .5-.1.7-.3.2-.2.3-.5.3-.7s-.1-.5-.3-.7zM5.8 14.7l6.2 6.3 6.2-6.3c.2-.2.3-.5.3-.7s-.1-.5-.3-.7c-.2-.2-.4-.3-.7-.3h-11c-.3 0-.5.1-.7.3-.2.2-.3.5-.3.7s.1.5.3.7z\"\/><\/svg><\/span><\/span><\/span><\/a><\/span><\/div>\n<nav><ul class='ez-toc-list ez-toc-list-level-1 ' ><li class='ez-toc-page-1 ez-toc-heading-level-2'><a class=\"ez-toc-link ez-toc-heading-1\" href=\"https:\/\/enfoquenoticioso.com\/?p=128917\/#Mira_el_trailer_de_Ted_Lasso_temporada_4\" >Mira el tr\u00e1iler de Ted Lasso temporada 4<\/a><\/li><\/ul><\/nav><\/div>\n<h2 class=\"wp-block-heading\" id=\"h-mira-el-trailer-de-ted-lasso-temporada-4\"><span class=\"ez-toc-section\" id=\"Mira_el_trailer_de_Ted_Lasso_temporada_4\"><\/span>Mira el tr\u00e1iler de <em>Ted Lasso<\/em> temporada 4<span class=\"ez-toc-section-end\"><\/span><\/h2>\n<figure class=\"wp-block-embed is-type-video is-provider-youtube wp-block-embed-youtube wp-embed-aspect-16-9 wp-has-aspect-ratio\">\n<div class=\"wp-block-embed__wrapper\">\n<\/div>\n<\/figure>\n<p>Otros nombres destacados que regresan en el tr\u00e1iler de la temporada 4 de Ted Lasso son <strong>Hannah Waddingham<\/strong>,\u00a0<strong>Brett Goldstein<\/strong>, <strong>Juno Temple<\/strong> y\u00a0<strong>Jeremy Swift<\/strong>, los actores de Rebecca, Roy Kent, Keeley Jones y Leslie Higgins. Sin embargo, en principio\u00a0<strong>Phil Dunster<\/strong>\u00a0no regresar\u00e1 como Jamie Tartt, o al menos no como personaje regular, debido a problemas de calendario.<\/p>\n<p>En cuanto a los nuevos fichajes, al margen de la mencionada <strong>Reynolds<\/strong>, se unen a la serie <strong>Jude Mack, Faye Marsay, Rex Hayes, Aisling Sharkey, Abbie Hern<\/strong> y <strong>Grant Feely<\/strong>. Peor lo m\u00e1s interesante es que la compa\u00f1\u00eda ha revelado al fin la fecha de estreno de <em>Ted Lasso<\/em> temporada 4 para el <strong>5 de agosto en Apple TV<\/strong>.<\/p>\n<p>Seguir leyendo: <a href=\"https:\/\/hipertextual.com\/cine-television\/mira-el-genial-trailer-de-ted-lasso-temporada-4-que-anuncia-su-fecha-de-estreno\/\" target=\"_blank\" rel=\"noopener\">Mira el genial tr\u00e1iler de &#8216;Ted Lasso&#8217; temporada 4, que anuncia su fecha de estreno<\/a><\/p>\n<p><a href=\"https:\/\/hipertextual.com\/cine-television\/mira-el-genial-trailer-de-ted-lasso-temporada-4-que-anuncia-su-fecha-de-estreno\/\" class=\" target=\" title=\"Mira el genial tr\u00e1iler de \u2018Ted Lasso\u2019 temporada 4, que anuncia su fecha de estreno\" target=\"_blank\" rel=\"noopener\">Ver fuente<\/a><\/p>\n","protected":false},"excerpt":{"rendered":"<p>Ted Lasso est\u00e1 de vuelta con su temporada 4, que acaba de lanzar tr\u00e1iler y fecha de estreno. El gran \u00e9xito de Apple TV resucita a\u00f1os despu\u00e9s de la que se supon\u00eda que iba a ser su tercera y \u00faltima entrega. La presi\u00f3n de los fans y del propio equipo llevaron a buscar la manera [&hellip;]<\/p>\n","protected":false},"author":2,"featured_media":128918,"comment_status":"open","ping_status":"closed","sticky":false,"template":"","format":"standard","meta":{"footnotes":""},"categories":[9],"tags":[],"class_list":["post-128917","post","type-post","status-publish","format-standard","has-post-thumbnail","hentry","category-tecnologia"],"_links":{"self":[{"href":"https:\/\/enfoquenoticioso.com\/index.php?rest_route=\/wp\/v2\/posts\/128917","targetHints":{"allow":["GET"]}}],"collection":[{"href":"https:\/\/enfoquenoticioso.com\/index.php?rest_route=\/wp\/v2\/posts"}],"about":[{"href":"https:\/\/enfoquenoticioso.com\/index.php?rest_route=\/wp\/v2\/types\/post"}],"author":[{"embeddable":true,"href":"https:\/\/enfoquenoticioso.com\/index.php?rest_route=\/wp\/v2\/users\/2"}],"replies":[{"embeddable":true,"href":"https:\/\/enfoquenoticioso.com\/index.php?rest_route=%2Fwp%2Fv2%2Fcomments&post=128917"}],"version-history":[{"count":0,"href":"https:\/\/enfoquenoticioso.com\/index.php?rest_route=\/wp\/v2\/posts\/128917\/revisions"}],"wp:featuredmedia":[{"embeddable":true,"href":"https:\/\/enfoquenoticioso.com\/index.php?rest_route=\/wp\/v2\/media\/128918"}],"wp:attachment":[{"href":"https:\/\/enfoquenoticioso.com\/index.php?rest_route=%2Fwp%2Fv2%2Fmedia&parent=128917"}],"wp:term":[{"taxonomy":"category","embeddable":true,"href":"https:\/\/enfoquenoticioso.com\/index.php?rest_route=%2Fwp%2Fv2%2Fcategories&post=128917"},{"taxonomy":"post_tag","embeddable":true,"href":"https:\/\/enfoquenoticioso.com\/index.php?rest_route=%2Fwp%2Fv2%2Ftags&post=128917"}],"curies":[{"name":"wp","href":"https:\/\/api.w.org\/{rel}","templated":true}]}}