{"id":128919,"date":"2026-04-28T16:04:05","date_gmt":"2026-04-28T16:04:05","guid":{"rendered":"https:\/\/enfoquenoticioso.com\/?p=128919"},"modified":"2026-04-28T16:04:05","modified_gmt":"2026-04-28T16:04:05","slug":"identificaron-a-joven-que-cayo-desde-el-edificio-altoral-en-la-avenida-fuerzas-armadas-de-caracas","status":"publish","type":"post","link":"https:\/\/enfoquenoticioso.com\/?p=128919","title":{"rendered":"Identificaron a joven que cay\u00f3 desde el edificio Altoral en la avenida Fuerzas Armadas de Caracas"},"content":{"rendered":"<div id=\"post-584173\">&#13;<br \/>\n\t\t\t&#13;<\/p>\n<div class=\"entry-thumbnail\">\n<img loading=\"lazy\" width=\"777\" height=\"437\" src=\"https:\/\/noticiasaldiayalahora.co\/wp-content\/uploads\/2026\/04\/avenida-fuerzas-armadas-777x437.webp\" class=\"attachment-content-single size-content-single wp-post-image\" alt=\"\" decoding=\"async\" srcset=\"https:\/\/noticiasaldiayalahora.co\/wp-content\/uploads\/2026\/04\/avenida-fuerzas-armadas-777x437.webp 777w, https:\/\/noticiasaldiayalahora.co\/wp-content\/uploads\/2026\/04\/avenida-fuerzas-armadas-300x169.webp 300w, https:\/\/noticiasaldiayalahora.co\/wp-content\/uploads\/2026\/04\/avenida-fuerzas-armadas-768x432.webp 768w, https:\/\/noticiasaldiayalahora.co\/wp-content\/uploads\/2026\/04\/avenida-fuerzas-armadas-180x101.webp 180w, https:\/\/noticiasaldiayalahora.co\/wp-content\/uploads\/2026\/04\/avenida-fuerzas-armadas-260x146.webp 260w, https:\/\/noticiasaldiayalahora.co\/wp-content\/uploads\/2026\/04\/avenida-fuerzas-armadas-373x210.webp 373w, https:\/\/noticiasaldiayalahora.co\/wp-content\/uploads\/2026\/04\/avenida-fuerzas-armadas-120x67.webp 120w, https:\/\/noticiasaldiayalahora.co\/wp-content\/uploads\/2026\/04\/avenida-fuerzas-armadas.webp 1024w\" sizes=\"auto, (max-width: 777px) 100vw, 777px\"\/><\/div>\n<p>\t&#13;<\/p>\n<div class=\"advertisement\">\n<div class=\"sb-widget post-ad\">\n<p style=\"font-size: 10px; color: #999; margin: 0 0 10px 0; text-transform: uppercase; font-family: sans-serif;\">Publicidad \/ Contenido Patrocinado<\/p>\n<\/div><\/div>\n<p>&#13;<\/p>\n<p class=\"entry-meta\">\n<span class=\"entry-meta-author vcard author\">Por: <a class=\"fn\" href=\"https:\/\/noticiasaldiayalahora.co\/author\/redaccion\/\" target=\"_blank\" rel=\"noopener\">Redacci\u00f3n Noticias al Dia y a la Hora<\/a><\/span><br \/>\n<span class=\"entry-meta-date updated\">28 abril, 2026<\/span>\n<\/p>\n<p>\t&#13;<\/p>\n<div class=\"entry-content clearfix\">\n<p>Este lunes, un tr\u00e1gico incidente sacudi\u00f3 la Avenida Fuerzas Armadas, espec\u00edficamente en la esquina Palo Negro, municipio Libertador de Caracas, cuando un joven se precipit\u00f3 desde un edificio.<\/p>\n<p>La v\u00edctima de\u00a022 a\u00f1os, identificada como Alberto Rond\u00f3n, perdi\u00f3 la vida tras caer\u00a0al vac\u00edo desde las residencias\u00a0Altoral, adyacente\u00a0al m\u00f3dulo de la Polic\u00eda de Caracas.<\/p>\n<aside class=\"relacionadas\">\n<\/aside>\n<div id=\"ez-toc-container\" class=\"ez-toc-v2_0_81 counter-hierarchy ez-toc-counter ez-toc-grey ez-toc-container-direction\">\n<div class=\"ez-toc-title-container\">\n<p class=\"ez-toc-title\" style=\"cursor:inherit\">Tabla de Contenido<\/p>\n<span class=\"ez-toc-title-toggle\"><a href=\"#\" class=\"ez-toc-pull-right ez-toc-btn ez-toc-btn-xs ez-toc-btn-default ez-toc-toggle\" aria-label=\"Alternar tabla de contenidos\"><span class=\"ez-toc-js-icon-con\"><span class=\"\"><span class=\"eztoc-hide\" style=\"display:none;\">Toggle<\/span><span class=\"ez-toc-icon-toggle-span\"><svg style=\"fill: #999;color:#999\" xmlns=\"http:\/\/www.w3.org\/2000\/svg\" class=\"list-377408\" width=\"20px\" height=\"20px\" viewBox=\"0 0 24 24\" fill=\"none\"><path d=\"M6 6H4v2h2V6zm14 0H8v2h12V6zM4 11h2v2H4v-2zm16 0H8v2h12v-2zM4 16h2v2H4v-2zm16 0H8v2h12v-2z\" fill=\"currentColor\"><\/path><\/svg><svg style=\"fill: #999;color:#999\" class=\"arrow-unsorted-368013\" xmlns=\"http:\/\/www.w3.org\/2000\/svg\" width=\"10px\" height=\"10px\" viewBox=\"0 0 24 24\" version=\"1.2\" baseProfile=\"tiny\"><path d=\"M18.2 9.3l-6.2-6.3-6.2 6.3c-.2.2-.3.4-.3.7s.1.5.3.7c.2.2.4.3.7.3h11c.3 0 .5-.1.7-.3.2-.2.3-.5.3-.7s-.1-.5-.3-.7zM5.8 14.7l6.2 6.3 6.2-6.3c.2-.2.3-.5.3-.7s-.1-.5-.3-.7c-.2-.2-.4-.3-.7-.3h-11c-.3 0-.5.1-.7.3-.2.2-.3.5-.3.7s.1.5.3.7z\"\/><\/svg><\/span><\/span><\/span><\/a><\/span><\/div>\n<nav><ul class='ez-toc-list ez-toc-list-level-1 ' ><li class='ez-toc-page-1 ez-toc-heading-level-4'><a class=\"ez-toc-link ez-toc-heading-1\" href=\"https:\/\/enfoquenoticioso.com\/?p=128919\/#El_comandante_general_del_Cuerpo_de_Bomberos_de_Caracas_Pablo_Antonio_Palacios_revelo_detalles_del_tragico_suceso_en_sus_redes_sociales\" >El comandante general del Cuerpo de Bomberos de Caracas, Pablo Antonio Palacios, revel\u00f3 detalles del tr\u00e1gico suceso en sus redes sociales.<\/a><\/li><\/ul><\/nav><\/div>\n<h4><span class=\"ez-toc-section\" id=\"El_comandante_general_del_Cuerpo_de_Bomberos_de_Caracas_Pablo_Antonio_Palacios_revelo_detalles_del_tragico_suceso_en_sus_redes_sociales\"><\/span>El comandante general del Cuerpo de Bomberos de Caracas, Pablo Antonio Palacios, revel\u00f3 detalles del tr\u00e1gico suceso en sus redes sociales.<span class=\"ez-toc-section-end\"><\/span><\/h4>\n<p>Hasta el momento se desconoce el piso exacto desde el cual cay\u00f3 Rond\u00f3n.<\/p>\n<p>El impacto gener\u00f3 conmoci\u00f3n inmediata entre los transe\u00fantes y residentes de la zona. Tras el lamentable suceso, una mujer de 74 a\u00f1os de edad, cuya identidad no fue revelada, tuvo que ser atendida por los cuerpos de socorro al presentar una fuerte crisis nerviosa, revel\u00f3 Palacios.<\/p>\n<p>Funcionarios del Cuerpo de Bomberos de Caracas y comisiones de la Polic\u00eda de Caracas se presentaron en el sitio para resguardar la escena y proceder con la recopilaci\u00f3n de datos preliminares.<\/p>\n<p>Al sitio tambi\u00e9n se apersonaron funcionarios del Servicio Nacional de Medicina y Ciencias Forenses (Senamaecf),\u00a0quienes se encargar\u00e1n del levantamiento del cad\u00e1ver y su posterior traslado a la morgue de Bello Monte para los ex\u00e1menes de ley.<\/p>\n<\/p><\/div>\n<p>\t&#13;<br \/>\n&#13;<br \/>\n\t<!-- Taboola Below Article con Etiqueta -->&#13;<\/p>\n<div style=\"margin-top: 20px;\">\n<p style=\"font-size: 10px; color: #999; margin: 0 0 5px 0; text-transform: uppercase; font-family: sans-serif;\">Contenido Patrocinado \/ Recomendado para ti<\/p>\n<\/p><\/div>\n<p>&#13;<br \/>\n&#13;<br \/>\n\t\t&#13;\n<\/p><\/div>\n<p><a href=\"https:\/\/noticiasaldiayalahora.co\/sucesos\/identificaron-a-joven-que-cayo-desde-el-edificio-altoral-en-la-avenida-fuerzas-armadas-de-caracas\/\" class=\" target=\" title=\"Identificaron a joven que cay\u00f3 desde el edificio Altoral en la avenida Fuerzas Armadas de Caracas\" target=\"_blank\" rel=\"noopener\">Ver fuente<\/a><\/p>\n","protected":false},"excerpt":{"rendered":"<p>&#13; &#13; &#13; Publicidad \/ Contenido Patrocinado &#13; Por: Redacci\u00f3n Noticias al Dia y a la Hora 28 abril, 2026 &#13; Este lunes, un tr\u00e1gico incidente sacudi\u00f3 la Avenida Fuerzas Armadas, espec\u00edficamente en la esquina Palo Negro, municipio Libertador de Caracas, cuando un joven se precipit\u00f3 desde un edificio. La v\u00edctima de\u00a022 a\u00f1os, identificada como [&hellip;]<\/p>\n","protected":false},"author":2,"featured_media":128920,"comment_status":"open","ping_status":"closed","sticky":false,"template":"","format":"standard","meta":{"footnotes":""},"categories":[5],"tags":[],"class_list":["post-128919","post","type-post","status-publish","format-standard","has-post-thumbnail","hentry","category-sucesos"],"_links":{"self":[{"href":"https:\/\/enfoquenoticioso.com\/index.php?rest_route=\/wp\/v2\/posts\/128919","targetHints":{"allow":["GET"]}}],"collection":[{"href":"https:\/\/enfoquenoticioso.com\/index.php?rest_route=\/wp\/v2\/posts"}],"about":[{"href":"https:\/\/enfoquenoticioso.com\/index.php?rest_route=\/wp\/v2\/types\/post"}],"author":[{"embeddable":true,"href":"https:\/\/enfoquenoticioso.com\/index.php?rest_route=\/wp\/v2\/users\/2"}],"replies":[{"embeddable":true,"href":"https:\/\/enfoquenoticioso.com\/index.php?rest_route=%2Fwp%2Fv2%2Fcomments&post=128919"}],"version-history":[{"count":0,"href":"https:\/\/enfoquenoticioso.com\/index.php?rest_route=\/wp\/v2\/posts\/128919\/revisions"}],"wp:featuredmedia":[{"embeddable":true,"href":"https:\/\/enfoquenoticioso.com\/index.php?rest_route=\/wp\/v2\/media\/128920"}],"wp:attachment":[{"href":"https:\/\/enfoquenoticioso.com\/index.php?rest_route=%2Fwp%2Fv2%2Fmedia&parent=128919"}],"wp:term":[{"taxonomy":"category","embeddable":true,"href":"https:\/\/enfoquenoticioso.com\/index.php?rest_route=%2Fwp%2Fv2%2Fcategories&post=128919"},{"taxonomy":"post_tag","embeddable":true,"href":"https:\/\/enfoquenoticioso.com\/index.php?rest_route=%2Fwp%2Fv2%2Ftags&post=128919"}],"curies":[{"name":"wp","href":"https:\/\/api.w.org\/{rel}","templated":true}]}}