{"id":128935,"date":"2026-04-28T17:42:39","date_gmt":"2026-04-28T17:42:39","guid":{"rendered":"https:\/\/enfoquenoticioso.com\/?p=128935"},"modified":"2026-04-28T17:42:39","modified_gmt":"2026-04-28T17:42:39","slug":"el-retiro-de-la-opep-es-una-decision-politica-asegura-ministro-de-energia-de-emiratos-arabes-unidos","status":"publish","type":"post","link":"https:\/\/enfoquenoticioso.com\/?p=128935","title":{"rendered":"El retiro de la OPEP es una decisi\u00f3n pol\u00edtica, asegura ministro de Energ\u00eda de Emiratos \u00c1rabes Unidos"},"content":{"rendered":"<div>\n<p>Altos funcionarios de los Emiratos \u00c1rabes Unidos y analistas regionales describieron la decisi\u00f3n del pa\u00eds de abandonar la alianza OPEP y OPEP+ como \u00abun cambio soberano, impulsado por pol\u00edticas, con el objetivo de mejorar la flexibilidad de la producci\u00f3n y, al mismo tiempo, mantener su compromiso con la estabilidad del mercado global\u00bb, seg\u00fan declararon al medio de Dub\u00e1i \u00abKhaleej Times\u00bb.<\/p>\n<p>\u201cAgradecemos a la OPEP y a sus pa\u00edses miembros por d\u00e9cadas de cooperaci\u00f3n constructiva. Seguimos comprometidos con la seguridad energ\u00e9tica, proporcionando un suministro fiable, responsable y con bajas emisiones de carbono, al tiempo que apoyamos la estabilidad de los mercados globales\u201d, declar\u00f3.<\/p>\n<p>Al Mazrouei indic\u00f3 que la decisi\u00f3n se tom\u00f3 tras \u201cun an\u00e1lisis exhaustivo de las pol\u00edticas actuales y futuras relacionadas con el nivel de producci\u00f3n\u201d, y a\u00f1adi\u00f3 que no plantearon el asunto a ning\u00fan otro pa\u00eds. \u201cSe trata de una decisi\u00f3n pol\u00edtica\u201d, afirm\u00f3, describi\u00e9ndola como una medida adoptada en consonancia con las prioridades nacionales.<\/p>\n<p>Los Emiratos \u00c1rabes Unidos anunciaron el martes su salida de la OPEP y la OPEP+, efectiva a partir del 1 de mayo de 2026, tras una revisi\u00f3n de su estrategia de producci\u00f3n y sus perspectivas energ\u00e9ticas a largo plazo. El pa\u00eds se uni\u00f3 a la OPEP en 1967 a trav\u00e9s de Abu Dabi y mantuvo su membres\u00eda tras la formaci\u00f3n de los Emiratos \u00c1rabes Unidos en 1971, desempe\u00f1ando un papel clave en el mantenimiento de la estabilidad del mercado petrolero durante d\u00e9cadas.<\/p>\n<p>Ali Rashid Al Nuaimi, presidente del Comit\u00e9 de Defensa, Interior y Asuntos Exteriores del Consejo Nacional Federal, describi\u00f3 la medida como \u00abuna decisi\u00f3n soberana vinculada a los intereses nacionales superiores de los Emiratos \u00c1rabes Unidos, alineada con sus futuras ambiciones econ\u00f3micas\u00bb.<\/p>\n<div id=\"ez-toc-container\" class=\"ez-toc-v2_0_81 counter-hierarchy ez-toc-counter ez-toc-grey ez-toc-container-direction\">\n<div class=\"ez-toc-title-container\">\n<p class=\"ez-toc-title\" style=\"cursor:inherit\">Tabla de Contenido<\/p>\n<span class=\"ez-toc-title-toggle\"><a href=\"#\" class=\"ez-toc-pull-right ez-toc-btn ez-toc-btn-xs ez-toc-btn-default ez-toc-toggle\" aria-label=\"Alternar tabla de contenidos\"><span class=\"ez-toc-js-icon-con\"><span class=\"\"><span class=\"eztoc-hide\" style=\"display:none;\">Toggle<\/span><span class=\"ez-toc-icon-toggle-span\"><svg style=\"fill: #999;color:#999\" xmlns=\"http:\/\/www.w3.org\/2000\/svg\" class=\"list-377408\" width=\"20px\" height=\"20px\" viewBox=\"0 0 24 24\" fill=\"none\"><path d=\"M6 6H4v2h2V6zm14 0H8v2h12V6zM4 11h2v2H4v-2zm16 0H8v2h12v-2zM4 16h2v2H4v-2zm16 0H8v2h12v-2z\" fill=\"currentColor\"><\/path><\/svg><svg style=\"fill: #999;color:#999\" class=\"arrow-unsorted-368013\" xmlns=\"http:\/\/www.w3.org\/2000\/svg\" width=\"10px\" height=\"10px\" viewBox=\"0 0 24 24\" version=\"1.2\" baseProfile=\"tiny\"><path d=\"M18.2 9.3l-6.2-6.3-6.2 6.3c-.2.2-.3.4-.3.7s.1.5.3.7c.2.2.4.3.7.3h11c.3 0 .5-.1.7-.3.2-.2.3-.5.3-.7s-.1-.5-.3-.7zM5.8 14.7l6.2 6.3 6.2-6.3c.2-.2.3-.5.3-.7s-.1-.5-.3-.7c-.2-.2-.4-.3-.7-.3h-11c-.3 0-.5.1-.7.3-.2.2-.3.5-.3.7s.1.5.3.7z\"\/><\/svg><\/span><\/span><\/span><\/a><\/span><\/div>\n<nav><ul class='ez-toc-list ez-toc-list-level-1 ' ><li class='ez-toc-page-1 ez-toc-heading-level-2'><a class=\"ez-toc-link ez-toc-heading-1\" href=\"https:\/\/enfoquenoticioso.com\/?p=128935\/#La_salida_de_la_OPEP\" >La salida de la OPEP<\/a><\/li><\/ul><\/nav><\/div>\n<h2 id=\"h-la-salida-de-la-opep\" class=\"wp-block-heading\"><span class=\"ez-toc-section\" id=\"La_salida_de_la_OPEP\"><\/span>La salida de la OPEP<span class=\"ez-toc-section-end\"><\/span><\/h2>\n<p>\u00abRefleja una transici\u00f3n de la coordinaci\u00f3n colectiva a la independencia petrolera, lo que demuestra confianza en la fortaleza de la econom\u00eda de los Emiratos \u00c1rabes Unidos y su capacidad para gestionar el mercado de forma independiente\u00bb, escribi\u00f3 en sus redes el analista pol\u00edtico Mohammed Taqi, quien se\u00f1al\u00f3 que la decisi\u00f3n reposiciona al pa\u00eds hacia una mayor flexibilidad de producci\u00f3n y un uso m\u00e1s eficiente de su capacidad petrolera, en l\u00ednea con las tendencias de la demanda mundial.<\/p>\n<p>A\u00f1adi\u00f3 que los EAU act\u00faan en funci\u00f3n de sus intereses econ\u00f3micos, en lugar de decisiones colectivas que no siempre coinciden con ellos.<\/p>\n<p>Otro analista, Abdullah Alneaimi, calific\u00f3 la medida de \u00absignificativa y acertada\u00bb, afirmando que beneficia los intereses nacionales a corto, medio y largo plazo.<\/p>\n<p>\u00abEl sector energ\u00e9tico de los EAU est\u00e1 muy avanzado, y su salida de la OPEP y la OPEP+ le proporciona la flexibilidad que necesita\u00bb, declar\u00f3.<\/p>\n<p>Los EAU han afirmado que la decisi\u00f3n no alterar\u00e1 su compromiso con la estabilidad del mercado global, y que seguir\u00e1n actuando como un proveedor de energ\u00eda fiable y responsable, invirtiendo en petr\u00f3leo, gas y soluciones energ\u00e9ticas bajas en carbono.<\/p>\n<\/p><\/div>\n<p><a href=\"https:\/\/noticiasaldiayalahora.co\/internacionales\/el-retiro-de-la-opep-es-una-decision-politica-asegura-ministro-de-energia-de-emiratos-arabes-unidos\/\" class=\" target=\" title=\"El retiro de la OPEP es una decisi\u00f3n pol\u00edtica, asegura ministro de Energ\u00eda de Emiratos \u00c1rabes Unidos\" target=\"_blank\" rel=\"noopener\">Ver fuente<\/a><\/p>\n","protected":false},"excerpt":{"rendered":"<p>Altos funcionarios de los Emiratos \u00c1rabes Unidos y analistas regionales describieron la decisi\u00f3n del pa\u00eds de abandonar la alianza OPEP y OPEP+ como \u00abun cambio soberano, impulsado por pol\u00edticas, con el objetivo de mejorar la flexibilidad de la producci\u00f3n y, al mismo tiempo, mantener su compromiso con la estabilidad del mercado global\u00bb, seg\u00fan declararon al [&hellip;]<\/p>\n","protected":false},"author":2,"featured_media":128936,"comment_status":"open","ping_status":"closed","sticky":false,"template":"","format":"standard","meta":{"footnotes":""},"categories":[6],"tags":[],"class_list":["post-128935","post","type-post","status-publish","format-standard","has-post-thumbnail","hentry","category-internacionales"],"_links":{"self":[{"href":"https:\/\/enfoquenoticioso.com\/index.php?rest_route=\/wp\/v2\/posts\/128935","targetHints":{"allow":["GET"]}}],"collection":[{"href":"https:\/\/enfoquenoticioso.com\/index.php?rest_route=\/wp\/v2\/posts"}],"about":[{"href":"https:\/\/enfoquenoticioso.com\/index.php?rest_route=\/wp\/v2\/types\/post"}],"author":[{"embeddable":true,"href":"https:\/\/enfoquenoticioso.com\/index.php?rest_route=\/wp\/v2\/users\/2"}],"replies":[{"embeddable":true,"href":"https:\/\/enfoquenoticioso.com\/index.php?rest_route=%2Fwp%2Fv2%2Fcomments&post=128935"}],"version-history":[{"count":0,"href":"https:\/\/enfoquenoticioso.com\/index.php?rest_route=\/wp\/v2\/posts\/128935\/revisions"}],"wp:featuredmedia":[{"embeddable":true,"href":"https:\/\/enfoquenoticioso.com\/index.php?rest_route=\/wp\/v2\/media\/128936"}],"wp:attachment":[{"href":"https:\/\/enfoquenoticioso.com\/index.php?rest_route=%2Fwp%2Fv2%2Fmedia&parent=128935"}],"wp:term":[{"taxonomy":"category","embeddable":true,"href":"https:\/\/enfoquenoticioso.com\/index.php?rest_route=%2Fwp%2Fv2%2Fcategories&post=128935"},{"taxonomy":"post_tag","embeddable":true,"href":"https:\/\/enfoquenoticioso.com\/index.php?rest_route=%2Fwp%2Fv2%2Ftags&post=128935"}],"curies":[{"name":"wp","href":"https:\/\/api.w.org\/{rel}","templated":true}]}}