{"id":128945,"date":"2026-04-28T18:42:00","date_gmt":"2026-04-28T18:42:00","guid":{"rendered":"https:\/\/enfoquenoticioso.com\/?p=128945"},"modified":"2026-04-28T18:42:00","modified_gmt":"2026-04-28T18:42:00","slug":"xavi-simons-se-pierde-el-mundial","status":"publish","type":"post","link":"https:\/\/enfoquenoticioso.com\/?p=128945","title":{"rendered":"Xavi Simons se pierde el Mundial"},"content":{"rendered":"<div data-td-block-uid=\"tdi_72\">\n<div class=\"tdb-block-inner td-fix-index\">\n<p>Xavi Simons vivi\u00f3 un episodio fat\u00eddico el pasado s\u00e1bado tras sufrir una entrada por parte del zaguero Hugo Bueno en la segunda mitad del duelo del Tottenham ante Wolverhampton.<\/p>\n<p>El momento fue dram\u00e1tico: el jugador se desplom\u00f3 entre gritos de dolor, aferr\u00e1ndose a su rodilla, y tuvo que ser trasladado fuera del terreno de juego en camilla.<\/p>\n<figure class=\"wp-block-embed is-type-rich is-provider-twitter wp-block-embed-twitter\"\/>\n<p>Los ex\u00e1menes m\u00e9dicos realizados posteriormente arrojaron la desalentadora noticia: el club oficializ\u00f3 que Simons sufre una rotura del ligamento cruzado anterior en la rodilla derecha.<\/p>\n<p>La entidad londinense inform\u00f3 que el jugador deber\u00e1 ser intervenido quir\u00fargicamente \u201cen las pr\u00f3ximas semanas\u201d por lo que esta fuera de la temporada pero m\u00e1s importante, se pierde el Mundial 2026 con su selecci\u00f3n, Pa\u00edses Bajos.<\/p>\n<p><strong>Lee tambi\u00e9n:<a href=\"http:\/\/Ansu Fati conf\u00eda en poder quedarse en el M\u00f3naco\">Ansu Fati conf\u00eda en poder quedarse en el M\u00f3naco<\/a><\/strong><\/p>\n<p> Visiblemente afectado por la situaci\u00f3n, Simons utiliz\u00f3 sus redes sociales para expresarse, declarando que se encuentra \u201cdestrozado\u201d y reflexionando con tristeza que \u201cnada de esto tiene sentido\u201d.<\/p>\n<p>En su publicaci\u00f3n, Simons escribi\u00f3: \u201cMi temporada ha terminado de forma abrupta y estoy tratando de asimilarlo\u201d.<\/p>\n<p>\u201cLo \u00fanico que he querido hacer es luchar por mi equipo y ahora me han arrebatado la posibilidad de hacerlo\u2026 junto con el Mundial\u201d, escribi\u00f3 el jugador de 23 a\u00f1os. \u201cRepresentar a mi pa\u00eds este verano\u2026 se ha ido\u201d.<\/p>\n<\/div>\n<\/div>\n<p><a href=\"https:\/\/www.liderendeportes.com\/noticias\/futbol\/futbol-europeo\/holanda-pierde-a-xavi-simons-para-el-mundial\/\" class=\" target=\" title=\"Xavi Simons se pierde el Mundial\" target=\"_blank\" rel=\"noopener\">Ver fuente<\/a><\/p>\n","protected":false},"excerpt":{"rendered":"<p>Xavi Simons vivi\u00f3 un episodio fat\u00eddico el pasado s\u00e1bado tras sufrir una entrada por parte del zaguero Hugo Bueno en la segunda mitad del duelo del Tottenham ante Wolverhampton. El momento fue dram\u00e1tico: el jugador se desplom\u00f3 entre gritos de dolor, aferr\u00e1ndose a su rodilla, y tuvo que ser trasladado fuera del terreno de juego [&hellip;]<\/p>\n","protected":false},"author":2,"featured_media":128946,"comment_status":"open","ping_status":"closed","sticky":false,"template":"","format":"standard","meta":{"footnotes":""},"categories":[7],"tags":[],"class_list":["post-128945","post","type-post","status-publish","format-standard","has-post-thumbnail","hentry","category-deporte"],"_links":{"self":[{"href":"https:\/\/enfoquenoticioso.com\/index.php?rest_route=\/wp\/v2\/posts\/128945","targetHints":{"allow":["GET"]}}],"collection":[{"href":"https:\/\/enfoquenoticioso.com\/index.php?rest_route=\/wp\/v2\/posts"}],"about":[{"href":"https:\/\/enfoquenoticioso.com\/index.php?rest_route=\/wp\/v2\/types\/post"}],"author":[{"embeddable":true,"href":"https:\/\/enfoquenoticioso.com\/index.php?rest_route=\/wp\/v2\/users\/2"}],"replies":[{"embeddable":true,"href":"https:\/\/enfoquenoticioso.com\/index.php?rest_route=%2Fwp%2Fv2%2Fcomments&post=128945"}],"version-history":[{"count":0,"href":"https:\/\/enfoquenoticioso.com\/index.php?rest_route=\/wp\/v2\/posts\/128945\/revisions"}],"wp:featuredmedia":[{"embeddable":true,"href":"https:\/\/enfoquenoticioso.com\/index.php?rest_route=\/wp\/v2\/media\/128946"}],"wp:attachment":[{"href":"https:\/\/enfoquenoticioso.com\/index.php?rest_route=%2Fwp%2Fv2%2Fmedia&parent=128945"}],"wp:term":[{"taxonomy":"category","embeddable":true,"href":"https:\/\/enfoquenoticioso.com\/index.php?rest_route=%2Fwp%2Fv2%2Fcategories&post=128945"},{"taxonomy":"post_tag","embeddable":true,"href":"https:\/\/enfoquenoticioso.com\/index.php?rest_route=%2Fwp%2Fv2%2Ftags&post=128945"}],"curies":[{"name":"wp","href":"https:\/\/api.w.org\/{rel}","templated":true}]}}