{"id":128953,"date":"2026-04-28T19:44:15","date_gmt":"2026-04-28T19:44:15","guid":{"rendered":"https:\/\/enfoquenoticioso.com\/?p=128953"},"modified":"2026-04-28T19:44:15","modified_gmt":"2026-04-28T19:44:15","slug":"eder-militao-pasa-por-quirofano-y-se-despide-del-mundial","status":"publish","type":"post","link":"https:\/\/enfoquenoticioso.com\/?p=128953","title":{"rendered":"\u00c9der Milit\u00e3o pasa por quir\u00f3fano y se despide del Mundial"},"content":{"rendered":"<div data-td-block-uid=\"tdi_72\">\n<div class=\"tdb-block-inner td-fix-index\">\n<p>\u00c9der Milit\u00e3o, debi\u00f3 pasar por el quir\u00f3fano este martes tras sufrir una compleja lesi\u00f3n en el tend\u00f3n de la corva en d\u00edas recientes.<\/p>\n<figure class=\"wp-block-embed is-type-rich is-provider-twitter wp-block-embed-twitter\">\n<div class=\"wp-block-embed__wrapper\">\n<blockquote class=\"twitter-tweet\" data-width=\"550\" data-dnt=\"true\">\n<p lang=\"ro\" dir=\"ltr\">\ud83d\udea8 \u00c9der Milit\u00e3o will be OUT of World Cup 2026, confirmed. \u274c\ud83c\udfc6<\/p>\n<p>Brazil lose their defender after Real Madrid staff verdict now made official.<\/p>\n<p>Milit\u00e3o will undergo surgery today in Finland,<br \/>as <a href=\"https:\/\/twitter.com\/cahemota?ref_src=twsrc%5Etfw\" target=\"_blank\" rel=\"noopener\">@cahemota<\/a> confirms \u2014 out for the Sele\u00e7\u00e3o.<\/p>\n<p>Real Madrid expect \u00c9der back in October. \u2728 <a href=\"https:\/\/t.co\/OHlgEEvcZb\">pic.twitter.com\/OHlgEEvcZb<\/a><\/p>\n<p>\u2014 Fabrizio Romano (@FabrizioRomano) <a href=\"https:\/\/twitter.com\/FabrizioRomano\/status\/2049060479197196337?ref_src=twsrc%5Etfw\" target=\"_blank\" rel=\"noopener\">April 28, 2026<\/a><\/p><\/blockquote>\n<\/div>\n<\/figure>\n<p>La intervenci\u00f3n, destinada a corregir este problema f\u00edsico, concluy\u00f3 exitosamente, seg\u00fan el parte m\u00e9dico difundido por el Real Madrid, en el que se especific\u00f3 que el procedimiento fue \u201cde la rotura del tend\u00f3n proximal del b\u00edceps femoral de la pierna izquierda\u201d.<\/p>\n<p>Adem\u00e1s, desde la entidad merengue se\u00f1alaron que el jugador \u201ccomenzar\u00e1 en los pr\u00f3ximos d\u00edas su trabajo de recuperaci\u00f3n\u201d, aunque optaron por no dar una fecha concreta para regreso, pero s\u00ed deja claro que se perder\u00e1 lo que resta de campa\u00f1a y no asistir\u00e1 al Mundial 2026 con Brasil.<\/p>\n<p><strong>Lee tambi\u00e9n: <a href=\"http:\/\/Xavi Simons se pierde el Mundial\">Xavi Simons se pierde el Mundial<\/a><\/strong><\/p>\n<p>Este suceso representa un cap\u00edtulo amargo en la trayectoria de Milit\u00e3o, cuya carrera profesional ha sido tristemente marcada por la recurrencia de lesiones, incluyendo problemas serios en sus rodillas que ya lo han obligado a ausentarse en momentos cruciales anteriormente.<\/p>\n<\/div>\n<\/div>\n<p><script async src=\"\/\/platform.twitter.com\/widgets.js\" charset=\"utf-8\"><\/script><br \/>\n<br \/><a href=\"https:\/\/www.liderendeportes.com\/noticias\/futbol\/eder-militao-pasa-por-quirofano-y-se-despide-del-mundial\/\" class=\" target=\" title=\"\u00c9der Milit\u00e3o pasa por quir\u00f3fano y se despide del Mundial\" target=\"_blank\" rel=\"noopener\">Ver fuente<\/a><\/p>\n","protected":false},"excerpt":{"rendered":"<p>\u00c9der Milit\u00e3o, debi\u00f3 pasar por el quir\u00f3fano este martes tras sufrir una compleja lesi\u00f3n en el tend\u00f3n de la corva en d\u00edas recientes. \ud83d\udea8 \u00c9der Milit\u00e3o will be OUT of World Cup 2026, confirmed. \u274c\ud83c\udfc6 Brazil lose their defender after Real Madrid staff verdict now made official. Milit\u00e3o will undergo surgery today in Finland,as @cahemota [&hellip;]<\/p>\n","protected":false},"author":2,"featured_media":128954,"comment_status":"open","ping_status":"closed","sticky":false,"template":"","format":"standard","meta":{"footnotes":""},"categories":[7],"tags":[],"class_list":["post-128953","post","type-post","status-publish","format-standard","has-post-thumbnail","hentry","category-deporte"],"_links":{"self":[{"href":"https:\/\/enfoquenoticioso.com\/index.php?rest_route=\/wp\/v2\/posts\/128953","targetHints":{"allow":["GET"]}}],"collection":[{"href":"https:\/\/enfoquenoticioso.com\/index.php?rest_route=\/wp\/v2\/posts"}],"about":[{"href":"https:\/\/enfoquenoticioso.com\/index.php?rest_route=\/wp\/v2\/types\/post"}],"author":[{"embeddable":true,"href":"https:\/\/enfoquenoticioso.com\/index.php?rest_route=\/wp\/v2\/users\/2"}],"replies":[{"embeddable":true,"href":"https:\/\/enfoquenoticioso.com\/index.php?rest_route=%2Fwp%2Fv2%2Fcomments&post=128953"}],"version-history":[{"count":0,"href":"https:\/\/enfoquenoticioso.com\/index.php?rest_route=\/wp\/v2\/posts\/128953\/revisions"}],"wp:featuredmedia":[{"embeddable":true,"href":"https:\/\/enfoquenoticioso.com\/index.php?rest_route=\/wp\/v2\/media\/128954"}],"wp:attachment":[{"href":"https:\/\/enfoquenoticioso.com\/index.php?rest_route=%2Fwp%2Fv2%2Fmedia&parent=128953"}],"wp:term":[{"taxonomy":"category","embeddable":true,"href":"https:\/\/enfoquenoticioso.com\/index.php?rest_route=%2Fwp%2Fv2%2Fcategories&post=128953"},{"taxonomy":"post_tag","embeddable":true,"href":"https:\/\/enfoquenoticioso.com\/index.php?rest_route=%2Fwp%2Fv2%2Ftags&post=128953"}],"curies":[{"name":"wp","href":"https:\/\/api.w.org\/{rel}","templated":true}]}}