{"id":128955,"date":"2026-04-28T19:47:31","date_gmt":"2026-04-28T19:47:31","guid":{"rendered":"https:\/\/enfoquenoticioso.com\/?p=128955"},"modified":"2026-04-28T19:47:31","modified_gmt":"2026-04-28T19:47:31","slug":"emiratos-arabes-unidos-abandona-la-opep-y-la-opep","status":"publish","type":"post","link":"https:\/\/enfoquenoticioso.com\/?p=128955","title":{"rendered":"Emiratos \u00c1rabes Unidos abandona la Opep y la Opep+"},"content":{"rendered":"<div>\n<p>Emiratos \u00c1rabes Unidos se retirar\u00e1 a partir del pr\u00f3ximo 1 de mayo de la Organizaci\u00f3n de Pa\u00edses Exportadores de Petr\u00f3leo (Opep) y de la alianza Opep+, bas\u00e1ndose en una visi\u00f3n estrat\u00e9gica y econ\u00f3mica de largo plazo.<\/p>\n<p>De acuerdo con la informaci\u00f3n dada este martes por la agencia de noticias oficial emirat\u00ed WAM, la decisi\u00f3n est\u00e1 alineada con el desarrollo del sector energ\u00e9tico del pa\u00eds.<\/p>\n<p>Adem\u00e1s, reafirma su papel como \u00abproductor responsable y confiable con una visi\u00f3n hacia el futuro del mercado energ\u00e9tico mundial\u00bb.<\/p>\n<p>\u00abEmiratos \u00c1rabes Unidos est\u00e1 comprometido con satisfacer eficazmente las necesidades urgentes del mercado, mientras que la inestabilidad geopol\u00edtica en el golfo P\u00e9rsico y el estrecho de Ormuz sigue afectando la din\u00e1mica de la oferta a corto plazo\u00bb, precis\u00f3.<\/p>\n<p>Destac\u00f3 que la medida fue tomada luego de un an\u00e1lisis exhaustivo de la pol\u00edtica de producci\u00f3n del pa\u00eds, as\u00ed como de sus capacidades actuales y futuras, y estuvo motivada por \u00ablos intereses nacionales y el deseo de contribuir eficazmente a satisfacer la creciente demanda del mercado\u00bb.<\/p>\n<p>La agencia acot\u00f3 que, tras salir de la organizaci\u00f3n, Emiratos \u00c1rabes Unidos desempe\u00f1ar\u00e1 un papel responsable en el apoyo a la estabilidad del mercado petrolero mundial, aumentando su producci\u00f3n de forma gradual y prudente, en consonancia con la demanda y las condiciones del mercado.<\/p>\n<p>\u00abEl Estado continuar\u00e1 invirtiendo en toda la cadena de valor energ\u00e9tica, incluyendo petr\u00f3leo y gas, energ\u00edas renovables y soluciones bajas en carbono, para fortalecer la resiliencia y la transformaci\u00f3n a largo plazo de su sistema energ\u00e9tico\u00bb, explic\u00f3.<\/p>\n<p>Tambi\u00e9n asegur\u00f3 que esta decisi\u00f3n no alterar\u00e1 el enfoque de la naci\u00f3n, que se basa en la cooperaci\u00f3n con los productores y consumidores, y que este paso fortalecer\u00e1 su capacidad de respuesta ante las cambiantes demandas del mercado.<\/p>\n<p>Asimismo, record\u00f3 que el pa\u00eds se uni\u00f3 a la Opep en 1967 como Emirato de Abu Dabi y mantuvo su membres\u00eda tras la fusi\u00f3n de los siete emiratos que conformaron el Estado bajo su nombre actual en 1971.<\/p>\n<p>Emiratos \u00c1rabes Unidos es el quinto mayor productor de petr\u00f3leo del mundo y el segundo del golfo P\u00e9rsico. Seg\u00fan el ministro de Energ\u00eda emirat\u00ed, Suhail Mohamed al-Mazrouei, citado por El Pa\u00eds, \u00abse trata de una decisi\u00f3n pol\u00edtica, tomada tras un an\u00e1lisis minucioso de las pol\u00edticas actuales y futuras relacionadas con el nivel de producci\u00f3n\u00bb.<\/p>\n<p>Esto ocurre tras la agresi\u00f3n no provocada de Estados Unidos e Israel contra Ir\u00e1n, generando tensi\u00f3n en la regi\u00f3n y una crisis en el sector energ\u00e9tico mundial. Tambi\u00e9n ante el bloqueo que mantiene Washington en el estrecho de Ormuz.<\/p>\n<p>En la v\u00edspera, el embajador y representante permanente de Ir\u00e1n ante las Naciones Unidas, Amir Said Iravani, advirti\u00f3 que la responsabilidad de cualquier perturbaci\u00f3n que suceda en el estrecho de Ormuz recae sobre EEUU y sus aliados.<\/p>\n<p>Recalc\u00f3 que las acciones ilegales y desestabilizadoras de Washington y sus aliados han intensificado las tensiones, poniendo en peligro la seguridad mar\u00edtima y la libertad de navegaci\u00f3n.<\/p>\n<p>\u00a0<\/p>\n<\/p><\/div>\n<p><a href=\"https:\/\/noticiasaldiayalahora.co\/internacionales\/emiratos-arabes-unidos-abandona-la-opep-y-la-opep\/\" class=\" target=\" title=\"Emiratos \u00c1rabes Unidos abandona la Opep y la Opep+\" target=\"_blank\" rel=\"noopener\">Ver fuente<\/a><\/p>\n","protected":false},"excerpt":{"rendered":"<p>Emiratos \u00c1rabes Unidos se retirar\u00e1 a partir del pr\u00f3ximo 1 de mayo de la Organizaci\u00f3n de Pa\u00edses Exportadores de Petr\u00f3leo (Opep) y de la alianza Opep+, bas\u00e1ndose en una visi\u00f3n estrat\u00e9gica y econ\u00f3mica de largo plazo. De acuerdo con la informaci\u00f3n dada este martes por la agencia de noticias oficial emirat\u00ed WAM, la decisi\u00f3n est\u00e1 [&hellip;]<\/p>\n","protected":false},"author":2,"featured_media":128956,"comment_status":"open","ping_status":"closed","sticky":false,"template":"","format":"standard","meta":{"footnotes":""},"categories":[6],"tags":[],"class_list":["post-128955","post","type-post","status-publish","format-standard","has-post-thumbnail","hentry","category-internacionales"],"_links":{"self":[{"href":"https:\/\/enfoquenoticioso.com\/index.php?rest_route=\/wp\/v2\/posts\/128955","targetHints":{"allow":["GET"]}}],"collection":[{"href":"https:\/\/enfoquenoticioso.com\/index.php?rest_route=\/wp\/v2\/posts"}],"about":[{"href":"https:\/\/enfoquenoticioso.com\/index.php?rest_route=\/wp\/v2\/types\/post"}],"author":[{"embeddable":true,"href":"https:\/\/enfoquenoticioso.com\/index.php?rest_route=\/wp\/v2\/users\/2"}],"replies":[{"embeddable":true,"href":"https:\/\/enfoquenoticioso.com\/index.php?rest_route=%2Fwp%2Fv2%2Fcomments&post=128955"}],"version-history":[{"count":0,"href":"https:\/\/enfoquenoticioso.com\/index.php?rest_route=\/wp\/v2\/posts\/128955\/revisions"}],"wp:featuredmedia":[{"embeddable":true,"href":"https:\/\/enfoquenoticioso.com\/index.php?rest_route=\/wp\/v2\/media\/128956"}],"wp:attachment":[{"href":"https:\/\/enfoquenoticioso.com\/index.php?rest_route=%2Fwp%2Fv2%2Fmedia&parent=128955"}],"wp:term":[{"taxonomy":"category","embeddable":true,"href":"https:\/\/enfoquenoticioso.com\/index.php?rest_route=%2Fwp%2Fv2%2Fcategories&post=128955"},{"taxonomy":"post_tag","embeddable":true,"href":"https:\/\/enfoquenoticioso.com\/index.php?rest_route=%2Fwp%2Fv2%2Ftags&post=128955"}],"curies":[{"name":"wp","href":"https:\/\/api.w.org\/{rel}","templated":true}]}}