{"id":128963,"date":"2026-04-28T20:46:22","date_gmt":"2026-04-28T20:46:22","guid":{"rendered":"https:\/\/enfoquenoticioso.com\/?p=128963"},"modified":"2026-04-28T20:46:22","modified_gmt":"2026-04-28T20:46:22","slug":"no-nos-debe-nada-nadie","status":"publish","type":"post","link":"https:\/\/enfoquenoticioso.com\/?p=128963","title":{"rendered":"No nos debe nada nadie"},"content":{"rendered":"<div data-td-block-uid=\"tdi_72\">\n<div class=\"tdb-block-inner td-fix-index\">\n<p>El director t\u00e9cnico del Atl\u00e9tico de Madrid, Diego Simeone, consider\u00f3 que est\u00e1 errada la idea de que el f\u00fatbol le debe una Champions League a su equipo y afirm\u00f3 que \u00ablas cosas se merecen y se logran\u00bb por cuenta propia.<\/p>\n<p>Estas declaraciones las realiz\u00f3 el estratega durante la rueda de prensa previa al partido de ida por la semifinal contra el Arsenal, donde buscar\u00e1n quedarse con la victoria.<\/p>\n<p>\u201cSomos todos personas. Si nos preguntas a todos, est\u00e1 claro que, como persona, cada uno tiene un pensamiento diferente al otro. No nos debe nada nadie, las cosas se merecen y se logran. Para eso hay que trabajar y buscarlas y que esa diosa fortuna tambi\u00e9n est\u00e9 de tu lado\u201d, dijo.<\/p>\n<p><strong>Lee tambi\u00e9n: <a href=\"https:\/\/www.liderendeportes.com\/wp-admin\/post.php?post=2321561&amp;action=edit\" target=\"_blank\" rel=\"noopener\">Xavi Simons se pierde el Mundial<\/a><\/strong><\/p>\n<p>\u201cYo siempre digo que el so\u00f1ar est\u00e1 bueno, pero la realidad es lo que pasa en la tierra, que es lo que nosotros hacemos y lo que dios quiere, as\u00ed que as\u00ed nos comportamos\u201d, agreg\u00f3 el entrenador argentino.<\/p>\n<p>Para finalizar, el entrenador sostuvo que cada uno de los jugadores se ha preparado arduamente para encarar este partido y as\u00ed poder tener el mejor rendimiento posible en el partido.<\/p>\n<p>\u201cPrepararse para jugar, porque al final es un partido de f\u00fatbol y los futbolistas son los que terminan definiendo este tipo de encuentros, por su jerarqu\u00eda, por su capacidad, por su trabajo\u2026 Nos tenemos que preparar bien. Queremos jugar el partido que imaginamos\u201d, concluy\u00f3.<\/p>\n<\/div>\n<\/div>\n<p><a href=\"https:\/\/www.liderendeportes.com\/noticias\/futbol\/futbol-europeo\/simeone-sobre-la-champions-no-nos-debe-nada-nadie\/\" class=\" target=\" title=\"\" No nos debe nada target=\"_blank\" rel=\"noopener\">Ver fuente<\/a><\/p>\n","protected":false},"excerpt":{"rendered":"<p>El director t\u00e9cnico del Atl\u00e9tico de Madrid, Diego Simeone, consider\u00f3 que est\u00e1 errada la idea de que el f\u00fatbol le debe una Champions League a su equipo y afirm\u00f3 que \u00ablas cosas se merecen y se logran\u00bb por cuenta propia. Estas declaraciones las realiz\u00f3 el estratega durante la rueda de prensa previa al partido de [&hellip;]<\/p>\n","protected":false},"author":2,"featured_media":128964,"comment_status":"open","ping_status":"closed","sticky":false,"template":"","format":"standard","meta":{"footnotes":""},"categories":[7],"tags":[],"class_list":["post-128963","post","type-post","status-publish","format-standard","has-post-thumbnail","hentry","category-deporte"],"_links":{"self":[{"href":"https:\/\/enfoquenoticioso.com\/index.php?rest_route=\/wp\/v2\/posts\/128963","targetHints":{"allow":["GET"]}}],"collection":[{"href":"https:\/\/enfoquenoticioso.com\/index.php?rest_route=\/wp\/v2\/posts"}],"about":[{"href":"https:\/\/enfoquenoticioso.com\/index.php?rest_route=\/wp\/v2\/types\/post"}],"author":[{"embeddable":true,"href":"https:\/\/enfoquenoticioso.com\/index.php?rest_route=\/wp\/v2\/users\/2"}],"replies":[{"embeddable":true,"href":"https:\/\/enfoquenoticioso.com\/index.php?rest_route=%2Fwp%2Fv2%2Fcomments&post=128963"}],"version-history":[{"count":0,"href":"https:\/\/enfoquenoticioso.com\/index.php?rest_route=\/wp\/v2\/posts\/128963\/revisions"}],"wp:featuredmedia":[{"embeddable":true,"href":"https:\/\/enfoquenoticioso.com\/index.php?rest_route=\/wp\/v2\/media\/128964"}],"wp:attachment":[{"href":"https:\/\/enfoquenoticioso.com\/index.php?rest_route=%2Fwp%2Fv2%2Fmedia&parent=128963"}],"wp:term":[{"taxonomy":"category","embeddable":true,"href":"https:\/\/enfoquenoticioso.com\/index.php?rest_route=%2Fwp%2Fv2%2Fcategories&post=128963"},{"taxonomy":"post_tag","embeddable":true,"href":"https:\/\/enfoquenoticioso.com\/index.php?rest_route=%2Fwp%2Fv2%2Ftags&post=128963"}],"curies":[{"name":"wp","href":"https:\/\/api.w.org\/{rel}","templated":true}]}}