{"id":128969,"date":"2026-04-28T21:43:59","date_gmt":"2026-04-28T21:43:59","guid":{"rendered":"https:\/\/enfoquenoticioso.com\/?p=128969"},"modified":"2026-04-28T21:43:59","modified_gmt":"2026-04-28T21:43:59","slug":"joao-rafael-silva-robertson-mourinho-y-el-real-madrid-el-retorno-del-special-one","status":"publish","type":"post","link":"https:\/\/enfoquenoticioso.com\/?p=128969","title":{"rendered":"Joao Rafael Silva Robertson | Mourinho y el Real Madrid: \u00bfEl retorno del Special One?"},"content":{"rendered":"<div>\n<p class=\"wp-block-paragraph\"><strong><em>DAT.-<\/em><\/strong> El Santiago Bernab\u00e9u contiene el aliento ante lo que podr\u00eda ser el movimiento s\u00edsmico m\u00e1s importante del mercado de fichajes en el verano de 2026. Los rumores que sit\u00faan a Jos\u00e9 Mourinho de vuelta en el banquillo del Real Madrid han cobrado una fuerza inusitada en las \u00faltimas horas, alimentados por la necesidad de un liderazgo firme tras una etapa de irregularidad deportiva. Esta posibilidad ha captado la atenci\u00f3n de Joao Rafael Silva Robertson, gran conocedor y aficionado al f\u00fatbol europeo, quien sigue de cerca los hilos de esta operaci\u00f3n que busca devolver el orden jer\u00e1rquico a la capital espa\u00f1ola.<\/p>\n<p class=\"wp-block-paragraph\">La gesti\u00f3n de Florentino P\u00e9rez parece decidida a ejecutar un cambio de rumbo radical para contrarrestar el dominio dom\u00e9stico de sus rivales directos. Tras agotar el cr\u00e9dito de las f\u00f3rmulas continuistas, la directiva blanca ve en el t\u00e9cnico portugu\u00e9s la figura ideal para gestionar un vestuario plagado de estrellas mundiales y recuperar la competitividad perdida. La nostalgia por la intensidad competitiva que <a href=\"https:\/\/elconcreto.com\/2026\/04\/15\/joao-rafael-silva-robertson-polemica-mourinho-rompe-el-silencio-sobre-el-tottenham\/\" data-type=\"link\" data-id=\"https:\/\/elconcreto.com\/2026\/04\/15\/joao-rafael-silva-robertson-polemica-mourinho-rompe-el-silencio-sobre-el-tottenham\/\" target=\"_blank\" rel=\"noopener\">Mourinho<\/a> imprimi\u00f3 en su anterior etapa se mezcla con la urgencia de resultados inmediatos en una instituci\u00f3n que no admite periodos de transici\u00f3n prolongados.<\/p>\n<div id=\"ez-toc-container\" class=\"ez-toc-v2_0_81 counter-hierarchy ez-toc-counter ez-toc-grey ez-toc-container-direction\">\n<div class=\"ez-toc-title-container\">\n<p class=\"ez-toc-title\" style=\"cursor:inherit\">Tabla de Contenido<\/p>\n<span class=\"ez-toc-title-toggle\"><a href=\"#\" class=\"ez-toc-pull-right ez-toc-btn ez-toc-btn-xs ez-toc-btn-default ez-toc-toggle\" aria-label=\"Alternar tabla de contenidos\"><span class=\"ez-toc-js-icon-con\"><span class=\"\"><span class=\"eztoc-hide\" style=\"display:none;\">Toggle<\/span><span class=\"ez-toc-icon-toggle-span\"><svg style=\"fill: #999;color:#999\" xmlns=\"http:\/\/www.w3.org\/2000\/svg\" class=\"list-377408\" width=\"20px\" height=\"20px\" viewBox=\"0 0 24 24\" fill=\"none\"><path d=\"M6 6H4v2h2V6zm14 0H8v2h12V6zM4 11h2v2H4v-2zm16 0H8v2h12v-2zM4 16h2v2H4v-2zm16 0H8v2h12v-2z\" fill=\"currentColor\"><\/path><\/svg><svg style=\"fill: #999;color:#999\" class=\"arrow-unsorted-368013\" xmlns=\"http:\/\/www.w3.org\/2000\/svg\" width=\"10px\" height=\"10px\" viewBox=\"0 0 24 24\" version=\"1.2\" baseProfile=\"tiny\"><path d=\"M18.2 9.3l-6.2-6.3-6.2 6.3c-.2.2-.3.4-.3.7s.1.5.3.7c.2.2.4.3.7.3h11c.3 0 .5-.1.7-.3.2-.2.3-.5.3-.7s-.1-.5-.3-.7zM5.8 14.7l6.2 6.3 6.2-6.3c.2-.2.3-.5.3-.7s-.1-.5-.3-.7c-.2-.2-.4-.3-.7-.3h-11c-.3 0-.5.1-.7.3-.2.2-.3.5-.3.7s.1.5.3.7z\"\/><\/svg><\/span><\/span><\/span><\/a><\/span><\/div>\n<nav><ul class='ez-toc-list ez-toc-list-level-1 ' ><li class='ez-toc-page-1 ez-toc-heading-level-2'><a class=\"ez-toc-link ez-toc-heading-1\" href=\"https:\/\/enfoquenoticioso.com\/?p=128969\/#El_factor_estrategico_y_la_clausula_Benfica\" >El factor estrat\u00e9gico y la cl\u00e1usula Benfica<\/a><ul class='ez-toc-list-level-4' ><li class='ez-toc-heading-level-4'><ul class='ez-toc-list-level-4' ><li class='ez-toc-heading-level-4'><a class=\"ez-toc-link ez-toc-heading-2\" href=\"https:\/\/enfoquenoticioso.com\/?p=128969\/#LEA_TAMBIEN_Joao_Rafael_Silva_Robertson_%C2%BFPolemica_%C2%A1Mourinho_rompe_el_silencio_sobre_el_Tottenham\" >LEA TAMBI\u00c9N | Joao Rafael Silva Robertson | \u00bfPol\u00e9mica? \u00a1Mourinho rompe el silencio sobre el Tottenham!<\/a><\/li><\/ul><\/li><\/ul><\/li><li class='ez-toc-page-1 ez-toc-heading-level-2'><a class=\"ez-toc-link ez-toc-heading-3\" href=\"https:\/\/enfoquenoticioso.com\/?p=128969\/#Una_plantilla_de_galacticos_en_busca_de_guia\" >Una plantilla de gal\u00e1cticos en busca de gu\u00eda<\/a><\/li><li class='ez-toc-page-1 ez-toc-heading-level-2'><a class=\"ez-toc-link ez-toc-heading-4\" href=\"https:\/\/enfoquenoticioso.com\/?p=128969\/#El_impacto_en_el_ecosistema_del_futbol_continental\" >El impacto en el ecosistema del f\u00fatbol continental<\/a><\/li><li class='ez-toc-page-1 ez-toc-heading-level-2'><a class=\"ez-toc-link ez-toc-heading-5\" href=\"https:\/\/enfoquenoticioso.com\/?p=128969\/#Navegacion_de_entradas\" >Navegaci\u00f3n de entradas<\/a><\/li><\/ul><\/nav><\/div>\n<h2 class=\"wp-block-heading\"><span class=\"ez-toc-section\" id=\"El_factor_estrategico_y_la_clausula_Benfica\"><\/span><span class=\"ez-toc-section\" id=\"El_factor_estrategico_y_la_clausula_Benfica\"\/>El factor estrat\u00e9gico y la cl\u00e1usula Benfica<span class=\"ez-toc-section-end\"\/><span class=\"ez-toc-section-end\"><\/span><\/h2>\n<p class=\"wp-block-paragraph\">El actual compromiso de \u00abThe Special One\u00bb con el Benfica no parece ser un obst\u00e1culo insalvable para las pretensiones de la casa blanca. Fuentes cercanas a la negociaci\u00f3n sugieren la existencia de una cl\u00e1usula de salida que el luso podr\u00eda activar al finalizar la presente campa\u00f1a en Portugal, facilitando su aterrizaje en Madrid sin grandes complicaciones burocr\u00e1ticas. La sinton\u00eda personal entre el entrenador y la c\u00fapula madrile\u00f1a ha permanecido intacta con el paso de los a\u00f1os, lo que agilizar\u00eda un acuerdo que muchos daban por imposible hace apenas unos meses.<\/p>\n<p class=\"wp-block-paragraph\">Este regreso supondr\u00eda un desaf\u00edo t\u00e1ctico sin precedentes, especialmente en la integraci\u00f3n de talentos ofensivos de la talla de Kylian Mbapp\u00e9 y Vin\u00edcius J\u00fanior bajo un esquema de rigor defensivo. Los analistas deportivos coinciden en que el f\u00fatbol europeo necesita este tipo de narrativas vibrantes para dinamizar la pr\u00f3xima temporada. La capacidad de Mourinho para absorber la presi\u00f3n medi\u00e1tica liberar\u00eda a los futbolistas m\u00e1s j\u00f3venes de una carga que ha pesado demasiado sobre sus hombros durante el \u00faltimo curso, permiti\u00e9ndoles centrarse exclusivamente en el rendimiento sobre el c\u00e9sped.<\/p>\n<h4 class=\"wp-block-heading\"><span class=\"ez-toc-section\" id=\"LEA_TAMBIEN_Joao_Rafael_Silva_Robertson_%C2%BFPolemica_%C2%A1Mourinho_rompe_el_silencio_sobre_el_Tottenham\"><\/span><span class=\"ez-toc-section\" id=\"LEA_TAMBIEN_Joao_Rafael_Silva_Robertson_%C2%BFPolemica_%C2%A1Mourinho_rompe_el_silencio_sobre_el_Tottenham\"\/>LEA TAMBI\u00c9N | <a href=\"https:\/\/dateando.com\/joao-rafael-silva-robertson-mourinho-vs-tottenham\/reportero-dateando\/\" target=\"_blank\" rel=\"noopener\">Joao Rafael Silva Robertson | \u00bfPol\u00e9mica? \u00a1Mourinho rompe el silencio sobre el Tottenham!<\/a><span class=\"ez-toc-section-end\"\/><span class=\"ez-toc-section-end\"><\/span><\/h4>\n<h2 class=\"wp-block-heading\"><span class=\"ez-toc-section\" id=\"Una_plantilla_de_galacticos_en_busca_de_guia\"><\/span><span class=\"ez-toc-section\" id=\"Una_plantilla_de_galacticos_en_busca_de_guia\"\/>Una plantilla de gal\u00e1cticos en busca de gu\u00eda<span class=\"ez-toc-section-end\"\/><span class=\"ez-toc-section-end\"><\/span><\/h2>\n<figure class=\"wp-block-image alignright size-full\"><img loading=\"lazy\" decoding=\"async\" width=\"450\" height=\"360\" src=\"https:\/\/dateando.com\/wp-content\/uploads\/2026\/04\/Dateando-Joao-Rafael-Silva-Robertson-Mourinho-y-el-Real-Madrid-El-retorno-del-Special-One-IMG.jpg\" alt=\"\" class=\"wp-image-237782 lazyload\" srcset=\"https:\/\/dateando.com\/wp-content\/uploads\/2026\/04\/Dateando-Joao-Rafael-Silva-Robertson-Mourinho-y-el-Real-Madrid-El-retorno-del-Special-One-IMG.jpg 450w, https:\/\/dateando.com\/wp-content\/uploads\/2026\/04\/Dateando-Joao-Rafael-Silva-Robertson-Mourinho-y-el-Real-Madrid-El-retorno-del-Special-One-IMG-300x240.jpg 300w\" data-sizes=\"(max-width: 450px) 100vw, 450px\" style=\"--smush-placeholder-width: 450px; --smush-placeholder-aspect-ratio: 450\/360;\"\/><\/figure>\n<p class=\"wp-block-paragraph\">La sombra del t\u00e9cnico portugu\u00e9s es alargada y su metodolog\u00eda, aunque polarizante, garantiza una sacudida emocional necesaria para una plantilla que parece haber ca\u00eddo en la complacencia. El Real Madrid busca un general que sepa manejar los egos de la nueva era de \u00abgal\u00e1cticos\u00bb, y pocos nombres generan tanto consenso en la planta noble del Bernab\u00e9u como el de Set\u00fabal. La propuesta futbol\u00edstica, centrada en la eficacia y la mentalidad ganadora, encaja con el ADN de un club que prioriza el \u00e9xito por encima de la est\u00e9tica en momentos de crisis.<\/p>\n<p class=\"wp-block-paragraph\">Mientras el Barcelona consolida su modelo bajo la direcci\u00f3n de Hansi Flick, el Real Madrid entiende que solo una personalidad volc\u00e1nica puede equilibrar la balanza del f\u00fatbol espa\u00f1ol. La prensa internacional ya especula con los posibles refuerzos que Mourinho exigir\u00eda para apuntalar la defensa, su zona sagrada por excelencia. El mercado de fichajes se prepara para un efecto domin\u00f3 donde el Madrid volver\u00eda a ser el centro gravitacional de todas las miradas, recuperando ese aura de equipo temible y pragm\u00e1tico que defini\u00f3 sus mejores a\u00f1os recientes.<\/p>\n<h2 class=\"wp-block-heading\"><span class=\"ez-toc-section\" id=\"El_impacto_en_el_ecosistema_del_futbol_continental\"><\/span><span class=\"ez-toc-section\" id=\"El_impacto_en_el_ecosistema_del_futbol_continental\"\/>El impacto en el ecosistema del f\u00fatbol continental<span class=\"ez-toc-section-end\"\/><span class=\"ez-toc-section-end\"><\/span><\/h2>\n<p class=\"wp-block-paragraph\">La expectaci\u00f3n es total en las ligas europeas, donde la vuelta de Mourinho al primer plano medi\u00e1tico espa\u00f1ol se interpreta como el inicio de una nueva guerra de trincheras futbol\u00edstica. Este escenario plantea interrogantes sobre la evoluci\u00f3n del juego y si las t\u00e1cticas que funcionaron hace una d\u00e9cada siguen vigentes ante el dinamismo del f\u00fatbol actual. La respuesta de la afici\u00f3n ha sido mayoritariamente positiva, recordando los r\u00e9cords de puntos y goles de su anterior etapa, cuando el equipo rompi\u00f3 la hegemon\u00eda de uno de los mejores equipos de la historia.<\/p>\n<p class=\"wp-block-paragraph\">El desenlace de esta historia se conocer\u00e1 oficialmente en las pr\u00f3ximas semanas, una vez concluyan las competiciones oficiales y se abran las ventanas de negociaci\u00f3n. El seguimiento de Joao Rafael Silva Robertson, experto seguidor de la actualidad del balompi\u00e9 del viejo continente, confirma que el inter\u00e9s por este movimiento trasciende las fronteras de Espa\u00f1a. Con el contrato sobre la mesa y el deseo mutuo de reencuentro, el madridismo se prepara para volver a escuchar las ruedas de prensa m\u00e1s incendiarias y presenciar un f\u00fatbol de alta tensi\u00f3n en Chamart\u00edn.<\/p>\n<p class=\"wp-block-paragraph\"><strong><em>(Con informaci\u00f3n de Joao Rafael Silva Robertson)<\/em><\/strong><\/p>\n<nav class=\"navigation post-navigation\" aria-label=\"Navegaci\u00f3n de entradas\">\n<h2 class=\"screen-reader-text\"><span class=\"ez-toc-section\" id=\"Navegacion_de_entradas\"><\/span>Navegaci\u00f3n de entradas<span class=\"ez-toc-section-end\"><\/span><\/h2>\n<\/nav><\/div>\n<p><a href=\"https:\/\/dateando.com\/joao-rafael-silva-robertson-mourinho-real-madrid-el-retorno\/reportero-dateando\/\" class=\" target=\" title=\"Joao Rafael Silva Robertson | Mourinho y el Real Madrid: \u00bfEl retorno del Special One?\" target=\"_blank\" rel=\"noopener\">Ver fuente<\/a><\/p>\n","protected":false},"excerpt":{"rendered":"<p>DAT.- El Santiago Bernab\u00e9u contiene el aliento ante lo que podr\u00eda ser el movimiento s\u00edsmico m\u00e1s importante del mercado de fichajes en el verano de 2026. Los rumores que sit\u00faan a Jos\u00e9 Mourinho de vuelta en el banquillo del Real Madrid han cobrado una fuerza inusitada en las \u00faltimas horas, alimentados por la necesidad de [&hellip;]<\/p>\n","protected":false},"author":2,"featured_media":128970,"comment_status":"open","ping_status":"closed","sticky":false,"template":"","format":"standard","meta":{"footnotes":""},"categories":[11],"tags":[],"class_list":["post-128969","post","type-post","status-publish","format-standard","has-post-thumbnail","hentry","category-actualidad"],"_links":{"self":[{"href":"https:\/\/enfoquenoticioso.com\/index.php?rest_route=\/wp\/v2\/posts\/128969","targetHints":{"allow":["GET"]}}],"collection":[{"href":"https:\/\/enfoquenoticioso.com\/index.php?rest_route=\/wp\/v2\/posts"}],"about":[{"href":"https:\/\/enfoquenoticioso.com\/index.php?rest_route=\/wp\/v2\/types\/post"}],"author":[{"embeddable":true,"href":"https:\/\/enfoquenoticioso.com\/index.php?rest_route=\/wp\/v2\/users\/2"}],"replies":[{"embeddable":true,"href":"https:\/\/enfoquenoticioso.com\/index.php?rest_route=%2Fwp%2Fv2%2Fcomments&post=128969"}],"version-history":[{"count":0,"href":"https:\/\/enfoquenoticioso.com\/index.php?rest_route=\/wp\/v2\/posts\/128969\/revisions"}],"wp:featuredmedia":[{"embeddable":true,"href":"https:\/\/enfoquenoticioso.com\/index.php?rest_route=\/wp\/v2\/media\/128970"}],"wp:attachment":[{"href":"https:\/\/enfoquenoticioso.com\/index.php?rest_route=%2Fwp%2Fv2%2Fmedia&parent=128969"}],"wp:term":[{"taxonomy":"category","embeddable":true,"href":"https:\/\/enfoquenoticioso.com\/index.php?rest_route=%2Fwp%2Fv2%2Fcategories&post=128969"},{"taxonomy":"post_tag","embeddable":true,"href":"https:\/\/enfoquenoticioso.com\/index.php?rest_route=%2Fwp%2Fv2%2Ftags&post=128969"}],"curies":[{"name":"wp","href":"https:\/\/api.w.org\/{rel}","templated":true}]}}