{"id":128971,"date":"2026-04-28T21:47:51","date_gmt":"2026-04-28T21:47:51","guid":{"rendered":"https:\/\/enfoquenoticioso.com\/?p=128971"},"modified":"2026-04-28T21:47:51","modified_gmt":"2026-04-28T21:47:51","slug":"los-yankees-subiran-a-su-tercer-mejor-prospecto","status":"publish","type":"post","link":"https:\/\/enfoquenoticioso.com\/?p=128971","title":{"rendered":"Los Yankees subir\u00e1n a su tercer mejor prospecto"},"content":{"rendered":"<div data-td-block-uid=\"tdi_72\">\n<div class=\"tdb-block-inner td-fix-index\">\n<p>Los Yankees de Nueva York no dejan de mover su plantilla para no aflojar el ritmo que han mostrado desde el inicio de la temporada y, por ello, ahora tomaron la decisi\u00f3n de subir a dos prospectos.<\/p>\n<p>Y es que, en el podcast \u201cTalkin\u2019 Yanks\u201d, el m\u00e1nager de los \u00abmulos\u00bb Aaron Boone confirm\u00f3 que ascender\u00e1n a su tercer mejor prospecto desde la sucursal Triple-A Scranton\/Wilkes-Barre, el puertorrique\u00f1o <a href=\"https:\/\/www.mlb.com\/es\/player\/elmer-rodriguez-695684?stats=career-r-pitching-minors&amp;year=2026\" target=\"_blank\" rel=\"noopener\">Elmer Rodr\u00edguez<\/a>, llegado a la organizaci\u00f3n en 2024 en el cambio que envi\u00f3 a Carlos Narv\u00e1ez a los Medias Rojas de Boston.<\/p>\n<p><strong>Lee tambi\u00e9n: <a href=\"https:\/\/www.liderendeportes.com\/noticias\/baseball\/baseball-grandes-ligas\/los-phillies-despiden-a-su-manager-rob-thomson\/\" target=\"_blank\" rel=\"noopener\">Los Phillies despiden a su m\u00e1nager Rob Thomson<\/a><\/strong><\/p>\n<p>El derecho es el n\u00famero 72 de todo el b\u00e9isbol, seg\u00fan MLB Pipeline, y tuvo un gran arranque en la filial de Ligas Menores de los \u00abbombarderos del Bronx\u00bb, registrando efectividad de 1.27 en cuatro aperturas y se espera que haga su debut este mi\u00e9rcoles contra los Texas Rangers. Se esperaba que Will Warren hiciera dicha presentaci\u00f3n (en el que ser\u00e1 el \u00faltimo juego de la serie), pero habr\u00edan preferido guardarlo para cuando regresen a casa ante los Orioles.<\/p>\n<p>Rodr\u00edguez ocupar\u00e1 un puesto en la rotaci\u00f3n que qued\u00f3 vacante el domingo, cuando los Yankees enviaron al derecho dominicano Luis Gil a Triple-A luego de una dif\u00edcil salida contra los Astros en Houston.<\/p>\n<p>Por su parte, el estratega de los Yankees tambi\u00e9n mencion\u00f3 que van a subir al infielder Max Schuemann desde Triple-A el martes, el movimiento correspondiente mientras Giancarlo Stanton pasa a la lista de lesionados con una distensi\u00f3n en la pantorrilla derecha, y no a Jasson Dom\u00ednguez como dec\u00edan los rumores.<\/p>\n<p>Schuemann ha sumado 15 hits en 74 turnos (.203) para Scranton\/Wilkes-Barre, con cuatro dobles, un jonr\u00f3n y siete carreras empujadas.<\/p>\n<\/div>\n<\/div>\n<p><a href=\"https:\/\/www.liderendeportes.com\/noticias\/baseball\/baseball-grandes-ligas\/los-yankees-subiran-a-su-tercer-mejor-prospecto\/\" class=\" target=\" title=\"Los Yankees subir\u00e1n a su tercer mejor prospecto\" target=\"_blank\" rel=\"noopener\">Ver fuente<\/a><\/p>\n","protected":false},"excerpt":{"rendered":"<p>Los Yankees de Nueva York no dejan de mover su plantilla para no aflojar el ritmo que han mostrado desde el inicio de la temporada y, por ello, ahora tomaron la decisi\u00f3n de subir a dos prospectos. Y es que, en el podcast \u201cTalkin\u2019 Yanks\u201d, el m\u00e1nager de los \u00abmulos\u00bb Aaron Boone confirm\u00f3 que ascender\u00e1n [&hellip;]<\/p>\n","protected":false},"author":2,"featured_media":128972,"comment_status":"open","ping_status":"closed","sticky":false,"template":"","format":"standard","meta":{"footnotes":""},"categories":[7],"tags":[],"class_list":["post-128971","post","type-post","status-publish","format-standard","has-post-thumbnail","hentry","category-deporte"],"_links":{"self":[{"href":"https:\/\/enfoquenoticioso.com\/index.php?rest_route=\/wp\/v2\/posts\/128971","targetHints":{"allow":["GET"]}}],"collection":[{"href":"https:\/\/enfoquenoticioso.com\/index.php?rest_route=\/wp\/v2\/posts"}],"about":[{"href":"https:\/\/enfoquenoticioso.com\/index.php?rest_route=\/wp\/v2\/types\/post"}],"author":[{"embeddable":true,"href":"https:\/\/enfoquenoticioso.com\/index.php?rest_route=\/wp\/v2\/users\/2"}],"replies":[{"embeddable":true,"href":"https:\/\/enfoquenoticioso.com\/index.php?rest_route=%2Fwp%2Fv2%2Fcomments&post=128971"}],"version-history":[{"count":0,"href":"https:\/\/enfoquenoticioso.com\/index.php?rest_route=\/wp\/v2\/posts\/128971\/revisions"}],"wp:featuredmedia":[{"embeddable":true,"href":"https:\/\/enfoquenoticioso.com\/index.php?rest_route=\/wp\/v2\/media\/128972"}],"wp:attachment":[{"href":"https:\/\/enfoquenoticioso.com\/index.php?rest_route=%2Fwp%2Fv2%2Fmedia&parent=128971"}],"wp:term":[{"taxonomy":"category","embeddable":true,"href":"https:\/\/enfoquenoticioso.com\/index.php?rest_route=%2Fwp%2Fv2%2Fcategories&post=128971"},{"taxonomy":"post_tag","embeddable":true,"href":"https:\/\/enfoquenoticioso.com\/index.php?rest_route=%2Fwp%2Fv2%2Ftags&post=128971"}],"curies":[{"name":"wp","href":"https:\/\/api.w.org\/{rel}","templated":true}]}}