{"id":128981,"date":"2026-04-29T00:24:02","date_gmt":"2026-04-29T00:24:02","guid":{"rendered":"https:\/\/enfoquenoticioso.com\/?p=128981"},"modified":"2026-04-29T00:24:02","modified_gmt":"2026-04-29T00:24:02","slug":"el-real-madrid-quiere-a-mourinho-como-entrenador","status":"publish","type":"post","link":"https:\/\/enfoquenoticioso.com\/?p=128981","title":{"rendered":"El Real Madrid quiere a Mourinho como entrenador"},"content":{"rendered":"<div>\n<p>El proyecto de Xabi Alonso no le funcion\u00f3 al Real Madrid y tampoco el de \u00c1lvaro Arbeloa desde enero, por lo que est\u00e1n buscando nuevo director t\u00e9cnico para la temporada que viene y ya lo habr\u00edan encontrado.<\/p>\n<p>En la c\u00fapula merengue se manejan varios nombres, como los de Jurgen Klopp,\u00a0Didier Deschamps y\u00a0Mauricio Pochettino, pero el presidente del club, Florentino P\u00e9rez, tendr\u00eda decidido traer a un viejo conocido de la casa y tambi\u00e9n suyo.<\/p>\n<p><strong>Lee tambi\u00e9n: <a href=\"https:\/\/www.liderendeportes.com\/noticias\/futbol\/futbol-europeo\/simeone-sobre-la-champions-no-nos-debe-nada-nadie\/\" target=\"_blank\" rel=\"noopener\">Simeone sobre la Champions: \u00abNo nos debe nada nadie\u00bb<\/a><\/strong><\/p>\n<p>De acuerdo con \u2018The Athletic\u2019, el m\u00e1ximo mandatario del Real Madrid tendr\u00eda decidido darle las riendas del equipo a Jos\u00e9 Mourinho, actual entrenador del Benfica de Portugal y que ya enfrent\u00f3 al equipo merengue en la presente temporada, tras los partidos de Fase de Liga (victoria 4-2) y 16avos (derrota global 3-1).<\/p>\n<p>Ahora, solo quedar\u00eda por conocerse si el estratega portugu\u00e9s de 63 a\u00f1os estar\u00eda dispuesto a volver a tener encima la presi\u00f3n de dirigir al conjunto madrile\u00f1o o si preferir\u00e1 cumplir con su a\u00f1o restante de contrato con el club de su pa\u00eds. El t\u00e9cnico luso, de momento, no tiene intenci\u00f3n de moverse de Lisboa. En todo caso, tiene una cl\u00e1usula de 3 millones de euros.<\/p>\n<p>Seg\u00fan el medio \u2018Libertad Digital\u2019, ya hubo un acercamiento entre el merengue y el entorno de \u2018Mou\u2019. El manager del Real Madrid, Jos\u00e9 \u00c1ngel S\u00e1nchez, se habr\u00eda comunicado con Jorge Mendes, agente de \u2018The Special One\u2019, y tambi\u00e9n directamente con Mourinho, con aviso previo al representante para evitar inconvenientes, y la respuesta de ambos fue negativa.<\/p>\n<p>Esta no ser\u00eda la \u00faltima carta P\u00e9rez, a quien las \u00absegunda oportunidades\u00bb se le han dado muy bien, por lo que se encontrar\u00eda personalmente con el portugu\u00e9s en Lisboa antes del 3 de mayo, fecha marcada para designar al nuevo entrenador.<\/p>\n<\/div>\n<p><a href=\"https:\/\/www.liderendeportes.com\/noticias\/futbol\/futbol-europeo\/el-real-madrid-quiere-a-mourinho-como-entrenador\/\" class=\" target=\" title=\"El Real Madrid quiere a Mourinho como entrenador\" target=\"_blank\" rel=\"noopener\">Ver fuente<\/a><\/p>\n","protected":false},"excerpt":{"rendered":"<p>El proyecto de Xabi Alonso no le funcion\u00f3 al Real Madrid y tampoco el de \u00c1lvaro Arbeloa desde enero, por lo que est\u00e1n buscando nuevo director t\u00e9cnico para la temporada que viene y ya lo habr\u00edan encontrado. En la c\u00fapula merengue se manejan varios nombres, como los de Jurgen Klopp,\u00a0Didier Deschamps y\u00a0Mauricio Pochettino, pero el [&hellip;]<\/p>\n","protected":false},"author":2,"featured_media":128982,"comment_status":"open","ping_status":"closed","sticky":false,"template":"","format":"standard","meta":{"footnotes":""},"categories":[7],"tags":[],"class_list":["post-128981","post","type-post","status-publish","format-standard","has-post-thumbnail","hentry","category-deporte"],"_links":{"self":[{"href":"https:\/\/enfoquenoticioso.com\/index.php?rest_route=\/wp\/v2\/posts\/128981","targetHints":{"allow":["GET"]}}],"collection":[{"href":"https:\/\/enfoquenoticioso.com\/index.php?rest_route=\/wp\/v2\/posts"}],"about":[{"href":"https:\/\/enfoquenoticioso.com\/index.php?rest_route=\/wp\/v2\/types\/post"}],"author":[{"embeddable":true,"href":"https:\/\/enfoquenoticioso.com\/index.php?rest_route=\/wp\/v2\/users\/2"}],"replies":[{"embeddable":true,"href":"https:\/\/enfoquenoticioso.com\/index.php?rest_route=%2Fwp%2Fv2%2Fcomments&post=128981"}],"version-history":[{"count":0,"href":"https:\/\/enfoquenoticioso.com\/index.php?rest_route=\/wp\/v2\/posts\/128981\/revisions"}],"wp:featuredmedia":[{"embeddable":true,"href":"https:\/\/enfoquenoticioso.com\/index.php?rest_route=\/wp\/v2\/media\/128982"}],"wp:attachment":[{"href":"https:\/\/enfoquenoticioso.com\/index.php?rest_route=%2Fwp%2Fv2%2Fmedia&parent=128981"}],"wp:term":[{"taxonomy":"category","embeddable":true,"href":"https:\/\/enfoquenoticioso.com\/index.php?rest_route=%2Fwp%2Fv2%2Fcategories&post=128981"},{"taxonomy":"post_tag","embeddable":true,"href":"https:\/\/enfoquenoticioso.com\/index.php?rest_route=%2Fwp%2Fv2%2Ftags&post=128981"}],"curies":[{"name":"wp","href":"https:\/\/api.w.org\/{rel}","templated":true}]}}