{"id":128983,"date":"2026-04-29T00:54:44","date_gmt":"2026-04-29T00:54:44","guid":{"rendered":"https:\/\/enfoquenoticioso.com\/?p=128983"},"modified":"2026-04-29T00:54:44","modified_gmt":"2026-04-29T00:54:44","slug":"alemania-retrasara-el-anuncio-de-su-convocatoria-mundialista","status":"publish","type":"post","link":"https:\/\/enfoquenoticioso.com\/?p=128983","title":{"rendered":"Alemania retrasar\u00e1 el anuncio de su convocatoria mundialista"},"content":{"rendered":"<div data-td-block-uid=\"tdi_72\">\n<div class=\"tdb-block-inner td-fix-index\">\n<p>Alemania ha pospuesto nueve d\u00edas el anuncio de su plantilla para el Mundial, teniendo en cuenta la \u00faltima jornada de la Bundesliga y para dar m\u00e1s tiempo a los jugadores lesionados a demostrar su estado f\u00edsico.<\/p>\n<p>El seleccionador alem\u00e1n, Julian Nagelsmann, ten\u00eda previsto anunciar su lista de convocados en Frankfurt el 12 de mayo, pero el anuncio se pospuso el martes hasta el 21 de mayo.<\/p>\n<p>La convocatoria del equipo tambi\u00e9n se ha retrasado dos d\u00edas, hasta el 27 de mayo.<\/p>\n<p><strong>Lee tambi\u00e9n: <a href=\"https:\/\/www.liderendeportes.com\/noticias\/futbol\/futbol-europeo\/holanda-pierde-a-xavi-simons-para-el-mundial\/\" target=\"_blank\" rel=\"noopener\">Xavi Simons se pierde el Mundial<\/a><\/strong><\/p>\n<p>La \u00faltima jornada de la Bundesliga se disputar\u00e1 el 16 de mayo, mientras que la\u00a0final de la Copa de Alemania\u00a0entre el Bayern de M\u00fanich y el Stuttgart, en la que probablemente participar\u00e1n muchos jugadores convocados por la selecci\u00f3n alemana, tendr\u00e1 lugar el 23 de mayo.<\/p>\n<p>Los preparativos para el Mundial deb\u00edan comenzar el 25 de mayo en la localidad b\u00e1vara de Herzogenaurach, pero es probable que Nagelsmann quiera dar a sus jugadores del Bayern y del Stuttgart un descanso m\u00e1s prolongado antes del partido.<\/p>\n<p>Si el Bayern llega a la final de la Liga de Campeones el 30 de mayo, los jugadores alemanes del equipo se unir\u00e1n a sus compa\u00f1eros de selecci\u00f3n solo despu\u00e9s de esa final.<\/p>\n<p>Alemania disputar\u00e1 partidos de preparaci\u00f3n para el Mundial contra Finlandia en Maguncia el 31 de mayo, y posteriormente contra Estados Unidos en Chicago el 6 de junio.<\/p>\n<p>Alemania, cuatro veces campeona, se enfrenta\u00a0a Costa de Marfil, Ecuador y la debutante Curazao\u00a0en el Grupo E del Mundial.<\/p>\n<p>El delantero del Bayern, Serge Gnabry, ha sido\u00a0descartado para el torneo, mientras que su joven compa\u00f1ero Lennart Karl se enfrenta a una\u00a0carrera contrarreloj para estar en forma.<\/p>\n<p><strong>AP.<\/strong><\/p>\n<\/div>\n<\/div>\n<p><a href=\"https:\/\/www.liderendeportes.com\/noticias\/futbol\/internacional-football\/alemania-retrasara-el-anuncio-de-su-convocatoria-mundialista\/\" class=\" target=\" title=\"Alemania retrasar\u00e1 el anuncio de su convocatoria mundialista\" target=\"_blank\" rel=\"noopener\">Ver fuente<\/a><\/p>\n","protected":false},"excerpt":{"rendered":"<p>Alemania ha pospuesto nueve d\u00edas el anuncio de su plantilla para el Mundial, teniendo en cuenta la \u00faltima jornada de la Bundesliga y para dar m\u00e1s tiempo a los jugadores lesionados a demostrar su estado f\u00edsico. El seleccionador alem\u00e1n, Julian Nagelsmann, ten\u00eda previsto anunciar su lista de convocados en Frankfurt el 12 de mayo, pero [&hellip;]<\/p>\n","protected":false},"author":2,"featured_media":128984,"comment_status":"open","ping_status":"closed","sticky":false,"template":"","format":"standard","meta":{"footnotes":""},"categories":[7],"tags":[],"class_list":["post-128983","post","type-post","status-publish","format-standard","has-post-thumbnail","hentry","category-deporte"],"_links":{"self":[{"href":"https:\/\/enfoquenoticioso.com\/index.php?rest_route=\/wp\/v2\/posts\/128983","targetHints":{"allow":["GET"]}}],"collection":[{"href":"https:\/\/enfoquenoticioso.com\/index.php?rest_route=\/wp\/v2\/posts"}],"about":[{"href":"https:\/\/enfoquenoticioso.com\/index.php?rest_route=\/wp\/v2\/types\/post"}],"author":[{"embeddable":true,"href":"https:\/\/enfoquenoticioso.com\/index.php?rest_route=\/wp\/v2\/users\/2"}],"replies":[{"embeddable":true,"href":"https:\/\/enfoquenoticioso.com\/index.php?rest_route=%2Fwp%2Fv2%2Fcomments&post=128983"}],"version-history":[{"count":0,"href":"https:\/\/enfoquenoticioso.com\/index.php?rest_route=\/wp\/v2\/posts\/128983\/revisions"}],"wp:featuredmedia":[{"embeddable":true,"href":"https:\/\/enfoquenoticioso.com\/index.php?rest_route=\/wp\/v2\/media\/128984"}],"wp:attachment":[{"href":"https:\/\/enfoquenoticioso.com\/index.php?rest_route=%2Fwp%2Fv2%2Fmedia&parent=128983"}],"wp:term":[{"taxonomy":"category","embeddable":true,"href":"https:\/\/enfoquenoticioso.com\/index.php?rest_route=%2Fwp%2Fv2%2Fcategories&post=128983"},{"taxonomy":"post_tag","embeddable":true,"href":"https:\/\/enfoquenoticioso.com\/index.php?rest_route=%2Fwp%2Fv2%2Ftags&post=128983"}],"curies":[{"name":"wp","href":"https:\/\/api.w.org\/{rel}","templated":true}]}}