{"id":128987,"date":"2026-04-29T01:57:57","date_gmt":"2026-04-29T01:57:57","guid":{"rendered":"https:\/\/enfoquenoticioso.com\/?p=128987"},"modified":"2026-04-29T01:57:57","modified_gmt":"2026-04-29T01:57:57","slug":"el-barcelona-le-encontro-otra-alternativa-a-julian-alvarez","status":"publish","type":"post","link":"https:\/\/enfoquenoticioso.com\/?p=128987","title":{"rendered":"El Barcelona le encontr\u00f3 otra alternativa a Juli\u00e1n \u00c1lvarez"},"content":{"rendered":"<div data-td-block-uid=\"tdi_72\">\n<div class=\"tdb-block-inner td-fix-index\">\n<p>El FC Barcelona ya est\u00e1 trabajando para mejorar la plantilla de cara a la pr\u00f3xima temporada. Saben que una posici\u00f3n a reforzar es la de delantero-centro y hay un claro favorito, Juli\u00e1n \u00c1lvarez, pero est\u00e1n manejando opciones por si no llegara a concretarse.<\/p>\n<p>A sabiendas que las negociaciones por el argentino con el Atl\u00e9tico de Madrid se tornar\u00edan complicadas, ya hay varios nombres en la carpeta del \u20189\u2019 para el a\u00f1o que viene, aun todav\u00eda sin tomar una decisi\u00f3n sobre el futuro de Robert Lewandowski.<\/p>\n<p><strong>Lee tambi\u00e9n: <a href=\"https:\/\/www.liderendeportes.com\/noticias\/futbol\/futbol-europeo\/el-psg-le-gano-un-partido-en-la-ida-al-bayern\/\" target=\"_blank\" rel=\"noopener\">El PSG le gan\u00f3 un partido en la ida al Bayern<\/a><\/strong><\/p>\n<p>Ante esto, y de acuerdo al programa \u2018Qu\u00e8 t\u2019hi jugues\u2019 de la \u2018Cadena SER\u2019, el Barcelona habr\u00eda agregado a Joao Pedro. El jugador de 24 a\u00f1os del Chelsea tambi\u00e9n genera consenso por su perfil m\u00f3vil y potencial adaptaci\u00f3n al estilo de Flick.<\/p>\n<p>Con un valor de mercado de\u00a075 millones de euros\u00a0seg\u00fan el portal especializado \u2018Transfermarkt\u2019 y\u00a0contrato con los \u00abblues\u00bb hasta 2033, el conjunto azulgrana podr\u00eda aprovechar la crisis deportiva del club londinense para sacar adelante la operaci\u00f3n. Adem\u00e1s, los londinenses necesitar\u00edan salidas para evitar problemas con el \u2018fair play\u2019 financiero.<\/p>\n<p>Sin embargo, hay factores que no jugar\u00edan a favor del conjunto cul\u00e9 en una hipot\u00e9tica negociaci\u00f3n, como las 23 contribuciones (19 goles y 4 asistencias) y el precio elevado (63.7 millones) que se pagaron por \u00e9l hace menos de un a\u00f1o.<\/p>\n<p>Por otro lado, y en otro pa\u00eds, el Barcelona tambi\u00e9n tendr\u00eda en su carpeta, otra vez, a Lautaro Mart\u00ednez. Es un \u20189\u2019 m\u00e1s posicional, pero sigue gustando como en otras ocasiones.<\/p>\n<p>Tiene 28 a\u00f1os y lleva muchas temporadas en la \u00e9lite, por lo que su experiencia le caer\u00eda muy bien. No obstante, su valor de mercado son 85 millones y tiene contrato con el Inter hasta 2029.<\/p>\n<\/div>\n<\/div>\n<p><a href=\"https:\/\/www.liderendeportes.com\/noticias\/futbol\/futbol-europeo\/el-barcelona-le-encontro-otra-alternativa-a-julian-alvarez\/\" class=\" target=\" title=\"El Barcelona le encontr\u00f3 otra alternativa a Juli\u00e1n \u00c1lvarez\" target=\"_blank\" rel=\"noopener\">Ver fuente<\/a><\/p>\n","protected":false},"excerpt":{"rendered":"<p>El FC Barcelona ya est\u00e1 trabajando para mejorar la plantilla de cara a la pr\u00f3xima temporada. Saben que una posici\u00f3n a reforzar es la de delantero-centro y hay un claro favorito, Juli\u00e1n \u00c1lvarez, pero est\u00e1n manejando opciones por si no llegara a concretarse. A sabiendas que las negociaciones por el argentino con el Atl\u00e9tico de [&hellip;]<\/p>\n","protected":false},"author":2,"featured_media":128988,"comment_status":"open","ping_status":"closed","sticky":false,"template":"","format":"standard","meta":{"footnotes":""},"categories":[7],"tags":[],"class_list":["post-128987","post","type-post","status-publish","format-standard","has-post-thumbnail","hentry","category-deporte"],"_links":{"self":[{"href":"https:\/\/enfoquenoticioso.com\/index.php?rest_route=\/wp\/v2\/posts\/128987","targetHints":{"allow":["GET"]}}],"collection":[{"href":"https:\/\/enfoquenoticioso.com\/index.php?rest_route=\/wp\/v2\/posts"}],"about":[{"href":"https:\/\/enfoquenoticioso.com\/index.php?rest_route=\/wp\/v2\/types\/post"}],"author":[{"embeddable":true,"href":"https:\/\/enfoquenoticioso.com\/index.php?rest_route=\/wp\/v2\/users\/2"}],"replies":[{"embeddable":true,"href":"https:\/\/enfoquenoticioso.com\/index.php?rest_route=%2Fwp%2Fv2%2Fcomments&post=128987"}],"version-history":[{"count":0,"href":"https:\/\/enfoquenoticioso.com\/index.php?rest_route=\/wp\/v2\/posts\/128987\/revisions"}],"wp:featuredmedia":[{"embeddable":true,"href":"https:\/\/enfoquenoticioso.com\/index.php?rest_route=\/wp\/v2\/media\/128988"}],"wp:attachment":[{"href":"https:\/\/enfoquenoticioso.com\/index.php?rest_route=%2Fwp%2Fv2%2Fmedia&parent=128987"}],"wp:term":[{"taxonomy":"category","embeddable":true,"href":"https:\/\/enfoquenoticioso.com\/index.php?rest_route=%2Fwp%2Fv2%2Fcategories&post=128987"},{"taxonomy":"post_tag","embeddable":true,"href":"https:\/\/enfoquenoticioso.com\/index.php?rest_route=%2Fwp%2Fv2%2Ftags&post=128987"}],"curies":[{"name":"wp","href":"https:\/\/api.w.org\/{rel}","templated":true}]}}