{"id":128989,"date":"2026-04-29T02:29:02","date_gmt":"2026-04-29T02:29:02","guid":{"rendered":"https:\/\/enfoquenoticioso.com\/?p=128989"},"modified":"2026-04-29T02:29:02","modified_gmt":"2026-04-29T02:29:02","slug":"raphinha-ilusiona-al-barcelona-antes-del-clasico","status":"publish","type":"post","link":"https:\/\/enfoquenoticioso.com\/?p=128989","title":{"rendered":"Raphinha ilusiona al Barcelona antes del &#8216;cl\u00e1sico&#8217;"},"content":{"rendered":"<div data-td-block-uid=\"tdi_72\">\n<div class=\"tdb-block-inner td-fix-index\">\n<p>Raphinha contin\u00faa con su recuperaci\u00f3n de la\u00a0lesi\u00f3n en el b\u00edceps femoral del muslo derecho (sufrida en el amistoso de marzo entre Brasil-Francia) e ingres\u00f3 en la recta final, que lo dejar\u00eda bien encaminado para jugar \u2018El Cl\u00e1sico\u2019.<\/p>\n<p>El atacante se present\u00f3 este martes en las instalaciones deportivas del Barcelona para continuar con su tratamiento y apunta para regresar nuevamente ante el Osasuna este s\u00e1bado, partido que podr\u00eda definir el t\u00edtulo de LaLiga en favor del azulgrana.<\/p>\n<p><strong>Lee tambi\u00e9n: <a href=\"https:\/\/www.liderendeportes.com\/noticias\/futbol\/futbol-europeo\/el-barcelona-le-encontro-otra-alternativa-a-julian-alvarez\/\" target=\"_blank\" rel=\"noopener\">El Barcelona le encontr\u00f3 otra alternativa a Juli\u00e1n \u00c1lvarez<\/a><\/strong><\/p>\n<p>Ya se ha cumplido un mes de su lesi\u00f3n y el comunicado m\u00e9dico que emiti\u00f3 el\u00a0cuadro \u2018cul\u00e9\u2019 apunt\u00f3 que\u00a0Raphinha\u00a0estar\u00eda unas cinco semanas de baja, por lo que tiene opciones de viajar con el equipo a Pamplona.\u00a0Mientras que el brasile\u00f1o comparti\u00f3 un mensaje esperanzador en sus redes sociales.<\/p>\n<p>\u00abLoading (Cargando)\u00bb, escribi\u00f3\u00a0Raphinha, adjuntando tres im\u00e1genes de la temporada con el\u00a0Barcelona\u00a0y los iconos de un reloj de arena y dos corazones azulgranas.<\/p>\n<p>El equipo dirigido por Hansi Flick tuvo tres d\u00edas libres despu\u00e9s de la victoria de visitante ante el Getafe (2-0) y regresar\u00e1 a los trabajos el mi\u00e9rcoles, ah\u00ed se ver\u00e1 si el brasile\u00f1o ya puede hacer una sesi\u00f3n con el grupo entero o se espera a los pr\u00f3ximos d\u00edas.<\/p>\n<p>De hacerlo, ser\u00eda una gran se\u00f1al para el partido ante el Osasuna y tambi\u00e9n para la pr\u00f3xima jornada, el 10 de mayo cuando reciban al Real Madrid en el Camp Nou. Dos partidos delicados en los que el Barcelona podr\u00eda conquistar y\/o celebrar su liga espa\u00f1ola n\u00famero 29 en la historia.<\/p>\n<\/div>\n<\/div>\n<p><a href=\"https:\/\/www.liderendeportes.com\/noticias\/futbol\/futbol-europeo\/raphinha-ilusiona-al-barcelona-antes-del-clasico\/\" class=\" target=\" title=\"Raphinha ilusiona al Barcelona antes del &#039;cl\u00e1sico&#039;\" target=\"_blank\" rel=\"noopener\">Ver fuente<\/a><\/p>\n","protected":false},"excerpt":{"rendered":"<p>Raphinha contin\u00faa con su recuperaci\u00f3n de la\u00a0lesi\u00f3n en el b\u00edceps femoral del muslo derecho (sufrida en el amistoso de marzo entre Brasil-Francia) e ingres\u00f3 en la recta final, que lo dejar\u00eda bien encaminado para jugar \u2018El Cl\u00e1sico\u2019. El atacante se present\u00f3 este martes en las instalaciones deportivas del Barcelona para continuar con su tratamiento y [&hellip;]<\/p>\n","protected":false},"author":2,"featured_media":128990,"comment_status":"open","ping_status":"closed","sticky":false,"template":"","format":"standard","meta":{"footnotes":""},"categories":[7],"tags":[],"class_list":["post-128989","post","type-post","status-publish","format-standard","has-post-thumbnail","hentry","category-deporte"],"_links":{"self":[{"href":"https:\/\/enfoquenoticioso.com\/index.php?rest_route=\/wp\/v2\/posts\/128989","targetHints":{"allow":["GET"]}}],"collection":[{"href":"https:\/\/enfoquenoticioso.com\/index.php?rest_route=\/wp\/v2\/posts"}],"about":[{"href":"https:\/\/enfoquenoticioso.com\/index.php?rest_route=\/wp\/v2\/types\/post"}],"author":[{"embeddable":true,"href":"https:\/\/enfoquenoticioso.com\/index.php?rest_route=\/wp\/v2\/users\/2"}],"replies":[{"embeddable":true,"href":"https:\/\/enfoquenoticioso.com\/index.php?rest_route=%2Fwp%2Fv2%2Fcomments&post=128989"}],"version-history":[{"count":0,"href":"https:\/\/enfoquenoticioso.com\/index.php?rest_route=\/wp\/v2\/posts\/128989\/revisions"}],"wp:featuredmedia":[{"embeddable":true,"href":"https:\/\/enfoquenoticioso.com\/index.php?rest_route=\/wp\/v2\/media\/128990"}],"wp:attachment":[{"href":"https:\/\/enfoquenoticioso.com\/index.php?rest_route=%2Fwp%2Fv2%2Fmedia&parent=128989"}],"wp:term":[{"taxonomy":"category","embeddable":true,"href":"https:\/\/enfoquenoticioso.com\/index.php?rest_route=%2Fwp%2Fv2%2Fcategories&post=128989"},{"taxonomy":"post_tag","embeddable":true,"href":"https:\/\/enfoquenoticioso.com\/index.php?rest_route=%2Fwp%2Fv2%2Ftags&post=128989"}],"curies":[{"name":"wp","href":"https:\/\/api.w.org\/{rel}","templated":true}]}}