{"id":128997,"date":"2026-04-29T04:32:44","date_gmt":"2026-04-29T04:32:44","guid":{"rendered":"https:\/\/enfoquenoticioso.com\/?p=128997"},"modified":"2026-04-29T04:32:44","modified_gmt":"2026-04-29T04:32:44","slug":"salah-a-un-paso-de-anunciar-su-proximo-equipo","status":"publish","type":"post","link":"https:\/\/enfoquenoticioso.com\/?p=128997","title":{"rendered":"Salah a un paso de anunciar su pr\u00f3ximo equipo"},"content":{"rendered":"<div data-td-block-uid=\"tdi_72\">\n<div class=\"tdb-block-inner td-fix-index\">\n<p>Mohamed Salah, de 33 a\u00f1os, est\u00e1 por revelar cu\u00e1l ser\u00e1 su equipo para la pr\u00f3xima temporada. El anuncio se producir\u00e1 \u00aben unos d\u00edas\u00bb, seg\u00fan inform\u00f3 Muhammad Murad, coordinador de prensa de la selecci\u00f3n de Egipto, tras confirmarse que el jugador dejar\u00e1 el Liverpool.<\/p>\n<p>El hist\u00f3rico extremo comunic\u00f3 oficialmente que abandonar\u00e1 Anfield despu\u00e9s de 9 temporadas de \u00e9xito. Su salida se producir\u00e1 una vez que finalice su contrato actual al t\u00e9rmino de la presente campa\u00f1a, lo que ha generado m\u00faltiples rumores sobre su futuro.<\/p>\n<p>Desde que se conoci\u00f3 la noticia, Salah ha sido vinculado con clubes de la liga de Arabia Saud\u00ed, la MLS y diversas instituciones europeas. Murad confirm\u00f3 que \u00abse est\u00e1n publicando noticias sobre ofertas que ha recibido de Italia, Francia y otros grandes equipos\u00bb.<\/p>\n<p><strong>Leer tambi\u00e9n: <a href=\"https:\/\/www.liderendeportes.com\/noticias\/futbol\/futbol-europeo\/el-barcelona-propone-otra-condicion-para-rashford\/\" target=\"_blank\" rel=\"noopener\">El Barcelona propone otra condici\u00f3n para Rashford<\/a><\/strong><\/p>\n<p>La importancia del jugador en el mercado internacional es absoluta debido a su jerarqu\u00eda. El representante del staff egipcio destac\u00f3 que el delantero \u00abes una gran estrella y ser\u00eda un refuerzo importante para cualquier club\u00bb del mundo en este momento.<\/p>\n<p>Mientras se espera la decisi\u00f3n final, el entorno del jugador en la selecci\u00f3n nacional ha mostrado su respaldo total a la estrella. \u00abApoyaremos a Salah elija el equipo que elija\u00bb, sentenci\u00f3 Murad respecto al pr\u00f3ximo paso en la carrera del atacante.<\/p>\n<\/div>\n<\/div>\n<p><a href=\"https:\/\/www.liderendeportes.com\/noticias\/futbol\/futbol-europeo\/salah-a-un-paso-de-anunciar-su-proximo-equipo\/\" class=\" target=\" title=\"Salah a un paso de anunciar su pr\u00f3ximo equipo\" target=\"_blank\" rel=\"noopener\">Ver fuente<\/a><\/p>\n","protected":false},"excerpt":{"rendered":"<p>Mohamed Salah, de 33 a\u00f1os, est\u00e1 por revelar cu\u00e1l ser\u00e1 su equipo para la pr\u00f3xima temporada. El anuncio se producir\u00e1 \u00aben unos d\u00edas\u00bb, seg\u00fan inform\u00f3 Muhammad Murad, coordinador de prensa de la selecci\u00f3n de Egipto, tras confirmarse que el jugador dejar\u00e1 el Liverpool. El hist\u00f3rico extremo comunic\u00f3 oficialmente que abandonar\u00e1 Anfield despu\u00e9s de 9 temporadas [&hellip;]<\/p>\n","protected":false},"author":2,"featured_media":128998,"comment_status":"open","ping_status":"closed","sticky":false,"template":"","format":"standard","meta":{"footnotes":""},"categories":[7],"tags":[],"class_list":["post-128997","post","type-post","status-publish","format-standard","has-post-thumbnail","hentry","category-deporte"],"_links":{"self":[{"href":"https:\/\/enfoquenoticioso.com\/index.php?rest_route=\/wp\/v2\/posts\/128997","targetHints":{"allow":["GET"]}}],"collection":[{"href":"https:\/\/enfoquenoticioso.com\/index.php?rest_route=\/wp\/v2\/posts"}],"about":[{"href":"https:\/\/enfoquenoticioso.com\/index.php?rest_route=\/wp\/v2\/types\/post"}],"author":[{"embeddable":true,"href":"https:\/\/enfoquenoticioso.com\/index.php?rest_route=\/wp\/v2\/users\/2"}],"replies":[{"embeddable":true,"href":"https:\/\/enfoquenoticioso.com\/index.php?rest_route=%2Fwp%2Fv2%2Fcomments&post=128997"}],"version-history":[{"count":0,"href":"https:\/\/enfoquenoticioso.com\/index.php?rest_route=\/wp\/v2\/posts\/128997\/revisions"}],"wp:featuredmedia":[{"embeddable":true,"href":"https:\/\/enfoquenoticioso.com\/index.php?rest_route=\/wp\/v2\/media\/128998"}],"wp:attachment":[{"href":"https:\/\/enfoquenoticioso.com\/index.php?rest_route=%2Fwp%2Fv2%2Fmedia&parent=128997"}],"wp:term":[{"taxonomy":"category","embeddable":true,"href":"https:\/\/enfoquenoticioso.com\/index.php?rest_route=%2Fwp%2Fv2%2Fcategories&post=128997"},{"taxonomy":"post_tag","embeddable":true,"href":"https:\/\/enfoquenoticioso.com\/index.php?rest_route=%2Fwp%2Fv2%2Ftags&post=128997"}],"curies":[{"name":"wp","href":"https:\/\/api.w.org\/{rel}","templated":true}]}}