{"id":129001,"date":"2026-04-29T05:34:25","date_gmt":"2026-04-29T05:34:25","guid":{"rendered":"https:\/\/enfoquenoticioso.com\/?p=129001"},"modified":"2026-04-29T05:34:25","modified_gmt":"2026-04-29T05:34:25","slug":"ucv-no-pudo-ante-rosario-central-en-el-olimpico","status":"publish","type":"post","link":"https:\/\/enfoquenoticioso.com\/?p=129001","title":{"rendered":"UCV no pudo ante Rosario Central en el Ol\u00edmpico"},"content":{"rendered":"<div>\n<p>La UCV, dirigida por Daniel Sasso, no pudo este martes ante Rosario Central de Argentina en el estadio Ol\u00edmpico al caer 0-3, complicando sus aspiraciones de clasificar a los octavos de final de la Copa Libertadores.<\/p>\n<p>A los 15 minutos, UCV aprovech\u00f3 un error en la salida de Rosario Central, pero en el \u00e1rea, Kendry Silva no logr\u00f3 conectar con ning\u00fan compa\u00f1ero tras recibir un pase muy fuerte.<\/p>\n<p>Sin embargo, el cuadro argentino generaba m\u00e1s situaciones de peligro. A los 20 minutos, Jaminton Campaz intent\u00f3 sorprender a Schiavone, quien rechaz\u00f3 el remate con solvencia.<\/p>\n<p>Tras la pausa de hidrataci\u00f3n, a Juan Camilo Zapata le surgi\u00f3 una oportunidad en el \u00e1rea con un disparo que termin\u00f3 atajando el arquero visitante. En la jugada siguiente, Francisco Sol\u00e9 caz\u00f3 un rechace y dispar\u00f3 desde el borde del \u00e1rea, pero el bal\u00f3n se fue a las gradas.<\/p>\n<p>Al minuto 35, en el mejor momento de UCV, Rosario Central se fue arriba en el marcador con un centro de Campaz y un cabezazo de Ignacio Ovando en el \u00e1rea al poste izquierdo.<\/p>\n<p><strong>Lee tambi\u00e9n:<\/strong> <a href=\"https:\/\/www.liderendeportes.com\/noticias\/futbol\/futbol-europeo\/el-psg-le-gano-un-partidazo-en-la-ida-al-bayern\/\" target=\"_blank\" rel=\"noopener\">El PSG le gan\u00f3 un partidazo en la ida al Bayern<\/a><\/p>\n<div id=\"ez-toc-container\" class=\"ez-toc-v2_0_81 counter-hierarchy ez-toc-counter ez-toc-grey ez-toc-container-direction\">\n<div class=\"ez-toc-title-container\">\n<p class=\"ez-toc-title\" style=\"cursor:inherit\">Tabla de Contenido<\/p>\n<span class=\"ez-toc-title-toggle\"><a href=\"#\" class=\"ez-toc-pull-right ez-toc-btn ez-toc-btn-xs ez-toc-btn-default ez-toc-toggle\" aria-label=\"Alternar tabla de contenidos\"><span class=\"ez-toc-js-icon-con\"><span class=\"\"><span class=\"eztoc-hide\" style=\"display:none;\">Toggle<\/span><span class=\"ez-toc-icon-toggle-span\"><svg style=\"fill: #999;color:#999\" xmlns=\"http:\/\/www.w3.org\/2000\/svg\" class=\"list-377408\" width=\"20px\" height=\"20px\" viewBox=\"0 0 24 24\" fill=\"none\"><path d=\"M6 6H4v2h2V6zm14 0H8v2h12V6zM4 11h2v2H4v-2zm16 0H8v2h12v-2zM4 16h2v2H4v-2zm16 0H8v2h12v-2z\" fill=\"currentColor\"><\/path><\/svg><svg style=\"fill: #999;color:#999\" class=\"arrow-unsorted-368013\" xmlns=\"http:\/\/www.w3.org\/2000\/svg\" width=\"10px\" height=\"10px\" viewBox=\"0 0 24 24\" version=\"1.2\" baseProfile=\"tiny\"><path d=\"M18.2 9.3l-6.2-6.3-6.2 6.3c-.2.2-.3.4-.3.7s.1.5.3.7c.2.2.4.3.7.3h11c.3 0 .5-.1.7-.3.2-.2.3-.5.3-.7s-.1-.5-.3-.7zM5.8 14.7l6.2 6.3 6.2-6.3c.2-.2.3-.5.3-.7s-.1-.5-.3-.7c-.2-.2-.4-.3-.7-.3h-11c-.3 0-.5.1-.7.3-.2.2-.3.5-.3.7s.1.5.3.7z\"\/><\/svg><\/span><\/span><\/span><\/a><\/span><\/div>\n<nav><ul class='ez-toc-list ez-toc-list-level-1 ' ><li class='ez-toc-page-1 ez-toc-heading-level-3'><a class=\"ez-toc-link ez-toc-heading-1\" href=\"https:\/\/enfoquenoticioso.com\/?p=129001\/#Primer_gol_de_Di_Maria\" >Primer gol de Di Mar\u00eda<\/a><\/li><\/ul><\/nav><\/div>\n<h3 id=\"primer-gol-de-di-mar\u00eda\" class=\"wp-block-heading\"><span class=\"ez-toc-section\" id=\"Primer_gol_de_Di_Maria\"><\/span>Primer gol de Di Mar\u00eda<span class=\"ez-toc-section-end\"><\/span><\/h3>\n<p>Al inicio del segundo tiempo, Schiavone cometi\u00f3 una falta sobre Alejo V\u00e9liz en el \u00e1rea. El VAR confirm\u00f3 el penal a favor de Rosario Central, que \u00c1ngel Di Mar\u00eda cobr\u00f3 con \u00e9xito al 53\u2019. Su primer tanto en esta edici\u00f3n de la Copa Libertadores.<\/p>\n<p>Al 60\u2019, Zapata tuvo la m\u00e1s clara del partido de UCV. Remat\u00f3 de frente al arco, pero el guardameta Jerem\u00edas Ledesma desvi\u00f3 el bal\u00f3n, que termin\u00f3 impactando en el poste derecho.<\/p>\n<p>El cuadro ucevista ajust\u00f3 su juego tras el gol de Di Mar\u00eda y, al 82\u2019, Francisco Sol\u00e9 volvi\u00f3 a intentar un remate a media distancia que fue rechazado nuevamente por el portero.<\/p>\n<p>Como guinda del pastel para Rosario Central, el equipo aprovech\u00f3 los cambios para marcar el tercero al 93\u2019. Enzo Copetti bati\u00f3 a Schiavone desde cerca con un disparo raso y ajustado.<\/p>\n<p>El tiempo no dio para m\u00e1s y la UCV se alej\u00f3 de los dos primeros lugares del grupo H. La pr\u00f3xima semana le tocar\u00e1 recibir a Independiente del Valle.<\/p>\n<\/div>\n<p><a href=\"https:\/\/www.liderendeportes.com\/noticias\/futbol\/suramericano\/ucv-no-pudo-ante-rosario-central-en-el-olimpico\/\" class=\" target=\" title=\"UCV no pudo ante Rosario Central en el Ol\u00edmpico\" target=\"_blank\" rel=\"noopener\">Ver fuente<\/a><\/p>\n","protected":false},"excerpt":{"rendered":"<p>La UCV, dirigida por Daniel Sasso, no pudo este martes ante Rosario Central de Argentina en el estadio Ol\u00edmpico al caer 0-3, complicando sus aspiraciones de clasificar a los octavos de final de la Copa Libertadores. A los 15 minutos, UCV aprovech\u00f3 un error en la salida de Rosario Central, pero en el \u00e1rea, Kendry [&hellip;]<\/p>\n","protected":false},"author":2,"featured_media":129002,"comment_status":"open","ping_status":"closed","sticky":false,"template":"","format":"standard","meta":{"footnotes":""},"categories":[7],"tags":[],"class_list":["post-129001","post","type-post","status-publish","format-standard","has-post-thumbnail","hentry","category-deporte"],"_links":{"self":[{"href":"https:\/\/enfoquenoticioso.com\/index.php?rest_route=\/wp\/v2\/posts\/129001","targetHints":{"allow":["GET"]}}],"collection":[{"href":"https:\/\/enfoquenoticioso.com\/index.php?rest_route=\/wp\/v2\/posts"}],"about":[{"href":"https:\/\/enfoquenoticioso.com\/index.php?rest_route=\/wp\/v2\/types\/post"}],"author":[{"embeddable":true,"href":"https:\/\/enfoquenoticioso.com\/index.php?rest_route=\/wp\/v2\/users\/2"}],"replies":[{"embeddable":true,"href":"https:\/\/enfoquenoticioso.com\/index.php?rest_route=%2Fwp%2Fv2%2Fcomments&post=129001"}],"version-history":[{"count":0,"href":"https:\/\/enfoquenoticioso.com\/index.php?rest_route=\/wp\/v2\/posts\/129001\/revisions"}],"wp:featuredmedia":[{"embeddable":true,"href":"https:\/\/enfoquenoticioso.com\/index.php?rest_route=\/wp\/v2\/media\/129002"}],"wp:attachment":[{"href":"https:\/\/enfoquenoticioso.com\/index.php?rest_route=%2Fwp%2Fv2%2Fmedia&parent=129001"}],"wp:term":[{"taxonomy":"category","embeddable":true,"href":"https:\/\/enfoquenoticioso.com\/index.php?rest_route=%2Fwp%2Fv2%2Fcategories&post=129001"},{"taxonomy":"post_tag","embeddable":true,"href":"https:\/\/enfoquenoticioso.com\/index.php?rest_route=%2Fwp%2Fv2%2Ftags&post=129001"}],"curies":[{"name":"wp","href":"https:\/\/api.w.org\/{rel}","templated":true}]}}