{"id":129017,"date":"2026-04-29T09:47:10","date_gmt":"2026-04-29T09:47:10","guid":{"rendered":"https:\/\/enfoquenoticioso.com\/?p=129017"},"modified":"2026-04-29T09:47:10","modified_gmt":"2026-04-29T09:47:10","slug":"rey-carlos-iii-llama-a-la-reconciliacion-con-eeuu-en-un-historico-discurso-en-el-capitolio","status":"publish","type":"post","link":"https:\/\/enfoquenoticioso.com\/?p=129017","title":{"rendered":"Rey Carlos III llama a la reconciliaci\u00f3n con EEUU en un hist\u00f3rico discurso en el Capitolio"},"content":{"rendered":"<div>\n<p>El rey Carlos III del Reino Unido llam\u00f3 este martes a la reconciliaci\u00f3n entre su pa\u00eds y Estados Unidos durante un discurso hist\u00f3rico ante el Congreso, en el marco del 250 aniversario de la independencia estadounidense, en un contexto marcado por tensiones entre el Gobierno laborista de Keir Starmer y la Administraci\u00f3n de Donald Trump.<\/p>\n<p>La intervenci\u00f3n, de menos de media hora, se convirti\u00f3 en uno de los actos centrales de la visita de Estado que el monarca realiza junto a la reina Camila, la primera desde su coronaci\u00f3n. Ante las dos C\u00e1maras y en presencia del vicepresidente JD Vance \u2014pero sin Trump en el hemiciclo\u2014, el soberano brit\u00e1nico abord\u00f3 directamente las fricciones recientes y defendi\u00f3 la vigencia de la alianza bilateral, recogi\u00f3 Efecto Cocuyo.<\/p>\n<blockquote>\n<p>Es una de las asociaciones m\u00e1s trascendentales de la historia humana\u201d, afirm\u00f3, al tiempo que subray\u00f3 que ambos pa\u00edses comparten \u201cuna historia de reconciliaci\u00f3n, renovaci\u00f3n y de una asociaci\u00f3n extraordinaria\u201d. El mensaje busc\u00f3 reforzar los lazos entre Washington y Londres, deteriorados por las cr\u00edticas del mandatario estadounidense hacia Starmer, especialmente por su negativa a implicarse militarmente en la guerra con Ir\u00e1n.<\/p>\n<\/blockquote>\n<p>Carlos III tambi\u00e9n hizo un llamado a la unidad internacional: \u201cRezo con todo mi coraz\u00f3n para que nuestra alianza siga defendiendo nuestros valores compartidos (\u2026) y que ignoremos los llamamientos al aislamiento\u201d. En esa l\u00ednea, defendi\u00f3 el papel de la OTAN y record\u00f3 que la organizaci\u00f3n activ\u00f3 por primera vez el Art\u00edculo 5 tras los atentados del 11 de septiembre de 2001.<\/p>\n<p>El monarca inst\u00f3 adem\u00e1s a mantener el respaldo a Ucrania frente a Rusia, en un momento en el que el conflicto ha perdido protagonismo en la agenda global.<\/p>\n<p>Al inicio de su discurso, conden\u00f3 el reciente intento de asesinato contra Trump ocurrido durante la Cena de Corresponsales de la Casa Blanca. \u201cTales actos de violencia nunca tendr\u00e1n \u00e9xito\u201d, declar\u00f3, al advertir sobre los riesgos para la democracia.<\/p>\n<p>Horas antes, Trump hab\u00eda ofrecido una recepci\u00f3n oficial a los reyes brit\u00e1nicos en la Casa Blanca, con honores militares, salvas de ca\u00f1\u00f3n y sobrevuelos de cazas. En un tono distendido, el presidente calific\u00f3 a los brit\u00e1nicos como los \u201camigos m\u00e1s cercanos\u201d de Estados Unidos y describi\u00f3 a Carlos III como un \u201chombre muy elegante\u201d.<\/p>\n<p>La jornada, que culminar\u00e1 con una cena de gala, estuvo marcada por gestos simb\u00f3licos, incluido el intercambio de regalos. Entre ellos, el monarca entreg\u00f3 una r\u00e9plica de los planos del escritorio del Despacho Oval.<\/p>\n<p>La visita tambi\u00e9n se produce bajo la sombra del caso Jeffrey Epstein, debido a la investigaci\u00f3n que involucra al pr\u00edncipe Andr\u00e9s, hermano del rey, aunque no est\u00e1 previsto que los monarcas se re\u00fanan con v\u00edctimas durante su estancia en el pa\u00eds.<\/p>\n<\/p><\/div>\n<p><a href=\"https:\/\/noticiasaldiayalahora.co\/internacionales\/rey-carlos-iii-llama-a-la-reconciliacion-con-eeuu-en-un-historico-discurso-en-el-capitolio\/\" class=\" target=\" title=\"Rey Carlos III llama a la reconciliaci\u00f3n con EEUU en un hist\u00f3rico discurso en el Capitolio\" target=\"_blank\" rel=\"noopener\">Ver fuente<\/a><\/p>\n","protected":false},"excerpt":{"rendered":"<p>El rey Carlos III del Reino Unido llam\u00f3 este martes a la reconciliaci\u00f3n entre su pa\u00eds y Estados Unidos durante un discurso hist\u00f3rico ante el Congreso, en el marco del 250 aniversario de la independencia estadounidense, en un contexto marcado por tensiones entre el Gobierno laborista de Keir Starmer y la Administraci\u00f3n de Donald Trump. [&hellip;]<\/p>\n","protected":false},"author":2,"featured_media":129018,"comment_status":"open","ping_status":"closed","sticky":false,"template":"","format":"standard","meta":{"footnotes":""},"categories":[6],"tags":[],"class_list":["post-129017","post","type-post","status-publish","format-standard","has-post-thumbnail","hentry","category-internacionales"],"_links":{"self":[{"href":"https:\/\/enfoquenoticioso.com\/index.php?rest_route=\/wp\/v2\/posts\/129017","targetHints":{"allow":["GET"]}}],"collection":[{"href":"https:\/\/enfoquenoticioso.com\/index.php?rest_route=\/wp\/v2\/posts"}],"about":[{"href":"https:\/\/enfoquenoticioso.com\/index.php?rest_route=\/wp\/v2\/types\/post"}],"author":[{"embeddable":true,"href":"https:\/\/enfoquenoticioso.com\/index.php?rest_route=\/wp\/v2\/users\/2"}],"replies":[{"embeddable":true,"href":"https:\/\/enfoquenoticioso.com\/index.php?rest_route=%2Fwp%2Fv2%2Fcomments&post=129017"}],"version-history":[{"count":0,"href":"https:\/\/enfoquenoticioso.com\/index.php?rest_route=\/wp\/v2\/posts\/129017\/revisions"}],"wp:featuredmedia":[{"embeddable":true,"href":"https:\/\/enfoquenoticioso.com\/index.php?rest_route=\/wp\/v2\/media\/129018"}],"wp:attachment":[{"href":"https:\/\/enfoquenoticioso.com\/index.php?rest_route=%2Fwp%2Fv2%2Fmedia&parent=129017"}],"wp:term":[{"taxonomy":"category","embeddable":true,"href":"https:\/\/enfoquenoticioso.com\/index.php?rest_route=%2Fwp%2Fv2%2Fcategories&post=129017"},{"taxonomy":"post_tag","embeddable":true,"href":"https:\/\/enfoquenoticioso.com\/index.php?rest_route=%2Fwp%2Fv2%2Ftags&post=129017"}],"curies":[{"name":"wp","href":"https:\/\/api.w.org\/{rel}","templated":true}]}}